{"id":24516,"date":"2021-12-13T04:55:00","date_gmt":"2021-12-13T03:55:00","guid":{"rendered":"http:\/\/sven-ove.nu\/?p=24516"},"modified":"2021-12-12T21:08:56","modified_gmt":"2021-12-12T20:08:56","slug":"24516","status":"publish","type":"post","link":"https:\/\/sven-ove.nu\/?p=24516","title":{"rendered":"Gudskelov f\u00f6r moln \u00f6ver sydv\u00e4stra Svealand"},"content":{"rendered":"\n<figure class=\"wp-block-image size-full is-resized\"><a href=\"https:\/\/sven-ove.nu\/wp-content\/uploads\/2021\/12\/Hudidecember.jpeg\"><img loading=\"lazy\" decoding=\"async\" src=\"https:\/\/sven-ove.nu\/wp-content\/uploads\/2021\/12\/Hudidecember.jpeg\" alt=\"\" class=\"wp-image-24519\" width=\"344\" height=\"395\" srcset=\"https:\/\/sven-ove.nu\/wp-content\/uploads\/2021\/12\/Hudidecember.jpeg 622w, https:\/\/sven-ove.nu\/wp-content\/uploads\/2021\/12\/Hudidecember-261x300.jpeg 261w\" sizes=\"auto, (max-width: 344px) 100vw, 344px\" \/><\/a><\/figure>\n\n\n\n<blockquote class=\"wp-block-quote is-layout-flow wp-block-quote-is-layout-flow\"><p>S\u00f6ndag, i ansiktet flagnar skinnet.<br>Jo jag vet, det finns folk som tycker att du som kr\u00f6nik\u00f6r ska dra en skarp gr\u00e4ns mellan det personliga och det privata.<br>G\u00f6r det sj\u00e4lv, f\u00e5r du se hur l\u00e4tt det \u00e4r n\u00e4r skinnet brinner.<\/p><\/blockquote>\n\n\n\n<p class=\"wp-block-paragraph\">Det var fina somrar p\u00e5 1960-talet. Jag hann knappt cykla bort till Mosaren och magister H\u00e4verts simkurs, p\u00e5 grund av allt h\u00f6h\u00e4ssjande. Detta \u00e4r allts\u00e5 bokstavligen sant, sj\u00f6n l\u00e5g sju kilometer bort medan h\u00f6g\u00e4rdet l\u00e5g p\u00e5 andra sidan v\u00e4gen.&nbsp;<\/p>\n\n\n\n<p class=\"wp-block-paragraph\">&#8211; Du f\u00e5r stanna hemma i dag och hj\u00e4lpa till och h\u00e4ssja, sa min sn\u00e4lle far som visste vad familjen beh\u00f6vde prioritera. Det valet g\u00e4llde \u00e4ven familjens tolv\u00e5ring.<\/p>\n\n\n\n<p class=\"wp-block-paragraph\">De finns p\u00e5 bild \u00e4n, v\u00e5ra h\u00e4ssjor. G\u00e5r jag in p\u00e5 Lantm\u00e4teriets karta p\u00e5 n\u00e4tet och v\u00e4ljer flygfoto fr\u00e5n 1960 s\u00e5 st\u00e5r de d\u00e4r fortfarande och minns. R\u00e4knar jag noga ser jag tio stycken p\u00e5 g\u00e4rdet bort mot Stormossen.<\/p>\n\n\n\n<p class=\"wp-block-paragraph\">Alla mossar i V\u00e4rmland hette s\u00e5 p\u00e5 den tiden.<\/p>\n\n\n\n<figure class=\"wp-block-image size-full\"><a href=\"https:\/\/sven-ove.nu\/wp-content\/uploads\/2021\/12\/Tio-hassjor.png\"><img loading=\"lazy\" decoding=\"async\" width=\"602\" height=\"481\" src=\"https:\/\/sven-ove.nu\/wp-content\/uploads\/2021\/12\/Tio-hassjor.png\" alt=\"\" class=\"wp-image-24521\" srcset=\"https:\/\/sven-ove.nu\/wp-content\/uploads\/2021\/12\/Tio-hassjor.png 602w, https:\/\/sven-ove.nu\/wp-content\/uploads\/2021\/12\/Tio-hassjor-300x240.png 300w\" sizes=\"auto, (max-width: 602px) 100vw, 602px\" \/><\/a><\/figure>\n\n\n\n<p class=\"wp-block-paragraph\"><strong>Oskyddade dagar<\/strong><br>Fina somrar var det. Att h\u00e4ssja \u00e4r n\u00f6dv\u00e4ndigt, att simma beh\u00f6ver du s\u00e4llan kunna p\u00e5 fastigheten \u00c4ngeb\u00e4ckstorp 1:3. Ingen m\u00e4nniska hade h\u00f6rt talas om \u201dsolskyddsfaktor\u201d. Jag br\u00e4nde upp mig, kort sagt.<\/p>\n\n\n\n<p class=\"wp-block-paragraph\">N\u00e4r h\u00f6sten kom var det r\u00f6da ansiktet n\u00e5gorlunda h\u00e4rdat och f\u00f6tterna var det definitivt. D\u00e5 gick jag glatt barfota i stubb\u00e5kern, vare sig det beh\u00f6vdes eller inte.<\/p>\n\n\n\n<p class=\"wp-block-paragraph\">I december 2021 f\u00e5r jag betala f\u00f6r de d\u00e4r oskyddade dagarna i solskenet under 60-talssomrarna. Det var inte s\u00e5 klokt att g\u00e5 utan solhatt i stekhet sol med detta k\u00e4nsliga skinn. Inte begrep vi det.<\/p>\n\n\n\n<p class=\"wp-block-paragraph\"><strong>Ytliga solskador hos ljushyllta<\/strong><br>Jag \u00e4r p\u00e5 bes\u00f6k p\u00e5 Hudavdelningen p\u00e5 sjukhuset i stan och ska ta bort n\u00e5gra hudutv\u00e4xter i ansiktet, n\u00e4r de g\u00f6r en helkroppskoll av mitt k\u00e4nsliga skinn.&nbsp;<br>&#8211; Har du solat i solarium? fr\u00e5gar doktorn.<br>&#8211; Aldrig.<br>&#8211; Har du solbr\u00e4nt dig s\u00e5 du f\u00e5tt bl\u00e5sor?<br>&#8211; I ansiktet?<br>&#8211; Ja, d\u00e4r.<br>&#8211; Inte sen jag var barn.<\/p>\n\n\n\n<p class=\"wp-block-paragraph\">Sedan ber\u00e4ttar jag inlevelsefullt om barndomens h\u00f6g\u00e4rden, om nya sl\u00e4pr\u00e4fsan till traktorn och om kaggen med svagdricka vi alltid best\u00e4llde d\u00e5. Doktorn lyssnar inte s\u00e5 mycket p\u00e5 det. Han t\u00e4nker mest p\u00e5 val av behandling.&nbsp;Aktiniska keratoser \u00e4r ytliga solskador i hudens yttre lager. Mycket vanliga hos den vuxna, ljushyllta befolkningen i Sverige. Det ser de hela tiden, han och hans kollegor.&nbsp;<\/p>\n\n\n\n<p class=\"wp-block-paragraph\">Obehandlade kan v\u00e5ra solskador utvecklas till skivepitelcancer.<\/p>\n\n\n\n<p class=\"wp-block-paragraph\"><strong>Salvan from hell<\/strong><br>F\u00f6rsta salvan blir jag inte s\u00e4rskilt r\u00f6d av. Framf\u00f6r allt blir inte resultatet tillr\u00e4ckligt bra. D\u00e5 f\u00e5r jag en ny salva n\u00e5gra m\u00e5nader senare.&nbsp;<em>Tolak<\/em>, salvan from hell.&nbsp;<\/p>\n\n\n\n<p class=\"wp-block-paragraph\">L\u00e5t mig inte tr\u00f6tta ut med detaljer, l\u00e5t mig bara konstatera att efter fjorton dagar svider skinnet i ansiktet. Svider, br\u00e4nner, v\u00e4rker, kliar. S\u00e5 sm\u00e5ningom utvecklar jag skorpor som senare flagnar.<\/p>\n\n\n\n<p class=\"wp-block-paragraph\">N\u00e4r det \u00e4r som v\u00e4rst svider det redan av vatten, d\u00e5 jag f\u00f6rs\u00f6ker svalka mig. En natt ligger jag med frysp\u00e5se mot pannan och kinderna. Intressant.<\/p>\n\n\n\n<p class=\"wp-block-paragraph\">Det \u00e4r b\u00e4ttre nu. Fram tr\u00e4dde ett r\u00f6tt skinn sl\u00e4tt som en barnrumpa, just nu flagnar \u00e4ven det. Jag har inte varit utomhus i solsken p\u00e5 flera veckor. Gudskelov f\u00f6r moln \u00f6ver sydv\u00e4stra Svealand. Mulet \u00e4r det nya vackra.<\/p>\n\n\n\n<p class=\"wp-block-paragraph\">Mulet och en vacker solhatt.<br>Eller rullgardiner.<\/p>\n\n\n\n<p class=\"has-dark-gray-color has-text-color wp-block-paragraph\"><em><strong>###<\/strong> H\u00f6h\u00e4ssjorna p\u00e5 den nedre bilden har jag varit med och h\u00e4ssjat. <\/em><br><strong>###<\/strong> <em>H\u00f6gerkinden p\u00e5 den \u00f6vre bilden (selfien) \u00e4r min, fotograferad med mobil f\u00f6r n\u00e5gon vecka sedan.&nbsp;<\/em><\/p>\n\n\n\n<p class=\"has-light-gray-background-color has-background wp-block-paragraph\"><a href=\"https:\/\/sven-ove.nu\/\">Hem<\/a>&nbsp;|&nbsp;<a href=\"https:\/\/sven-ove.nu\/?page_id=170\">Om mig<\/a>&nbsp;|&nbsp;<a href=\"https:\/\/sven-ove.nu\/?page_id=1385\">Skriva &amp; prata<\/a>&nbsp;|&nbsp;<a href=\"https:\/\/sven-ove.nu\/?page_id=100\">Politik<\/a>&nbsp;|&nbsp;<a href=\"https:\/\/sven-ove.nu\/?page_id=102\">L\u00f6pa<\/a>&nbsp;|&nbsp;<a href=\"https:\/\/sven-ove.nu\/?page_id=108\">Viktor Root<\/a>&nbsp;&nbsp;<br><em>Inl\u00e4gg nr 2 196. (c) Sven-Ove Svensson (men dela g\u00e4rna).<\/em><\/p>\n","protected":false},"excerpt":{"rendered":"<p>S\u00f6ndag, i ansiktet flagnar skinnet.Jo jag vet, det finns folk som tycker att du som kr\u00f6nik\u00f6r ska dra en skarp gr\u00e4ns mellan det personliga och det privata.G\u00f6r det sj\u00e4lv, f\u00e5r du se hur l\u00e4tt det \u00e4r n\u00e4r skinnet brinner. Det var fina somrar p\u00e5 1960-talet. Jag hann knappt cykla bort till Mosaren och magister H\u00e4verts &hellip; <a href=\"https:\/\/sven-ove.nu\/?p=24516\" class=\"more-link\">Forts\u00e4tt l\u00e4sa <span class=\"screen-reader-text\">Gudskelov f\u00f6r moln \u00f6ver sydv\u00e4stra Svealand<\/span><\/a><\/p>\n","protected":false},"author":1,"featured_media":0,"comment_status":"closed","ping_status":"open","sticky":false,"template":"","format":"standard","meta":{"_crdt_document":"","_monsterinsights_skip_tracking":false,"_monsterinsights_sitenote_active":false,"_monsterinsights_sitenote_note":"","_monsterinsights_sitenote_category":0,"footnotes":""},"categories":[10,6],"tags":[3,16,8,18,13],"class_list":["post-24516","post","type-post","status-publish","format-standard","hentry","category-familjen","category-natur","tag-arbete","tag-dumheter","tag-historia","tag-lardomar","tag-utrustning"],"_links":{"self":[{"href":"https:\/\/sven-ove.nu\/index.php?rest_route=\/wp\/v2\/posts\/24516","targetHints":{"allow":["GET"]}}],"collection":[{"href":"https:\/\/sven-ove.nu\/index.php?rest_route=\/wp\/v2\/posts"}],"about":[{"href":"https:\/\/sven-ove.nu\/index.php?rest_route=\/wp\/v2\/types\/post"}],"author":[{"embeddable":true,"href":"https:\/\/sven-ove.nu\/index.php?rest_route=\/wp\/v2\/users\/1"}],"replies":[{"embeddable":true,"href":"https:\/\/sven-ove.nu\/index.php?rest_route=%2Fwp%2Fv2%2Fcomments&post=24516"}],"version-history":[{"count":7,"href":"https:\/\/sven-ove.nu\/index.php?rest_route=\/wp\/v2\/posts\/24516\/revisions"}],"predecessor-version":[{"id":24528,"href":"https:\/\/sven-ove.nu\/index.php?rest_route=\/wp\/v2\/posts\/24516\/revisions\/24528"}],"wp:attachment":[{"href":"https:\/\/sven-ove.nu\/index.php?rest_route=%2Fwp%2Fv2%2Fmedia&parent=24516"}],"wp:term":[{"taxonomy":"category","embeddable":true,"href":"https:\/\/sven-ove.nu\/index.php?rest_route=%2Fwp%2Fv2%2Fcategories&post=24516"},{"taxonomy":"post_tag","embeddable":true,"href":"https:\/\/sven-ove.nu\/index.php?rest_route=%2Fwp%2Fv2%2Ftags&post=24516"}],"curies":[{"name":"wp","href":"https:\/\/api.w.org\/{rel}","templated":true}]}}