{"id":2453,"date":"2012-06-13T04:00:05","date_gmt":"2012-06-13T03:00:05","guid":{"rendered":"http:\/\/sven-ove.nu\/?p=2453"},"modified":"2012-06-12T20:49:17","modified_gmt":"2012-06-12T19:49:17","slug":"nar-manniskan-spar-men-tumstocken-rar","status":"publish","type":"post","link":"https:\/\/sven-ove.nu\/?p=2453","title":{"rendered":"N\u00e4r m\u00e4nniskan sp\u00e5r men tumstocken r\u00e5r"},"content":{"rendered":"<p>Ibland \u00e4r det sv\u00e5rt att vara m\u00e4nniska.<\/p>\n<p>R\u00e4tt ofta \u00e4r det sv\u00e5rt att vara regalskepp ocks\u00e5. Nu h\u00f6r jag p\u00e5 min favoritradiokanal att forskarna tror sig ha l\u00f6st fr\u00e5gan om varf\u00f6r regalskeppet Vasa blev s\u00e5 skevt, f\u00f6r det blev hon.<\/p>\n<p style=\"padding-left: 30px;\"><strong>Saken var den att det var svenska timmerm\u00e4n som byggde henne. Men ocks\u00e5 holl\u00e4ndska. Nu tror forskarna att svenskar och holl\u00e4ndare hade olika tumstockar. En holl\u00e4ndsk fot och en svensk fot var inte lika l\u00e5nga.<\/strong><\/p>\n<p>Skit ocks\u00e5, eller vad det nu heter p\u00e5 holl\u00e4ndska. B\u00e5tar f\u00e5r g\u00e4rna vara liksidiga, det vet alla som n\u00e5gon g\u00e5ng g\u00e5tt ombord p\u00e5 ett regalskepp.<\/p>\n<p>Historien p\u00e5minner mig annars om en arbetskamrat som skulle s\u00e4tta upp ett prefabricerat fritidshus l\u00e5ngt borta p\u00e5 skogen. F\u00f6r enkelhets skull gj\u00f6t han plintarna p\u00e5 sommaren och drog dit k\u00e5ken p\u00e5 vintern, f\u00f6r d\u00e5 kanar prefabricerade fritidshus b\u00e4ttre.<\/p>\n<p style=\"padding-left: 30px;\"><strong>Varenda plint stod r\u00e4tt &#8211; men inte d\u00e4r fritidshuset ville. Min kamrats m\u00e5ttband hade r\u00e5kat krympa, sedan han k\u00f6pte det. Tyg g\u00f6r g\u00e4rna det.<\/strong><\/p>\n<p>Ibland \u00e4r det sv\u00e5rt att vara plint.<\/p>\n","protected":false},"excerpt":{"rendered":"<p>Ibland \u00e4r det sv\u00e5rt att vara m\u00e4nniska. R\u00e4tt ofta \u00e4r det sv\u00e5rt att vara regalskepp ocks\u00e5. Nu h\u00f6r jag p\u00e5 min favoritradiokanal att forskarna tror sig ha l\u00f6st fr\u00e5gan om varf\u00f6r regalskeppet Vasa blev s\u00e5 skevt, f\u00f6r det blev hon. Saken var den att det var svenska timmerm\u00e4n som byggde henne. Men ocks\u00e5 holl\u00e4ndska. Nu &hellip; <a href=\"https:\/\/sven-ove.nu\/?p=2453\" class=\"more-link\">Forts\u00e4tt l\u00e4sa <span class=\"screen-reader-text\">N\u00e4r m\u00e4nniskan sp\u00e5r men tumstocken r\u00e5r<\/span><\/a><\/p>\n","protected":false},"author":1,"featured_media":0,"comment_status":"open","ping_status":"open","sticky":false,"template":"","format":"standard","meta":{"_crdt_document":"","_monsterinsights_skip_tracking":false,"_monsterinsights_sitenote_active":false,"_monsterinsights_sitenote_note":"","_monsterinsights_sitenote_category":0,"footnotes":""},"categories":[1],"tags":[3,13],"class_list":["post-2453","post","type-post","status-publish","format-standard","hentry","category-uncategorized","tag-arbete","tag-utrustning"],"_links":{"self":[{"href":"https:\/\/sven-ove.nu\/index.php?rest_route=\/wp\/v2\/posts\/2453","targetHints":{"allow":["GET"]}}],"collection":[{"href":"https:\/\/sven-ove.nu\/index.php?rest_route=\/wp\/v2\/posts"}],"about":[{"href":"https:\/\/sven-ove.nu\/index.php?rest_route=\/wp\/v2\/types\/post"}],"author":[{"embeddable":true,"href":"https:\/\/sven-ove.nu\/index.php?rest_route=\/wp\/v2\/users\/1"}],"replies":[{"embeddable":true,"href":"https:\/\/sven-ove.nu\/index.php?rest_route=%2Fwp%2Fv2%2Fcomments&post=2453"}],"version-history":[{"count":2,"href":"https:\/\/sven-ove.nu\/index.php?rest_route=\/wp\/v2\/posts\/2453\/revisions"}],"predecessor-version":[{"id":2455,"href":"https:\/\/sven-ove.nu\/index.php?rest_route=\/wp\/v2\/posts\/2453\/revisions\/2455"}],"wp:attachment":[{"href":"https:\/\/sven-ove.nu\/index.php?rest_route=%2Fwp%2Fv2%2Fmedia&parent=2453"}],"wp:term":[{"taxonomy":"category","embeddable":true,"href":"https:\/\/sven-ove.nu\/index.php?rest_route=%2Fwp%2Fv2%2Fcategories&post=2453"},{"taxonomy":"post_tag","embeddable":true,"href":"https:\/\/sven-ove.nu\/index.php?rest_route=%2Fwp%2Fv2%2Ftags&post=2453"}],"curies":[{"name":"wp","href":"https:\/\/api.w.org\/{rel}","templated":true}]}}