{"id":24596,"date":"2022-01-12T04:42:00","date_gmt":"2022-01-12T03:42:00","guid":{"rendered":"http:\/\/sven-ove.nu\/?p=24596"},"modified":"2022-01-13T17:03:31","modified_gmt":"2022-01-13T16:03:31","slug":"nar-man-rakar-kolla-efter-svar","status":"publish","type":"post","link":"https:\/\/sven-ove.nu\/?p=24596","title":{"rendered":"N\u00e4r man r\u00e5kar kolla efter svar"},"content":{"rendered":"\n<figure class=\"wp-block-image size-large is-resized\"><a href=\"https:\/\/sven-ove.nu\/wp-content\/uploads\/2022\/01\/Eldgrytan.jpeg\"><img loading=\"lazy\" decoding=\"async\" src=\"https:\/\/sven-ove.nu\/wp-content\/uploads\/2022\/01\/Eldgrytan-1024x1024.jpeg\" alt=\"\" class=\"wp-image-24597\" width=\"562\" height=\"562\" srcset=\"https:\/\/sven-ove.nu\/wp-content\/uploads\/2022\/01\/Eldgrytan-1024x1024.jpeg 1024w, https:\/\/sven-ove.nu\/wp-content\/uploads\/2022\/01\/Eldgrytan-300x300.jpeg 300w, https:\/\/sven-ove.nu\/wp-content\/uploads\/2022\/01\/Eldgrytan-150x150.jpeg 150w, https:\/\/sven-ove.nu\/wp-content\/uploads\/2022\/01\/Eldgrytan-768x768.jpeg 768w, https:\/\/sven-ove.nu\/wp-content\/uploads\/2022\/01\/Eldgrytan-1536x1536.jpeg 1536w, https:\/\/sven-ove.nu\/wp-content\/uploads\/2022\/01\/Eldgrytan.jpeg 1667w\" sizes=\"auto, (max-width: 562px) 100vw, 562px\" \/><\/a><\/figure>\n\n\n\n<blockquote class=\"wp-block-quote is-layout-flow wp-block-quote-is-layout-flow\"><p>Nej, jag tror inte att jag har covid. Dels \u00e4r jag optimist, dels finns det sk\u00e4l. Vi tror vi vet hur f\u00f6rkylningen kom hit. Den kom med covidfria v\u00e4nner.&nbsp;<\/p><\/blockquote>\n\n\n\n<p class=\"wp-block-paragraph\">\u2026 om inte den k\u00e4ra v\u00e4nnen f\u00e5tt det n\u00e4r hon varit nere p\u00e5 byn och handlat f\u00f6rst\u00e5s. Jag sj\u00e4lv har inte satt min fot p\u00e5 Konsum under de dagar n\u00e4r jag skulle ha blivit smittad.<\/p>\n\n\n\n<p class=\"wp-block-paragraph\">Det vet man v\u00e4l hur en f\u00f6rkylning k\u00e4nns. Jag snorar, hostar och framf\u00f6r allt nyser. N\u00f6s jag s\u00e5 h\u00e4r mycket p\u00e5 2010-talet, f\u00f6rra g\u00e5ngen jag var f\u00f6rkyld? Kan det vara m\u00f6jligt?<\/p>\n\n\n\n<p class=\"wp-block-paragraph\">Virusar \u00e4r kraftfullt folk, den saken \u00e4r klar. Dock \u00e4r detta en f\u00f6rkylning.&nbsp;<br>V\u00e4l?<\/p>\n\n\n\n<p class=\"wp-block-paragraph\"><strong>R\u00e5kar l\u00e4sa om symptomen<\/strong><br>Nej, jag \u00e4r inte bekymrad. Det \u00e4r bara min personlighet och nyfikenhet som g\u00f6r att jag klickar fram de vanliga symptomen p\u00e5 covid-19 \u00e4nnu en g\u00e5ng, dessa snoriga dagar. Tro inget annat.<\/p>\n\n\n\n<p class=\"wp-block-paragraph\">Hosta, check. Snuva och t\u00e4ppt n\u00e4sa, check. Ont i halsen och tr\u00f6tt, check. Luktsinnet har jag i alla fall kvar, de stunder n\u00e4r inte n\u00e4san \u00e4r t\u00e4ppt. Ingen feber, ingen muskelv\u00e4rk, inte minsta lilla blyga diarr\u00e9.<\/p>\n\n\n\n<p class=\"wp-block-paragraph\">Testet var i m\u00e5ndags. Region V\u00e4rmland ber\u00e4ttar noga p\u00e5 1177.se att just nu \u00e4r det m\u00e5nga som testar sig s\u00e5 det kan dr\u00f6ja till kv\u00e4llstid, tv\u00e5 dagar efter testet, innan jag f\u00e5r svar.<\/p>\n\n\n\n<p class=\"wp-block-paragraph\">\u00c4r jag inte lite tungandad? K\u00e4nde jag verkligen doften av de stuvade makaronerna f\u00f6rut?<\/p>\n\n\n\n<p class=\"wp-block-paragraph\"><strong>R\u00e5kar kolla efter svar<\/strong><br>Kv\u00e4llen, tv\u00e5 dagar \u2026 \u00e4sch, jag kollar redan nu. Loggar in p\u00e5 1177, inget meddelande \u00e4n. Kollar tisdag morgon, kollar tisdag kv\u00e4ll. De kan ju ha r\u00e5kat ta mitt provr\u00f6r f\u00f6rst fast det l\u00e5g sist, s\u00e5nt h\u00e4nder, det vet man ju.<\/p>\n\n\n\n<p class=\"wp-block-paragraph\">Det har de inte.<br>F\u00f6rresten \u00e4r det bara en f\u00f6rkylning.<br>Jag \u00e4r inte bekymrad.<\/p>\n\n\n\n<p class=\"wp-block-paragraph\">S\u00e4kert bara en f\u00f6rkylning.<br>Det vet man ju.<\/p>\n\n\n\n<figure class=\"wp-block-image size-full is-resized\"><a href=\"https:\/\/sven-ove.nu\/wp-content\/uploads\/2021\/06\/Ljusochmorker.jpeg\"><img loading=\"lazy\" decoding=\"async\" src=\"https:\/\/sven-ove.nu\/wp-content\/uploads\/2021\/06\/Ljusochmorker.jpeg\" alt=\"\" class=\"wp-image-23998\" width=\"196\" height=\"216\" srcset=\"https:\/\/sven-ove.nu\/wp-content\/uploads\/2021\/06\/Ljusochmorker.jpeg 575w, https:\/\/sven-ove.nu\/wp-content\/uploads\/2021\/06\/Ljusochmorker-272x300.jpeg 272w\" sizes=\"auto, (max-width: 196px) 100vw, 196px\" \/><\/a><\/figure>\n\n\n\n<p class=\"wp-block-paragraph\"><\/p>\n\n\n<p><!-- \/wp:post-content --><\/p>\n<p><!-- wp:paragraph {\"fontSize\":\"medium\"} --><\/p>\n<hr \/>\n<p class=\"has-medium-font-size\">### <strong><em>Svaret<\/em><\/strong><br \/><em>Vid lunchtid kom svaret, en v\u00e4lkommen f\u00f6delsedagspresent:<\/em><\/p>\n<p><!-- \/wp:paragraph --><\/p>\n<p><!-- wp:image {\"id\":24614,\"width\":510,\"height\":445,\"sizeSlug\":\"full\",\"linkDestination\":\"media\"} --><\/p>\n<figure class=\"wp-block-image size-full is-resized\"><a href=\"https:\/\/sven-ove.nu\/wp-content\/uploads\/2022\/01\/IMG_1628-1.jpg\"><img loading=\"lazy\" decoding=\"async\" class=\"wp-image-24614\" src=\"https:\/\/sven-ove.nu\/wp-content\/uploads\/2022\/01\/IMG_1628-1.jpg\" alt=\"\" width=\"510\" height=\"445\" srcset=\"https:\/\/sven-ove.nu\/wp-content\/uploads\/2022\/01\/IMG_1628-1.jpg 827w, https:\/\/sven-ove.nu\/wp-content\/uploads\/2022\/01\/IMG_1628-1-300x262.jpg 300w, https:\/\/sven-ove.nu\/wp-content\/uploads\/2022\/01\/IMG_1628-1-768x670.jpg 768w\" sizes=\"auto, (max-width: 510px) 100vw, 510px\" \/><\/a><\/figure>\n<p><!-- \/wp:image --><\/p>\n<p><!-- wp:paragraph {\"backgroundColor\":\"light-gray\"} --><\/p>\n<p class=\"has-light-gray-background-color has-background\"><a href=\"https:\/\/sven-ove.nu\/\">Hem<\/a>\u00a0|\u00a0<a href=\"https:\/\/sven-ove.nu\/?page_id=170\">Om mig<\/a>\u00a0|\u00a0<a href=\"https:\/\/sven-ove.nu\/?page_id=1385\">Skriva &amp; prata<\/a>\u00a0|\u00a0<a href=\"https:\/\/sven-ove.nu\/?page_id=100\">Politik<\/a>\u00a0|\u00a0<a href=\"https:\/\/sven-ove.nu\/?page_id=102\">L\u00f6pa<\/a>\u00a0|\u00a0<a href=\"https:\/\/sven-ove.nu\/?page_id=108\">Viktor Root<\/a>\u00a0\u00a0<br \/><em>Inl\u00e4gg nr 2 203 (c) Sven-Ove Svensson (men dela g\u00e4rna).<\/em><\/p>\n<p><!-- \/wp:paragraph --><\/p>","protected":false},"excerpt":{"rendered":"<p>Nej, jag tror inte att jag har covid. Dels \u00e4r jag optimist, dels finns det sk\u00e4l. Vi tror vi vet hur f\u00f6rkylningen kom hit. Den kom med covidfria v\u00e4nner.&nbsp; \u2026 om inte den k\u00e4ra v\u00e4nnen f\u00e5tt det n\u00e4r hon varit nere p\u00e5 byn och handlat f\u00f6rst\u00e5s. Jag sj\u00e4lv har inte satt min fot p\u00e5 Konsum &hellip; <a href=\"https:\/\/sven-ove.nu\/?p=24596\" class=\"more-link\">Forts\u00e4tt l\u00e4sa <span class=\"screen-reader-text\">N\u00e4r man r\u00e5kar kolla efter svar<\/span><\/a><\/p>\n","protected":false},"author":1,"featured_media":0,"comment_status":"closed","ping_status":"open","sticky":false,"template":"","format":"standard","meta":{"_crdt_document":"","_monsterinsights_skip_tracking":false,"_monsterinsights_sitenote_active":false,"_monsterinsights_sitenote_note":"","_monsterinsights_sitenote_category":0,"footnotes":""},"categories":[10],"tags":[14,13],"class_list":["post-24596","post","type-post","status-publish","format-standard","hentry","category-familjen","tag-lasning","tag-utrustning"],"_links":{"self":[{"href":"https:\/\/sven-ove.nu\/index.php?rest_route=\/wp\/v2\/posts\/24596","targetHints":{"allow":["GET"]}}],"collection":[{"href":"https:\/\/sven-ove.nu\/index.php?rest_route=\/wp\/v2\/posts"}],"about":[{"href":"https:\/\/sven-ove.nu\/index.php?rest_route=\/wp\/v2\/types\/post"}],"author":[{"embeddable":true,"href":"https:\/\/sven-ove.nu\/index.php?rest_route=\/wp\/v2\/users\/1"}],"replies":[{"embeddable":true,"href":"https:\/\/sven-ove.nu\/index.php?rest_route=%2Fwp%2Fv2%2Fcomments&post=24596"}],"version-history":[{"count":11,"href":"https:\/\/sven-ove.nu\/index.php?rest_route=\/wp\/v2\/posts\/24596\/revisions"}],"predecessor-version":[{"id":24622,"href":"https:\/\/sven-ove.nu\/index.php?rest_route=\/wp\/v2\/posts\/24596\/revisions\/24622"}],"wp:attachment":[{"href":"https:\/\/sven-ove.nu\/index.php?rest_route=%2Fwp%2Fv2%2Fmedia&parent=24596"}],"wp:term":[{"taxonomy":"category","embeddable":true,"href":"https:\/\/sven-ove.nu\/index.php?rest_route=%2Fwp%2Fv2%2Fcategories&post=24596"},{"taxonomy":"post_tag","embeddable":true,"href":"https:\/\/sven-ove.nu\/index.php?rest_route=%2Fwp%2Fv2%2Ftags&post=24596"}],"curies":[{"name":"wp","href":"https:\/\/api.w.org\/{rel}","templated":true}]}}