{"id":246,"date":"2011-11-21T21:12:34","date_gmt":"2011-11-21T20:12:34","guid":{"rendered":"http:\/\/sven-ove.nu\/?p=246"},"modified":"2011-11-21T21:12:34","modified_gmt":"2011-11-21T20:12:34","slug":"fikonsprak","status":"publish","type":"post","link":"https:\/\/sven-ove.nu\/?p=246","title":{"rendered":"Fikonspr\u00e5k"},"content":{"rendered":"<p>Det \u00e4r inte bara min nuvarande bransch som h\u00e5ller sig med fikonspr\u00e5k. P\u00e5 s\u00e5gen h\u00f6lls vi med OS, kvinta, tv\u00e5tumfyra och justering, i tidningsv\u00e4rlden l\u00e4mnade vi n\u00e5gra mackor till ett kn\u00e4ck som sedan utgjordes och blev till produkt med hj\u00e4lp av finurligheter som typometer, cicero, sats och korr. Som frilanskr\u00f6nik\u00f6r p\u00e5 tv gjorde jag n\u00e5gon enstaka synk. N\u00e4r jag var SOS-operat\u00f6r fick jag prata ibland om ca-patienter, X, tia-attacker och defibrillatorer. Och i jobbet p\u00e5 R\u00e4ddningsverket fick jag en och annan g\u00e5ng s\u00e4ga \u201dautomatlarm, ej brand\u201d, Rakel, RB 90 och IVPA.<\/p>\n<p>Alla de d\u00e4r orden och uttrycken beh\u00f6vdes. Ibland. Vi sj\u00e4lva beh\u00f6vde dem. Ibland. Men inte s\u00e5 ofta som vi trodde sj\u00e4lva.<\/p>\n<p>Det som inte beh\u00f6vs \u00e4r fikonspr\u00e5k n\u00e4r vi pratar med v\u00e5r omv\u00e4rld. Sj\u00e4lv har jag ofta varit allergisk mot yrkesjargongen \u00e4ven internt. Hur var det han sa, Gunnar Str\u00e4ng? Anv\u00e4nd inte utrikiska ord n\u00e4r det finns en adekvat inhemsk vokabul\u00e4r\u2026<\/p>\n<p>Varf\u00f6r fick vi inte s\u00e4ga falsklarm f\u00f6rresten? Det sa ju alla andra.<\/p>\n","protected":false},"excerpt":{"rendered":"<p>Det \u00e4r inte bara min nuvarande bransch som h\u00e5ller sig med fikonspr\u00e5k. P\u00e5 s\u00e5gen h\u00f6lls vi med OS, kvinta, tv\u00e5tumfyra och justering, i tidningsv\u00e4rlden l\u00e4mnade vi n\u00e5gra mackor till ett kn\u00e4ck som sedan utgjordes och blev till produkt med hj\u00e4lp av finurligheter som typometer, cicero, sats och korr. Som frilanskr\u00f6nik\u00f6r p\u00e5 tv gjorde jag n\u00e5gon &hellip; <a href=\"https:\/\/sven-ove.nu\/?p=246\" class=\"more-link\">Forts\u00e4tt l\u00e4sa <span class=\"screen-reader-text\">Fikonspr\u00e5k<\/span><\/a><\/p>\n","protected":false},"author":1,"featured_media":0,"comment_status":"open","ping_status":"open","sticky":false,"template":"","format":"standard","meta":{"_crdt_document":"","_monsterinsights_skip_tracking":false,"_monsterinsights_sitenote_active":false,"_monsterinsights_sitenote_note":"","_monsterinsights_sitenote_category":0,"footnotes":""},"categories":[4],"tags":[3,21],"class_list":["post-246","post","type-post","status-publish","format-standard","hentry","category-skrivande","tag-arbete","tag-ord"],"_links":{"self":[{"href":"https:\/\/sven-ove.nu\/index.php?rest_route=\/wp\/v2\/posts\/246","targetHints":{"allow":["GET"]}}],"collection":[{"href":"https:\/\/sven-ove.nu\/index.php?rest_route=\/wp\/v2\/posts"}],"about":[{"href":"https:\/\/sven-ove.nu\/index.php?rest_route=\/wp\/v2\/types\/post"}],"author":[{"embeddable":true,"href":"https:\/\/sven-ove.nu\/index.php?rest_route=\/wp\/v2\/users\/1"}],"replies":[{"embeddable":true,"href":"https:\/\/sven-ove.nu\/index.php?rest_route=%2Fwp%2Fv2%2Fcomments&post=246"}],"version-history":[{"count":1,"href":"https:\/\/sven-ove.nu\/index.php?rest_route=\/wp\/v2\/posts\/246\/revisions"}],"predecessor-version":[{"id":247,"href":"https:\/\/sven-ove.nu\/index.php?rest_route=\/wp\/v2\/posts\/246\/revisions\/247"}],"wp:attachment":[{"href":"https:\/\/sven-ove.nu\/index.php?rest_route=%2Fwp%2Fv2%2Fmedia&parent=246"}],"wp:term":[{"taxonomy":"category","embeddable":true,"href":"https:\/\/sven-ove.nu\/index.php?rest_route=%2Fwp%2Fv2%2Fcategories&post=246"},{"taxonomy":"post_tag","embeddable":true,"href":"https:\/\/sven-ove.nu\/index.php?rest_route=%2Fwp%2Fv2%2Ftags&post=246"}],"curies":[{"name":"wp","href":"https:\/\/api.w.org\/{rel}","templated":true}]}}