{"id":24624,"date":"2022-01-20T04:42:00","date_gmt":"2022-01-20T03:42:00","guid":{"rendered":"http:\/\/sven-ove.nu\/?p=24624"},"modified":"2022-01-19T11:47:11","modified_gmt":"2022-01-19T10:47:11","slug":"en-tidtabell-och-ett-snodjup","status":"publish","type":"post","link":"https:\/\/sven-ove.nu\/?p=24624","title":{"rendered":"En tidtabell och ett sn\u00f6djup"},"content":{"rendered":"\n<figure class=\"wp-block-image size-full\"><a href=\"https:\/\/sven-ove.nu\/wp-content\/uploads\/2022\/01\/Stensattning.jpg\"><img loading=\"lazy\" decoding=\"async\" width=\"805\" height=\"523\" src=\"https:\/\/sven-ove.nu\/wp-content\/uploads\/2022\/01\/Stensattning.jpg\" alt=\"\" class=\"wp-image-24625\" srcset=\"https:\/\/sven-ove.nu\/wp-content\/uploads\/2022\/01\/Stensattning.jpg 805w, https:\/\/sven-ove.nu\/wp-content\/uploads\/2022\/01\/Stensattning-300x195.jpg 300w, https:\/\/sven-ove.nu\/wp-content\/uploads\/2022\/01\/Stensattning-768x499.jpg 768w\" sizes=\"auto, (max-width: 805px) 100vw, 805px\" \/><\/a><\/figure>\n\n\n\n<blockquote class=\"wp-block-quote is-layout-flow wp-block-quote-is-layout-flow\"><p>Det \u00e4r mycket tyckande om kommunikat\u00f6rsyrket nu.<\/p><p>T\u00e4nk att det kan v\u00e4cka s\u00e5 stort intresse fr\u00e5n kommentariatet att du har som jobb att publicera tidtabeller p\u00e5 regionala trafikbolagets webbplats. <\/p><\/blockquote>\n\n\n\n<p class=\"wp-block-paragraph\">Eller bibliotekets \u00f6ppettider p\u00e5 kommunens facebooksida. Eller att markera stens\u00e4ttningar p\u00e5 Forns\u00f6ks karta. Eller vandringsleder p\u00e5 lantm\u00e4teriets karta. Eller nya ord p\u00e5 Svenska Akademiens s\u00f6ksida. Eller \u00f6ppettider f\u00f6r covidtester. Eller nya r\u00e4tta Lottoraden. Eller kartan \u00f6ver Svenska rallyts specialstr\u00e4ckor. Eller nya biljettpriserna i t\u00e4tortstrafiken. Eller telefonnumret till v\u00e5rdcentralen. Eller nya pandemirestriktionerna p\u00e5 Krisinformation. Eller tv-programmet. Eller nya gamla b\u00f6cker i fulltext p\u00e5 Litteraturbanken. Eller fakta om sotning hos MSB. Eller nya lagar fr\u00e5n \u00e5rsskiftet. Eller kartan \u00f6ver parkeringsplatser i stan. Eller lokala ordningsstadgan. Eller datumen f\u00f6r kommunfullm\u00e4ktiges m\u00f6ten \u00e5r 2022. Eller barn- och utbildningsn\u00e4mndens m\u00f6ten. Eller tips p\u00e5 aktiviteter p\u00e5 sportlovet. Eller simhallens \u00f6ppettider. Eller statistik \u00f6ver antalet covidsmittade vecka 2. Eller vecka 3. Eller reglerna om vinterd\u00e4ck. Eller telefonnumret till landsh\u00f6vdingen. Eller e-posten till hans chefssekreterare. Eller linjekartan f\u00f6r linje 600. Eller 602. Eller 601. Eller Munkfors kommuns organisation. Eller namnen p\u00e5 politikerna i Forshagas kommunstyrelse. Eller listan \u00f6ver elljussp\u00e5r i Sunne kommun. Eller datumen f\u00f6r soph\u00e4mtning f\u00f6r den som har fritidshusabonnemang i Kil. Eller listan \u00f6ver Trafikverkets webbkameror f\u00f6r v\u00e4glaget i Mellansverige. Eller svaret p\u00e5 fr\u00e5gan om hur m\u00e5nga i Sverige som heter Karin. Eller Lars. Eller priset p\u00e5 Jan Guillous nya bok. Eller listan \u00f6ver dagens post till L\u00e4nsstyrelsen. Eller adressen till Folkets hus p\u00e5 Hammar\u00f6. Eller till kungen, Zlatan och Sportspegeln. Eller sn\u00f6djupet i Karlstad 1951. Eller nu.\u00a0<\/p>\n\n\n\n<p class=\"wp-block-paragraph\">T\u00e4nk att detta \u00e4r s\u00e5 intressant.<br>En tidtabell och ett sn\u00f6djup.<\/p>\n\n\n\n<p class=\"wp-block-paragraph\"><em>### Det var f\u00f6rresten 81 centimeter i stan 1951.<\/em><br><em>### Som mest.<\/em><\/p>\n\n\n\n<p class=\"has-background wp-block-paragraph\" style=\"background-color:#d1f1c6\"><a href=\"https:\/\/sven-ove.nu\/\">Hem<\/a>&nbsp;|&nbsp;<a href=\"https:\/\/sven-ove.nu\/?page_id=170\">Om mig<\/a>&nbsp;|&nbsp;<a href=\"https:\/\/sven-ove.nu\/?page_id=1385\">Skriva &amp; prata<\/a>&nbsp;|&nbsp;<a href=\"https:\/\/sven-ove.nu\/?page_id=100\">Politik<\/a>&nbsp;|&nbsp;<a href=\"https:\/\/sven-ove.nu\/?page_id=102\">L\u00f6pa<\/a>&nbsp;|&nbsp;<a href=\"https:\/\/sven-ove.nu\/?page_id=108\">Viktor Root<\/a>&nbsp;&nbsp;<br><em>Inl\u00e4gg nr 2 205. (c) Sven-Ove Svensson (men dela g\u00e4rna).<\/em><\/p>\n","protected":false},"excerpt":{"rendered":"<p>Det \u00e4r mycket tyckande om kommunikat\u00f6rsyrket nu. T\u00e4nk att det kan v\u00e4cka s\u00e5 stort intresse fr\u00e5n kommentariatet att du har som jobb att publicera tidtabeller p\u00e5 regionala trafikbolagets webbplats. Eller bibliotekets \u00f6ppettider p\u00e5 kommunens facebooksida. Eller att markera stens\u00e4ttningar p\u00e5 Forns\u00f6ks karta. Eller vandringsleder p\u00e5 lantm\u00e4teriets karta. Eller nya ord p\u00e5 Svenska Akademiens s\u00f6ksida. Eller &hellip; <a href=\"https:\/\/sven-ove.nu\/?p=24624\" class=\"more-link\">Forts\u00e4tt l\u00e4sa <span class=\"screen-reader-text\">En tidtabell och ett sn\u00f6djup<\/span><\/a><\/p>\n","protected":false},"author":1,"featured_media":0,"comment_status":"closed","ping_status":"open","sticky":false,"template":"","format":"standard","meta":{"_crdt_document":"","_monsterinsights_skip_tracking":false,"_monsterinsights_sitenote_active":false,"_monsterinsights_sitenote_note":"","_monsterinsights_sitenote_category":0,"footnotes":""},"categories":[28,9,4],"tags":[3,16,14,15],"class_list":["post-24624","post","type-post","status-publish","format-standard","hentry","category-kreativt-folk","category-politik","category-skrivande","tag-arbete","tag-dumheter","tag-lasning","tag-mediedjungeln"],"_links":{"self":[{"href":"https:\/\/sven-ove.nu\/index.php?rest_route=\/wp\/v2\/posts\/24624","targetHints":{"allow":["GET"]}}],"collection":[{"href":"https:\/\/sven-ove.nu\/index.php?rest_route=\/wp\/v2\/posts"}],"about":[{"href":"https:\/\/sven-ove.nu\/index.php?rest_route=\/wp\/v2\/types\/post"}],"author":[{"embeddable":true,"href":"https:\/\/sven-ove.nu\/index.php?rest_route=\/wp\/v2\/users\/1"}],"replies":[{"embeddable":true,"href":"https:\/\/sven-ove.nu\/index.php?rest_route=%2Fwp%2Fv2%2Fcomments&post=24624"}],"version-history":[{"count":2,"href":"https:\/\/sven-ove.nu\/index.php?rest_route=\/wp\/v2\/posts\/24624\/revisions"}],"predecessor-version":[{"id":24628,"href":"https:\/\/sven-ove.nu\/index.php?rest_route=\/wp\/v2\/posts\/24624\/revisions\/24628"}],"wp:attachment":[{"href":"https:\/\/sven-ove.nu\/index.php?rest_route=%2Fwp%2Fv2%2Fmedia&parent=24624"}],"wp:term":[{"taxonomy":"category","embeddable":true,"href":"https:\/\/sven-ove.nu\/index.php?rest_route=%2Fwp%2Fv2%2Fcategories&post=24624"},{"taxonomy":"post_tag","embeddable":true,"href":"https:\/\/sven-ove.nu\/index.php?rest_route=%2Fwp%2Fv2%2Ftags&post=24624"}],"curies":[{"name":"wp","href":"https:\/\/api.w.org\/{rel}","templated":true}]}}