{"id":24629,"date":"2022-01-27T04:57:00","date_gmt":"2022-01-27T03:57:00","guid":{"rendered":"http:\/\/sven-ove.nu\/?p=24629"},"modified":"2022-01-27T08:22:25","modified_gmt":"2022-01-27T07:22:25","slug":"plockar-vidare-fran-den-kara-listan","status":"publish","type":"post","link":"https:\/\/sven-ove.nu\/?p=24629","title":{"rendered":"Plockar vidare fr\u00e5n den k\u00e4ra listan"},"content":{"rendered":"\n<figure class=\"wp-block-image size-full\"><a href=\"https:\/\/sven-ove.nu\/wp-content\/uploads\/2022\/01\/En-annan.jpeg\"><img loading=\"lazy\" decoding=\"async\" width=\"492\" height=\"480\" src=\"https:\/\/sven-ove.nu\/wp-content\/uploads\/2022\/01\/En-annan.jpeg\" alt=\"\" class=\"wp-image-24630\" srcset=\"https:\/\/sven-ove.nu\/wp-content\/uploads\/2022\/01\/En-annan.jpeg 492w, https:\/\/sven-ove.nu\/wp-content\/uploads\/2022\/01\/En-annan-300x293.jpeg 300w\" sizes=\"auto, (max-width: 492px) 100vw, 492px\" \/><\/a><\/figure>\n\n\n\n<blockquote class=\"wp-block-quote is-layout-flow wp-block-quote-is-layout-flow\"><p>Det \u00e4r s\u00e4song f\u00f6r l\u00e4sning.<br>Det \u00e4r det alltid.<br>Nu f\u00f6r tiden beh\u00f6ver vi inte upp i ottan p\u00e5 mornarna heller.&nbsp;<\/p><\/blockquote>\n\n\n\n<p class=\"wp-block-paragraph\">Jag forts\u00e4tter att plocka b\u00f6cker fr\u00e5n listan med alla l\u00e4stips jag fick p\u00e5 mitt 70-\u00e5rskalas. N\u00e5gra hade vi redan sj\u00e4lva i hyllorna, andra fann jag p\u00e5 n\u00e4tet eller biblioteken. Sedan ligger jag p\u00e5 n\u00e4tterna och l\u00e4ser. Bl\u00e4ddrar fysiskt ibland, digitalt ibland.&nbsp;<\/p>\n\n\n\n<p class=\"wp-block-paragraph\">N\u00e5gon enstaka g\u00e5ng lyssnar jag p\u00e5 ljudbok. Det blir bara n\u00e5gon enstaka, eftersom jag h\u00f6r b\u00e4ttre med \u00f6gonen \u00e4n jag ser med \u00f6ronen.<\/p>\n\n\n\n<p class=\"wp-block-paragraph\">Trivs.<\/p>\n\n\n\n<p class=\"wp-block-paragraph\"><strong>Fortfarande en favorit<\/strong><br>Favoriten \u00e4n s\u00e5 l\u00e4nge \u00e4r \u00c5sa Linds <strong><em>Sandvargen<\/em><\/strong>. Den hade jag inte l\u00e4st f\u00f6rut.<br>F\u00f6runderligast \u00e4r Carl-Johan Vallgrens <strong><em>Den vidunderliga k\u00e4rlekens historia<\/em><\/strong>.<br>\u00c4rligast \u00e4r Stina Wollters <strong><em>Kring denna kropp<\/em><\/strong><em> <\/em>och Kristian Gidlunds<strong> <\/strong><em><strong>I kroppen min<\/strong>.<\/em><br>B\u00e4st tecknad \u00e4r Jan L\u00f6\u00f6fs <strong><em>Sagan om det r\u00f6da \u00e4pplet<\/em><\/strong>. Hans bok hade jag l\u00e4st m\u00e5nga g\u00e5nger f\u00f6rut och den h\u00e5ller \u00e4n.<\/p>\n\n\n\n<p class=\"wp-block-paragraph\">\u00c4n \u00e4r jag inte klar med alla. <strong><em>Bibeln<\/em><\/strong> tar tid. Det vet jag andra titlar p\u00e5 listan som ocks\u00e5 kommer att g\u00f6ra.<\/p>\n\n\n\n<p class=\"wp-block-paragraph\">Tid \u00e4r fint.<br>Precis som sprattel:<\/p>\n\n\n\n<figure class=\"wp-block-image size-full is-resized\"><a href=\"https:\/\/sven-ove.nu\/wp-content\/uploads\/2022\/01\/ben-som-pratade-men-det-var-det-ju-inte.-Det.png\"><img loading=\"lazy\" decoding=\"async\" src=\"https:\/\/sven-ove.nu\/wp-content\/uploads\/2022\/01\/ben-som-pratade-men-det-var-det-ju-inte.-Det.png\" alt=\"\" class=\"wp-image-24632\" width=\"601\" height=\"450\" srcset=\"https:\/\/sven-ove.nu\/wp-content\/uploads\/2022\/01\/ben-som-pratade-men-det-var-det-ju-inte.-Det.png 960w, https:\/\/sven-ove.nu\/wp-content\/uploads\/2022\/01\/ben-som-pratade-men-det-var-det-ju-inte.-Det-300x225.png 300w, https:\/\/sven-ove.nu\/wp-content\/uploads\/2022\/01\/ben-som-pratade-men-det-var-det-ju-inte.-Det-768x576.png 768w\" sizes=\"auto, (max-width: 601px) 100vw, 601px\" \/><\/a><\/figure>\n\n\n\n<p class=\"wp-block-paragraph\"><strong>L\u00e4nk till min boklista<\/strong><br><a href=\"https:\/\/sven-ove.nu\/?p=24282\">B\u00f6ckerna som unga och gamla v\u00e4nner tyckte jag borde l\u00e4sa<\/a><\/p>\n\n\n\n<p class=\"wp-block-paragraph\">#<em>## Knepet med Bibeln \u00e4r att l\u00e4sa fem sidor om dagen. <br>### Jag l\u00e4ser den som ett stycke litteratur, inget annat.<br>### Jag hoppas s\u00e5 att pandemin \u00e4r \u00f6ver n\u00e4r jag \u00e4r framme vid kartorna.<\/em><\/p>\n\n\n\n<p class=\"has-background wp-block-paragraph\" style=\"background-color:#b6e5f0\"><a href=\"https:\/\/sven-ove.nu\/\">Hem<\/a>&nbsp;|&nbsp;<a href=\"https:\/\/sven-ove.nu\/?page_id=170\">Om mig<\/a>&nbsp;|&nbsp;<a href=\"https:\/\/sven-ove.nu\/?page_id=1385\">Skriva &amp; prata<\/a>&nbsp;|&nbsp;<a href=\"https:\/\/sven-ove.nu\/?page_id=100\">Politik<\/a>&nbsp;|&nbsp;<a href=\"https:\/\/sven-ove.nu\/?page_id=102\">L\u00f6pa<\/a>&nbsp;|&nbsp;<a href=\"https:\/\/sven-ove.nu\/?page_id=108\">Viktor Root<\/a>&nbsp;&nbsp;<br><em>Inl\u00e4gg nr 2 206. (c) Sven-Ove Svensson (men dela g\u00e4rna).<\/em><\/p>\n","protected":false},"excerpt":{"rendered":"<p>Det \u00e4r s\u00e4song f\u00f6r l\u00e4sning.Det \u00e4r det alltid.Nu f\u00f6r tiden beh\u00f6ver vi inte upp i ottan p\u00e5 mornarna heller.&nbsp; Jag forts\u00e4tter att plocka b\u00f6cker fr\u00e5n listan med alla l\u00e4stips jag fick p\u00e5 mitt 70-\u00e5rskalas. N\u00e5gra hade vi redan sj\u00e4lva i hyllorna, andra fann jag p\u00e5 n\u00e4tet eller biblioteken. Sedan ligger jag p\u00e5 n\u00e4tterna och l\u00e4ser. &hellip; <a href=\"https:\/\/sven-ove.nu\/?p=24629\" class=\"more-link\">Forts\u00e4tt l\u00e4sa <span class=\"screen-reader-text\">Plockar vidare fr\u00e5n den k\u00e4ra listan<\/span><\/a><\/p>\n","protected":false},"author":1,"featured_media":0,"comment_status":"closed","ping_status":"open","sticky":false,"template":"","format":"standard","meta":{"_crdt_document":"","_monsterinsights_skip_tracking":false,"_monsterinsights_sitenote_active":false,"_monsterinsights_sitenote_note":"","_monsterinsights_sitenote_category":0,"footnotes":""},"categories":[28],"tags":[24,14,21],"class_list":["post-24629","post","type-post","status-publish","format-standard","hentry","category-kreativt-folk","tag-karlek","tag-lasning","tag-ord"],"_links":{"self":[{"href":"https:\/\/sven-ove.nu\/index.php?rest_route=\/wp\/v2\/posts\/24629","targetHints":{"allow":["GET"]}}],"collection":[{"href":"https:\/\/sven-ove.nu\/index.php?rest_route=\/wp\/v2\/posts"}],"about":[{"href":"https:\/\/sven-ove.nu\/index.php?rest_route=\/wp\/v2\/types\/post"}],"author":[{"embeddable":true,"href":"https:\/\/sven-ove.nu\/index.php?rest_route=\/wp\/v2\/users\/1"}],"replies":[{"embeddable":true,"href":"https:\/\/sven-ove.nu\/index.php?rest_route=%2Fwp%2Fv2%2Fcomments&post=24629"}],"version-history":[{"count":8,"href":"https:\/\/sven-ove.nu\/index.php?rest_route=\/wp\/v2\/posts\/24629\/revisions"}],"predecessor-version":[{"id":24643,"href":"https:\/\/sven-ove.nu\/index.php?rest_route=\/wp\/v2\/posts\/24629\/revisions\/24643"}],"wp:attachment":[{"href":"https:\/\/sven-ove.nu\/index.php?rest_route=%2Fwp%2Fv2%2Fmedia&parent=24629"}],"wp:term":[{"taxonomy":"category","embeddable":true,"href":"https:\/\/sven-ove.nu\/index.php?rest_route=%2Fwp%2Fv2%2Fcategories&post=24629"},{"taxonomy":"post_tag","embeddable":true,"href":"https:\/\/sven-ove.nu\/index.php?rest_route=%2Fwp%2Fv2%2Ftags&post=24629"}],"curies":[{"name":"wp","href":"https:\/\/api.w.org\/{rel}","templated":true}]}}