{"id":24657,"date":"2022-02-01T04:25:00","date_gmt":"2022-02-01T03:25:00","guid":{"rendered":"http:\/\/sven-ove.nu\/?p=24657"},"modified":"2022-01-30T13:37:02","modified_gmt":"2022-01-30T12:37:02","slug":"24657","status":"publish","type":"post","link":"https:\/\/sven-ove.nu\/?p=24657","title":{"rendered":"Mina samlade dagliga tankar i januari"},"content":{"rendered":"\n<figure class=\"wp-block-image size-large\"><a href=\"https:\/\/sven-ove.nu\/wp-content\/uploads\/2022\/01\/Rodhimmel.jpg\"><img loading=\"lazy\" decoding=\"async\" width=\"1024\" height=\"689\" src=\"https:\/\/sven-ove.nu\/wp-content\/uploads\/2022\/01\/Rodhimmel-1024x689.jpg\" alt=\"\" class=\"wp-image-24660\" srcset=\"https:\/\/sven-ove.nu\/wp-content\/uploads\/2022\/01\/Rodhimmel-1024x689.jpg 1024w, https:\/\/sven-ove.nu\/wp-content\/uploads\/2022\/01\/Rodhimmel-300x202.jpg 300w, https:\/\/sven-ove.nu\/wp-content\/uploads\/2022\/01\/Rodhimmel-768x517.jpg 768w, https:\/\/sven-ove.nu\/wp-content\/uploads\/2022\/01\/Rodhimmel-1536x1033.jpg 1536w, https:\/\/sven-ove.nu\/wp-content\/uploads\/2022\/01\/Rodhimmel-2048x1378.jpg 2048w\" sizes=\"auto, (max-width: 1024px) 100vw, 1024px\" \/><\/a><\/figure>\n\n\n\n<blockquote class=\"wp-block-quote is-layout-flow wp-block-quote-is-layout-flow\"><p>H\u00e4r \u00e4r de samlade. Mina egna dagliga tankar p\u00e5 Facebook under januari 2022. Fr\u00e5n kondition till klassamh\u00e4lle, klimat, krampauser och kvinnopensioner.<\/p><\/blockquote>\n\n\n\n<p class=\"wp-block-paragraph\"><em>Thinkstreak: 1.<\/em><\/p>\n\n\n\n<p class=\"wp-block-paragraph\"><em>Thinkstreak 2:<\/em><br><em>Dessa \u00e5r n\u00e4r negativt \u00e4r positivt och distans \u00e4r k\u00e4rlek.<\/em><\/p>\n\n\n\n<p class=\"wp-block-paragraph\"><em>Tankedag 3:<\/em><br><em>Kondition \u00e4r f\u00f6tter som vill i v\u00e4g och lungor som h\u00e5ller med. &nbsp;<\/em><\/p>\n\n\n\n<p class=\"wp-block-paragraph\"><em>Tankedag 4:<\/em><br><em>En bra text \u00e4r tid som suckar och ler.<\/em><\/p>\n\n\n\n<p class=\"wp-block-paragraph\"><em>Tankedag 5:&nbsp;<\/em><br><em>L\u00e4ser bok fr\u00e5n 1943, l\u00e4r mig nytt ord. <\/em><br><em>Kryckest\u00e5t.<\/em><\/p>\n\n\n\n<p class=\"wp-block-paragraph\"><em>Tankedag 6:<\/em><br><em>\u201dD\u00e4\u2019 inte borte, d\u00e4 som rinner ur n\u00e4sa ner i mun.\u201d<\/em><\/p>\n\n\n\n<p class=\"wp-block-paragraph\"><em>Tankedag 7:<\/em><br><em>Klassamh\u00e4lle \u00e4r statistik som b\u00f6rjar tr\u00f6ttna.<\/em><\/p>\n\n\n\n<p class=\"wp-block-paragraph\"><em>Tankedag 8:<\/em><br><em>Bra radio \u00e4r bilder som har s\u00e5 br\u00e5ttom att de bara syns inuti.<\/em><\/p>\n\n\n\n<p class=\"wp-block-paragraph\"><em>Tankedag 9:<\/em><br><em>Tiden och skrattet \u00e4r goda systrar.<\/em><br><em>Tajming deras mellannamn.<\/em><\/p>\n\n\n\n<p class=\"wp-block-paragraph\"><em>Tankedag 10:<\/em><br><em>Pessimism \u00e4r f\u00f6r veklingar.<\/em><\/p>\n\n\n\n<p class=\"wp-block-paragraph\"><em>Tankedag 11:<\/em><br><em>Cynism \u00e4r pos\u00f6rens l\u00e5ngsamma sj\u00e4lvmord p\u00e5 fantasin.<\/em><\/p>\n\n\n\n<p class=\"wp-block-paragraph\"><em>Tankedag 12:<\/em><br><em>Bara den modige tror p\u00e5 morgondagen.<\/em><\/p>\n\n\n\n<p class=\"wp-block-paragraph\"><em>Tankedag 13:<\/em><br><em>Fantasi \u00e4r den snabbaste v\u00e4gen mellan tv\u00e5 punkter.<\/em><\/p>\n\n\n\n<p class=\"wp-block-paragraph\"><em>Tankedag 14:<\/em><br><em>T\u00e4nk att ocks\u00e5 armb\u00e5gen och krampausen kunde vara k\u00e4rlek.<\/em><\/p>\n\n\n\n<p class=\"wp-block-paragraph\"><em>Tankedag 15:<\/em><br><em>Man f\u00e5r inte ge tappt.<\/em><\/p>\n\n\n\n<p class=\"wp-block-paragraph\"><em>Tankedag 16:<\/em><br><em>\u201dFattig var far min men inte \u00e5t han m\u00f6ss.\u201d<\/em><\/p>\n\n\n\n<p class=\"wp-block-paragraph\"><em>Thinkstreak 17:<\/em><br><em>Kulturen m\u00e5ste f\u00e5 stryka moth\u00e5rs ibland. <\/em><br><em>Du ska inte spinna hela tiden.<\/em><\/p>\n\n\n\n<p class=\"wp-block-paragraph\"><em>Tankedag 18:<\/em><br><em>N\u00e4r kulturen snor v\u00e4rvning \u00e4r kriget n\u00e4ra. <\/em><br><em>G\u00e5 inte \u00e4renden.<\/em><\/p>\n\n\n\n<p class=\"wp-block-paragraph\"><em>Tankedag 19:<\/em><br><em>Statistik \u00e4r tid som n\u00e5gon tagit.<\/em><\/p>\n\n\n\n<p class=\"wp-block-paragraph\"><em>Tankedag 20:<\/em><br><em>Rikedom \u00e4r andras muskler som gr\u00e5ter.<\/em><\/p>\n\n\n\n<p class=\"wp-block-paragraph\"><em>Tankedag 21:<\/em><br><em>Det \u00e4r skamligt att kvinnor har s\u00e5 l\u00e5g pension efter ett arbetsliv.<\/em><\/p>\n\n\n\n<p class=\"wp-block-paragraph\"><em>Dagens tanke, 22:<\/em><br><em>Ett bra s\u00e4tt att komma \u00f6verens p\u00e5&nbsp;<\/em><br><em>\u00e4r att prata med varandra.<\/em><\/p>\n\n\n\n<p class=\"wp-block-paragraph\"><em>Tankedag 23:<\/em><br><em>Jag tycker om m\u00e4nniskor. <\/em><br><em>M\u00e5nga av mina b\u00e4sta v\u00e4nner har varit just m\u00e4nniskor.<\/em><\/p>\n\n\n\n<p class=\"wp-block-paragraph\"><em>Dagens tanke, 24:<\/em><br><em>Hatets storebror \u00e4r f\u00f6rdomen. <\/em><br><em>Sladdbarnet heter V\u00e5ld.<\/em><\/p>\n\n\n\n<p class=\"wp-block-paragraph\"><em>Tankedag 25:<\/em><br><em>SD kan inte svara p\u00e5 hur m\u00e5nga av deras riksdagsm\u00e4n som \u00e4r r\u00e4tt vaccinerade.<\/em><\/p>\n\n\n\n<p class=\"wp-block-paragraph\"><em>Tankedag 26:<\/em><br><em>N\u00e4r inte Liberalerna hette Liberalerna var de det.<\/em><\/p>\n\n\n\n<p class=\"wp-block-paragraph\"><em>Tankedag 27:<\/em><br><em>Vad v\u00e4ger en dr\u00f6m?<\/em><\/p>\n\n\n\n<p class=\"wp-block-paragraph\"><em>Min tanke, 28:<\/em><br><em>Varf\u00f6r saknar artiklar om humor s\u00e5 ofta distans till sig sj\u00e4lv?<\/em><\/p>\n\n\n\n<p class=\"wp-block-paragraph\"><em>Tankedag 29:<\/em><br><em>V\u00e4der \u00e4r klimat som har br\u00e5ttom.<\/em><\/p>\n\n\n\n<p class=\"wp-block-paragraph\"><em>Tankedag 30:<\/em><br><em>Ett jordklot har alltid ett klimat.<\/em><br><em>V\u00e4lj vilket.<\/em><\/p>\n\n\n\n<p class=\"wp-block-paragraph\"><em>Thinkstreak 31:<\/em><br><em>T\u00e4nk sj\u00e4lv. Gl\u00f6m inte dr\u00f6mma. <\/em><br><em>Tanken kommer ur materia men kan v\u00e4nda en v\u00e4rld.<\/em><\/p>\n\n\n\n<p class=\"wp-block-paragraph\"><strong>Mest n\u00f6jd 3 januari<\/strong><br>Det var en egen fundering om dagen (plus tv\u00e5 l\u00e5nade v\u00e4rml\u00e4ndska ordspr\u00e5k, de med citattecken runt). Nu avslutar jag den lekfulla \u00f6vningen.&nbsp;<\/p>\n\n\n\n<p class=\"wp-block-paragraph\">Mest n\u00f6jd \u00e4r jag med tanken jag t\u00e4nkte ut till den 3 januari. Minst n\u00f6jd \u00e4r jag med namnet Thinkstreak. Det kom sig av att m\u00e5nga l\u00f6parv\u00e4nner sprang varje dag,&nbsp;<a href=\"https:\/\/runstreaksverige.se\/\">Runstreak<\/a>.<\/p>\n\n\n\n<p class=\"wp-block-paragraph\">Gl\u00f6m inte dr\u00f6mma.<\/p>\n\n\n\n<p class=\"has-background wp-block-paragraph\" style=\"background-color:#f89b08\"><strong><a href=\"https:\/\/sven-ove.nu\/\">Hem<\/a>&nbsp;|&nbsp;<a href=\"https:\/\/sven-ove.nu\/?page_id=170\">Om mig<\/a>&nbsp;|&nbsp;<a href=\"https:\/\/sven-ove.nu\/?page_id=1385\">Skriva &amp; prata<\/a>&nbsp;|&nbsp;<a href=\"https:\/\/sven-ove.nu\/?page_id=100\">Politik<\/a>&nbsp;|&nbsp;<a href=\"https:\/\/sven-ove.nu\/?page_id=102\">L\u00f6pa<\/a>&nbsp;|&nbsp;<a href=\"https:\/\/sven-ove.nu\/?page_id=108\">Viktor Root<\/a>&nbsp;&nbsp;<br><\/strong><em>Inl\u00e4gg nr 2 208. (c) Sven-Ove Svensson (men dela g\u00e4rna).<\/em><\/p>\n","protected":false},"excerpt":{"rendered":"<p>H\u00e4r \u00e4r de samlade. Mina egna dagliga tankar p\u00e5 Facebook under januari 2022. Fr\u00e5n kondition till klassamh\u00e4lle, klimat, krampauser och kvinnopensioner. Thinkstreak: 1. Thinkstreak 2:Dessa \u00e5r n\u00e4r negativt \u00e4r positivt och distans \u00e4r k\u00e4rlek. Tankedag 3:Kondition \u00e4r f\u00f6tter som vill i v\u00e4g och lungor som h\u00e5ller med. &nbsp; Tankedag 4:En bra text \u00e4r tid som &hellip; <a href=\"https:\/\/sven-ove.nu\/?p=24657\" class=\"more-link\">Forts\u00e4tt l\u00e4sa <span class=\"screen-reader-text\">Mina samlade dagliga tankar i januari<\/span><\/a><\/p>\n","protected":false},"author":1,"featured_media":0,"comment_status":"closed","ping_status":"open","sticky":false,"template":"","format":"standard","meta":{"_crdt_document":"","_monsterinsights_skip_tracking":false,"_monsterinsights_sitenote_active":false,"_monsterinsights_sitenote_note":"","_monsterinsights_sitenote_category":0,"footnotes":""},"categories":[9,4],"tags":[18,17],"class_list":["post-24657","post","type-post","status-publish","format-standard","hentry","category-politik","category-skrivande","tag-lardomar","tag-solidaritet"],"_links":{"self":[{"href":"https:\/\/sven-ove.nu\/index.php?rest_route=\/wp\/v2\/posts\/24657","targetHints":{"allow":["GET"]}}],"collection":[{"href":"https:\/\/sven-ove.nu\/index.php?rest_route=\/wp\/v2\/posts"}],"about":[{"href":"https:\/\/sven-ove.nu\/index.php?rest_route=\/wp\/v2\/types\/post"}],"author":[{"embeddable":true,"href":"https:\/\/sven-ove.nu\/index.php?rest_route=\/wp\/v2\/users\/1"}],"replies":[{"embeddable":true,"href":"https:\/\/sven-ove.nu\/index.php?rest_route=%2Fwp%2Fv2%2Fcomments&post=24657"}],"version-history":[{"count":7,"href":"https:\/\/sven-ove.nu\/index.php?rest_route=\/wp\/v2\/posts\/24657\/revisions"}],"predecessor-version":[{"id":24666,"href":"https:\/\/sven-ove.nu\/index.php?rest_route=\/wp\/v2\/posts\/24657\/revisions\/24666"}],"wp:attachment":[{"href":"https:\/\/sven-ove.nu\/index.php?rest_route=%2Fwp%2Fv2%2Fmedia&parent=24657"}],"wp:term":[{"taxonomy":"category","embeddable":true,"href":"https:\/\/sven-ove.nu\/index.php?rest_route=%2Fwp%2Fv2%2Fcategories&post=24657"},{"taxonomy":"post_tag","embeddable":true,"href":"https:\/\/sven-ove.nu\/index.php?rest_route=%2Fwp%2Fv2%2Ftags&post=24657"}],"curies":[{"name":"wp","href":"https:\/\/api.w.org\/{rel}","templated":true}]}}