{"id":24697,"date":"2022-02-20T11:15:00","date_gmt":"2022-02-20T10:15:00","guid":{"rendered":"http:\/\/sven-ove.nu\/?p=24697"},"modified":"2022-02-20T11:34:49","modified_gmt":"2022-02-20T10:34:49","slug":"24697","status":"publish","type":"post","link":"https:\/\/sven-ove.nu\/?p=24697","title":{"rendered":"Anv\u00e4nd lite av miljonerna ni tagit ur forsen till att r\u00e4dda v\u00e5rt smultronst\u00e4lle"},"content":{"rendered":"\n<p class=\"wp-block-paragraph\">\u00c4n en g\u00e5ng \u00e4r Gamla Kraftstationen i Deje hotad. Det kombinerade industriminnet, konsthallen, kaf\u00e9t och restaurangen som blivit ett av kulturv\u00e4rmlands popul\u00e4raste utflyktsm\u00e5l. Fortum har sagt upp avtalet.<\/p>\n\n\n\n<p class=\"wp-block-paragraph\">Om detta har jag skrivit debattartiklar i V\u00e4rmlands Folkblad och Nya Wermlands-Tidningen. De har delats flitigt, f\u00f6r vi \u00e4r m\u00e5nga som \u00e4r oroliga just nu.<\/p>\n\n\n\n<p class=\"wp-block-paragraph\"><em>\u201dHar ni bara viljan s\u00e5 r\u00e4cker \u00f6verskottet sannerligen till att r\u00e4dda b\u00e5de ryttarkakor, konst och fortsatt kraftproduktion. Den styrkan har ni.\u201d<\/em><\/p>\n\n\n\n<figure class=\"wp-block-image size-large\"><a href=\"https:\/\/sven-ove.nu\/wp-content\/uploads\/2022\/02\/VF-10-febr-2022.png\"><img loading=\"lazy\" decoding=\"async\" width=\"1024\" height=\"967\" src=\"https:\/\/sven-ove.nu\/wp-content\/uploads\/2022\/02\/VF-10-febr-2022-1024x967.png\" alt=\"\" class=\"wp-image-24704\" srcset=\"https:\/\/sven-ove.nu\/wp-content\/uploads\/2022\/02\/VF-10-febr-2022-1024x967.png 1024w, https:\/\/sven-ove.nu\/wp-content\/uploads\/2022\/02\/VF-10-febr-2022-300x283.png 300w, https:\/\/sven-ove.nu\/wp-content\/uploads\/2022\/02\/VF-10-febr-2022-768x726.png 768w, https:\/\/sven-ove.nu\/wp-content\/uploads\/2022\/02\/VF-10-febr-2022.png 1232w\" sizes=\"auto, (max-width: 1024px) 100vw, 1024px\" \/><\/a><figcaption>VF 9 februari 2022<\/figcaption><\/figure>\n\n\n\n<figure class=\"wp-block-image size-large\"><a href=\"https:\/\/sven-ove.nu\/wp-content\/uploads\/2022\/02\/NWT-19-febr-2022-scaled.jpg\"><img loading=\"lazy\" decoding=\"async\" width=\"1024\" height=\"510\" src=\"https:\/\/sven-ove.nu\/wp-content\/uploads\/2022\/02\/NWT-19-febr-2022-1024x510.jpg\" alt=\"\" class=\"wp-image-24706\" srcset=\"https:\/\/sven-ove.nu\/wp-content\/uploads\/2022\/02\/NWT-19-febr-2022-1024x510.jpg 1024w, https:\/\/sven-ove.nu\/wp-content\/uploads\/2022\/02\/NWT-19-febr-2022-300x150.jpg 300w, https:\/\/sven-ove.nu\/wp-content\/uploads\/2022\/02\/NWT-19-febr-2022-768x383.jpg 768w, https:\/\/sven-ove.nu\/wp-content\/uploads\/2022\/02\/NWT-19-febr-2022-1536x766.jpg 1536w, https:\/\/sven-ove.nu\/wp-content\/uploads\/2022\/02\/NWT-19-febr-2022-2048x1021.jpg 2048w\" sizes=\"auto, (max-width: 1024px) 100vw, 1024px\" \/><\/a><figcaption>NWT 19 februari 2022<\/figcaption><\/figure>\n\n\n\n<p class=\"wp-block-paragraph\"><strong>L\u00e4nkar till mina debattartiklar<\/strong><br><a href=\"https:\/\/www.vf.se\/2022\/02\/10\/debatt-deje-har-gett-bolagen-miljoner-nog-for-att-radda-gamla-kraftstationen\/\">Deje har gett bolagen miljoner nog f\u00f6r att r\u00e4dda Gamla kraftstationen<\/a>&nbsp;(VF 9 febr 2022)<br><a href=\"https:\/\/www.nwt.se\/2022\/02\/19\/den-som-gor-miljardvinster-har-rad-att-radda-gamla-kraftstationen\/?fbclid=IwAR2Tq5wq5vZZmMFpaaI-NVZShZHPsudZnOTcSqbHK2Z-S7OIekgpdVenV9c\">Den som g\u00f6r miljardvinster har r\u00e5d att r\u00e4tta Gamla kraftstationen<\/a>&nbsp;(NWT 19 febr 2022)<\/p>\n\n\n\n<p class=\"has-background wp-block-paragraph\" style=\"background-color:#bfecf6\"><a href=\"https:\/\/sven-ove.nu\/\">Hem<\/a>&nbsp;|&nbsp;<a href=\"https:\/\/sven-ove.nu\/?page_id=170\">Om mig<\/a>&nbsp;|&nbsp;<a href=\"https:\/\/sven-ove.nu\/?page_id=1385\">Skriva &amp; prata<\/a>&nbsp;|&nbsp;<a href=\"https:\/\/sven-ove.nu\/?page_id=100\">Politik<\/a>&nbsp;|&nbsp;<a href=\"https:\/\/sven-ove.nu\/?page_id=102\">L\u00f6pa<\/a>&nbsp;|&nbsp;<a href=\"https:\/\/sven-ove.nu\/?page_id=108\">Viktor Root<\/a>&nbsp;&nbsp;<br>Inl\u00e4gg nr 2 212. (c) Sven-Ove Svensson (men dela g\u00e4rna).<\/p>\n","protected":false},"excerpt":{"rendered":"<p>\u00c4n en g\u00e5ng \u00e4r Gamla Kraftstationen i Deje hotad. Det kombinerade industriminnet, konsthallen, kaf\u00e9t och restaurangen som blivit ett av kulturv\u00e4rmlands popul\u00e4raste utflyktsm\u00e5l. Fortum har sagt upp avtalet. Om detta har jag skrivit debattartiklar i V\u00e4rmlands Folkblad och Nya Wermlands-Tidningen. De har delats flitigt, f\u00f6r vi \u00e4r m\u00e5nga som \u00e4r oroliga just nu. \u201dHar ni &hellip; <a href=\"https:\/\/sven-ove.nu\/?p=24697\" class=\"more-link\">Forts\u00e4tt l\u00e4sa <span class=\"screen-reader-text\">Anv\u00e4nd lite av miljonerna ni tagit ur forsen till att r\u00e4dda v\u00e5rt smultronst\u00e4lle<\/span><\/a><\/p>\n","protected":false},"author":1,"featured_media":0,"comment_status":"closed","ping_status":"open","sticky":false,"template":"","format":"standard","meta":{"_crdt_document":"","_monsterinsights_skip_tracking":false,"_monsterinsights_sitenote_active":false,"_monsterinsights_sitenote_note":"","_monsterinsights_sitenote_category":0,"footnotes":""},"categories":[28,6,9],"tags":[3,8,24,17],"class_list":["post-24697","post","type-post","status-publish","format-standard","hentry","category-kreativt-folk","category-natur","category-politik","tag-arbete","tag-historia","tag-karlek","tag-solidaritet"],"_links":{"self":[{"href":"https:\/\/sven-ove.nu\/index.php?rest_route=\/wp\/v2\/posts\/24697","targetHints":{"allow":["GET"]}}],"collection":[{"href":"https:\/\/sven-ove.nu\/index.php?rest_route=\/wp\/v2\/posts"}],"about":[{"href":"https:\/\/sven-ove.nu\/index.php?rest_route=\/wp\/v2\/types\/post"}],"author":[{"embeddable":true,"href":"https:\/\/sven-ove.nu\/index.php?rest_route=\/wp\/v2\/users\/1"}],"replies":[{"embeddable":true,"href":"https:\/\/sven-ove.nu\/index.php?rest_route=%2Fwp%2Fv2%2Fcomments&post=24697"}],"version-history":[{"count":9,"href":"https:\/\/sven-ove.nu\/index.php?rest_route=\/wp\/v2\/posts\/24697\/revisions"}],"predecessor-version":[{"id":24713,"href":"https:\/\/sven-ove.nu\/index.php?rest_route=\/wp\/v2\/posts\/24697\/revisions\/24713"}],"wp:attachment":[{"href":"https:\/\/sven-ove.nu\/index.php?rest_route=%2Fwp%2Fv2%2Fmedia&parent=24697"}],"wp:term":[{"taxonomy":"category","embeddable":true,"href":"https:\/\/sven-ove.nu\/index.php?rest_route=%2Fwp%2Fv2%2Fcategories&post=24697"},{"taxonomy":"post_tag","embeddable":true,"href":"https:\/\/sven-ove.nu\/index.php?rest_route=%2Fwp%2Fv2%2Ftags&post=24697"}],"curies":[{"name":"wp","href":"https:\/\/api.w.org\/{rel}","templated":true}]}}