{"id":2470,"date":"2012-06-16T04:00:00","date_gmt":"2012-06-16T03:00:00","guid":{"rendered":"http:\/\/sven-ove.nu\/?p=2470"},"modified":"2012-06-15T16:37:37","modified_gmt":"2012-06-15T15:37:37","slug":"lordag-stangt-4","status":"publish","type":"post","link":"https:\/\/sven-ove.nu\/?p=2470","title":{"rendered":"L\u00f6rdag: St\u00e4ngt"},"content":{"rendered":"<p><a href=\"https:\/\/sven-ove.nu\/wp-content\/uploads\/2012\/06\/Rullatorrally.jpg\"><img loading=\"lazy\" decoding=\"async\" class=\"alignleft size-large wp-image-2471\" title=\"Rullatorrally\" src=\"https:\/\/sven-ove.nu\/wp-content\/uploads\/2012\/06\/Rullatorrally-1024x667.jpg\" alt=\"\" width=\"640\" height=\"416\" srcset=\"https:\/\/sven-ove.nu\/wp-content\/uploads\/2012\/06\/Rullatorrally-1024x667.jpg 1024w, https:\/\/sven-ove.nu\/wp-content\/uploads\/2012\/06\/Rullatorrally-300x195.jpg 300w, https:\/\/sven-ove.nu\/wp-content\/uploads\/2012\/06\/Rullatorrally.jpg 1793w\" sizes=\"auto, (max-width: 640px) 100vw, 640px\" \/><\/a><\/p>\n<p>&nbsp;<\/p>\n<p>\u2026under tiden publicerar jag min favoritannons ur senaste numret av <a href=\"http:\/\/forshaga.org\/fdbladet\/\" target=\"_blank\">K\u00f6ttblat<\/a>. Till mina ironiskt sinnade v\u00e4nner vill jag bara h\u00e4lsa att jag menar fullst\u00e4ndigt allvar.<\/p>\n<p style=\"padding-left: 30px;\"><strong>Jag \u00e4r glad att rullatorn \u00e4r uppfunnen.<\/strong><\/p>\n<p style=\"padding-left: 30px;\"><strong>Jag \u00e4r \u00e4nnu mer glad \u00e5t att de nu arrangerar utflykter f\u00f6r innehavarna. Detta \u00e4r ocks\u00e5 organiserad medm\u00e4nsklighet. Rulla p\u00e5, jag gillar\u2019t!<\/strong><\/p>\n<p>N\u00e4r det sedan g\u00e4ller sj\u00e4lva bilden ska vi inte t\u00e4nka att den \u00e4r suddig. Vi ska t\u00e4nka att det \u00e4r bra att det finns mobiltelefoner som stressade bloggare kan fotografera med, \u00e4ven n\u00e4r de \u00e4r darrh\u00e4nta.<\/p>\n<p>Hur det nu g\u00e5r till.<\/p>\n","protected":false},"excerpt":{"rendered":"<p>&nbsp; \u2026under tiden publicerar jag min favoritannons ur senaste numret av K\u00f6ttblat. Till mina ironiskt sinnade v\u00e4nner vill jag bara h\u00e4lsa att jag menar fullst\u00e4ndigt allvar. Jag \u00e4r glad att rullatorn \u00e4r uppfunnen. Jag \u00e4r \u00e4nnu mer glad \u00e5t att de nu arrangerar utflykter f\u00f6r innehavarna. Detta \u00e4r ocks\u00e5 organiserad medm\u00e4nsklighet. Rulla p\u00e5, jag gillar\u2019t! &hellip; <a href=\"https:\/\/sven-ove.nu\/?p=2470\" class=\"more-link\">Forts\u00e4tt l\u00e4sa <span class=\"screen-reader-text\">L\u00f6rdag: St\u00e4ngt<\/span><\/a><\/p>\n","protected":false},"author":1,"featured_media":0,"comment_status":"open","ping_status":"open","sticky":false,"template":"","format":"standard","meta":{"_crdt_document":"","_monsterinsights_skip_tracking":false,"_monsterinsights_sitenote_active":false,"_monsterinsights_sitenote_note":"","_monsterinsights_sitenote_category":0,"footnotes":""},"categories":[1],"tags":[17],"class_list":["post-2470","post","type-post","status-publish","format-standard","hentry","category-uncategorized","tag-solidaritet"],"_links":{"self":[{"href":"https:\/\/sven-ove.nu\/index.php?rest_route=\/wp\/v2\/posts\/2470","targetHints":{"allow":["GET"]}}],"collection":[{"href":"https:\/\/sven-ove.nu\/index.php?rest_route=\/wp\/v2\/posts"}],"about":[{"href":"https:\/\/sven-ove.nu\/index.php?rest_route=\/wp\/v2\/types\/post"}],"author":[{"embeddable":true,"href":"https:\/\/sven-ove.nu\/index.php?rest_route=\/wp\/v2\/users\/1"}],"replies":[{"embeddable":true,"href":"https:\/\/sven-ove.nu\/index.php?rest_route=%2Fwp%2Fv2%2Fcomments&post=2470"}],"version-history":[{"count":4,"href":"https:\/\/sven-ove.nu\/index.php?rest_route=\/wp\/v2\/posts\/2470\/revisions"}],"predecessor-version":[{"id":2475,"href":"https:\/\/sven-ove.nu\/index.php?rest_route=\/wp\/v2\/posts\/2470\/revisions\/2475"}],"wp:attachment":[{"href":"https:\/\/sven-ove.nu\/index.php?rest_route=%2Fwp%2Fv2%2Fmedia&parent=2470"}],"wp:term":[{"taxonomy":"category","embeddable":true,"href":"https:\/\/sven-ove.nu\/index.php?rest_route=%2Fwp%2Fv2%2Fcategories&post=2470"},{"taxonomy":"post_tag","embeddable":true,"href":"https:\/\/sven-ove.nu\/index.php?rest_route=%2Fwp%2Fv2%2Ftags&post=2470"}],"curies":[{"name":"wp","href":"https:\/\/api.w.org\/{rel}","templated":true}]}}