{"id":24742,"date":"2022-04-17T04:06:00","date_gmt":"2022-04-17T03:06:00","guid":{"rendered":"http:\/\/sven-ove.nu\/?p=24742"},"modified":"2022-04-16T10:49:52","modified_gmt":"2022-04-16T09:49:52","slug":"historien-om-pyrrhus-och-montern","status":"publish","type":"post","link":"https:\/\/sven-ove.nu\/?p=24742","title":{"rendered":"Historien om Pyrrhus och V\u00e4rmlandsmontern"},"content":{"rendered":"\n<figure class=\"wp-block-image size-large\"><a href=\"https:\/\/sven-ove.nu\/wp-content\/uploads\/2022\/04\/Varmlandsmontern-2019-rotated.jpg\"><img loading=\"lazy\" decoding=\"async\" width=\"1024\" height=\"1024\" src=\"https:\/\/sven-ove.nu\/wp-content\/uploads\/2022\/04\/Varmlandsmontern-2019-1024x1024.jpg\" alt=\"\" class=\"wp-image-24749\" srcset=\"https:\/\/sven-ove.nu\/wp-content\/uploads\/2022\/04\/Varmlandsmontern-2019-1024x1024.jpg 1024w, https:\/\/sven-ove.nu\/wp-content\/uploads\/2022\/04\/Varmlandsmontern-2019-300x300.jpg 300w, https:\/\/sven-ove.nu\/wp-content\/uploads\/2022\/04\/Varmlandsmontern-2019-150x150.jpg 150w, https:\/\/sven-ove.nu\/wp-content\/uploads\/2022\/04\/Varmlandsmontern-2019-768x768.jpg 768w, https:\/\/sven-ove.nu\/wp-content\/uploads\/2022\/04\/Varmlandsmontern-2019-rotated.jpg 1512w\" sizes=\"auto, (max-width: 1024px) 100vw, 1024px\" \/><\/a><\/figure>\n\n\n\n<p class=\"wp-block-paragraph\"><\/p>\n\n\n\n<p class=\"wp-block-paragraph\">Nu ska jag ber\u00e4tta hur det \u00e4r att sitta i en styrelse. Vi kan kalla f\u00f6reningen f\u00f6r F\u00f6reningen V\u00e4rmlandslitteratur, f\u00f6r s\u00e5 heter den. F\u00f6rst tr\u00e4ffar du en massa kloka och kunniga m\u00e4nniskor som ocks\u00e5 gillar f\u00f6rfattare som Gustaf Fr\u00f6ding, Bengt Berg och Marit Kapla.<\/p>\n\n\n\n<p class=\"wp-block-paragraph\">Sedan blir det bokm\u00e4ssa i G\u00f6teborg. Den stora bokfesten d\u00e4r V\u00e4rmlands monter \u00e4r en institution sedan 30 \u00e5r tillbaka. Glad och entusiastisk anm\u00e4ler du dig till att st\u00e5 i montern och s\u00e4lja v\u00e4rmlandsf\u00f6rfattarnas b\u00f6cker. Ideellt.<\/p>\n\n\n\n<p class=\"wp-block-paragraph\">&#8211; Va\u2019 bra, s\u00e4ger de andra ideella. Hur m\u00e5nga dagar hade du t\u00e4nkt?<br>&#8211; Jag kan st\u00e5 alla fyra dagarna.<br>&#8211; Det var rej\u00e4la tag. Kul!<\/p>\n\n\n\n<p class=\"wp-block-paragraph\">Du har s\u00e4llan varit s\u00e5 tr\u00f6tt och haft s\u00e5 roligt. Bok\u00e4lskare \u00e4r positiva m\u00e4nniskor. Dina ideella kollegor springer som illrar och h\u00e4mtar nya v\u00e4rmlandsb\u00f6cker fr\u00e5n f\u00f6rlagen n\u00e4r glada k\u00f6pare k\u00f6pt slut av Lerin och andra. P\u00e5 kv\u00e4llen orkar du n\u00e4tt och j\u00e4mnt sl\u00e4pa dig ut fr\u00e5n m\u00e4ssan och bort till bilen som ska h\u00e4mta dig och k\u00f6ra dig till dottern, d\u00e4r du ska bo. Du \u00e4r s\u00e5 lycklig. Det har fungerat s\u00e5 bra med de tre delarna bjudfika, f\u00f6rfattaruppl\u00e4sningar och bokf\u00f6rs\u00e4ljningar. Ni har n\u00e5tt ut.<\/p>\n\n\n\n<p class=\"wp-block-paragraph\">Tre delar. Alla lika viktiga. Fika, f\u00f6rfattare och b\u00f6cker.<\/p>\n\n\n\n<p class=\"wp-block-paragraph\"><strong>Regionen vill l\u00e4gga ner<\/strong><br>Sedan kommer pandemin. F\u00f6rst efter tv\u00e5 \u00e5r \u00e4r det dags f\u00f6r fysisk bokm\u00e4ssa i G\u00f6teborg igen. D\u00e5 f\u00e5r ni mejl fr\u00e5n Region V\u00e4rmland. Det \u00e4r de som arrangerar sj\u00e4lva montern numera, d\u00e4r de brukar be er s\u00e4lja b\u00f6cker ideellt. Regionen kommer visserligen att f\u00e5 1,3 miljarder i \u00f6verskott \u00e5r 2021 men nu tycker de att montern \u00e4r f\u00f6r dyr. Ni f\u00f6rs\u00f6ker argumentera emot, sitter p\u00e5 flera m\u00f6ten och f\u00f6rs\u00f6ker f\u00f6rklara vilken nytta den d\u00e4r montern som \u00e4r en institution g\u00f6r.&nbsp;<\/p>\n\n\n\n<p class=\"wp-block-paragraph\">Det g\u00e5r inget vidare.<\/p>\n\n\n\n<p class=\"wp-block-paragraph\">Nu har ni \u00e5rsm\u00f6te i er f\u00f6rening. Under ekonomirapporten f\u00f6rklarar du i f\u00f6rbig\u00e5ende att vi nog f\u00e5r r\u00e4kna med att politikerna i regionen kommer att l\u00e4gga ner montern. D\u00e5 tar det hus i helsike. Hela \u00e5rsm\u00f6tet reser ragg och kr\u00e4ver av er i styrelsen att ni skriver ett uttalande och skickar till region och media. Politikerna f\u00e5r inte l\u00e4gga ner hela bokv\u00e4rldens V\u00e4rmlandsmonter.&nbsp;<\/p>\n\n\n\n<p class=\"wp-block-paragraph\">Ni lyder. De var verkligen arga p\u00e5 m\u00f6tet. Uttalandet n\u00e5r media, region och kulturintresserade, det blir ett v\u00e4ldigt tryck. Nu \u00e4r det \u00e4nnu fler som \u00e4r besvikna. \u00c4nnu en f\u00f6rening antar samma uttalande. Kulturpolitikerna i regionen k\u00e4nner hur det bl\u00e5ser och s\u00e4ger till kulturtj\u00e4nstem\u00e4nnen att s\u00e5 h\u00e4r kan vi inte ha det. Vi kan inte l\u00e4gga ner montern, nu n\u00e4r det \u00e4r val\u00e5r och allt.<\/p>\n\n\n\n<p class=\"wp-block-paragraph\">Hurra.<\/p>\n\n\n\n<p class=\"wp-block-paragraph\"><strong>&#8211; Ni f\u00e5r 6 &#8211; 8 kvadrat<\/strong><br>D\u00e5 f\u00e5r ni nytt mejl fr\u00e5n kulturtj\u00e4nstem\u00e4nnen. Det f\u00e5r v\u00e4l bli en monter till h\u00f6sten d\u00e5. Men inga 100 kvadratmeter som tidigare. Ni f\u00e5r 6 &#8211; 8 kvadrat och vi i regionen ska ha lika lite. 12 &#8211; 16 kvadrat tillsammans.&nbsp;<\/p>\n\n\n\n<p class=\"wp-block-paragraph\">Inte blir det n\u00e5got popul\u00e4rt L\u00f6fbergskaffe med skr\u00e4dmj\u00f6lsdr\u00f6mmar som tidigare lockat bes\u00f6kare, vilka sedan passat p\u00e5 att k\u00f6pa med sig en Lerin eller Kapla n\u00e4r de \u00e4nd\u00e5 hittat till er. Eller n\u00e5gon mer ok\u00e4nd bok. Inte blir det n\u00e5gon scen med uppl\u00e4sningar.<\/p>\n\n\n\n<p class=\"wp-block-paragraph\">&#8211; Jaha. Vad ska ni sj\u00e4lva ha era 6 &#8211; 8 kvadrat till d\u00e5, go\u2019a regionen?<br>&#8211; Vi ska g\u00f6ra reklam f\u00f6r bokfestivalen i Karlstad.<br>&#8211; \u00c5h\u00e5.<\/p>\n\n\n\n<p class=\"wp-block-paragraph\"><strong>Utv\u00e4rderar nedl\u00e4ggningsmontern<\/strong><br>S\u00e5 \u00e4r det att sitta i en styrelse. St\u00e5r verkligen alla kulturpolitiker i regionen bakom denna pinsamma l\u00f6sning val\u00e5ret 2022? fr\u00e5gar ni er. Har inte de ocks\u00e5 medlemmar att svara inf\u00f6r?&nbsp;<\/p>\n\n\n\n<p class=\"wp-block-paragraph\">Ni har nytt m\u00f6te f\u00f6rst\u00e5s och ber\u00e4ttar f\u00f6r kulturtj\u00e4nstem\u00e4nnen att montern p\u00e5 bokm\u00e4ssan i G\u00f6teborg \u00e4r ett s\u00e4tt att ber\u00e4tta ut\u00e5t, utanf\u00f6r V\u00e4rmland, om v\u00e5ra f\u00f6rfattare. Den har funnits i drygt 30 \u00e5r, l\u00e5ngt innan ni i regionen tog \u00f6ver. 65 f\u00f6rfattarframtr\u00e4danden p\u00e5 fyra dagar, det \u00e4r en bra sak. Massor av b\u00f6cker spridda, massor av fin PR f\u00f6r landskapet V\u00e4rmland. Ut\u00e5t.<\/p>\n\n\n\n<p class=\"wp-block-paragraph\">&#8211; Okay, d\u00e5 hyr vi v\u00e4l lite mer d\u00e5. 40 &#8211; 50 kvadrat typ. Men inget fika. Det \u00e4r f\u00f6r dyrt. Inga skr\u00e4dmj\u00f6lsdr\u00f6mmar.<\/p>\n\n\n\n<p class=\"wp-block-paragraph\">I h\u00f6st, efter bokm\u00e4ssan, ska Region V\u00e4rmland g\u00f6ra en h\u00f6gtidlig utv\u00e4rdering av den nya lillmontern, den utan dr\u00f6mmar. Nedl\u00e4ggningsmontern som n\u00e5gon sa. (Jag sj\u00e4lv, faktiskt). Det har politikerna best\u00e4mt. Ni l\u00e4sande medlemmar i F\u00f6reningen V\u00e4rmlandslitteratur anar redan vilket resultat den utv\u00e4rderingen kommer att visa.<\/p>\n\n\n\n<p class=\"wp-block-paragraph\">S\u00e5 kan det vara att sitta i en styrelse.<br>Andra dagar \u00e4r det r\u00e4tt s\u00e5 lugnt.<\/p>\n\n\n\n<figure class=\"wp-block-image size-large\"><a href=\"https:\/\/sven-ove.nu\/wp-content\/uploads\/2022\/04\/Montern-2019-rotated.jpg\"><img loading=\"lazy\" decoding=\"async\" width=\"1024\" height=\"1024\" src=\"https:\/\/sven-ove.nu\/wp-content\/uploads\/2022\/04\/Montern-2019-1024x1024.jpg\" alt=\"\" class=\"wp-image-24750\" srcset=\"https:\/\/sven-ove.nu\/wp-content\/uploads\/2022\/04\/Montern-2019-1024x1024.jpg 1024w, https:\/\/sven-ove.nu\/wp-content\/uploads\/2022\/04\/Montern-2019-300x300.jpg 300w, https:\/\/sven-ove.nu\/wp-content\/uploads\/2022\/04\/Montern-2019-150x150.jpg 150w, https:\/\/sven-ove.nu\/wp-content\/uploads\/2022\/04\/Montern-2019-768x768.jpg 768w, https:\/\/sven-ove.nu\/wp-content\/uploads\/2022\/04\/Montern-2019-rotated.jpg 1512w\" sizes=\"auto, (max-width: 1024px) 100vw, 1024px\" \/><\/a><\/figure>\n\n\n\n<p class=\"has-light-gray-background-color has-background wp-block-paragraph\"><strong><em>###<\/em><\/strong><em>&nbsp;Pyrrhusseger = alltf\u00f6r dyrk\u00f6pt seger.<br><strong>###<\/strong>&nbsp;Pyrrhus = Forngrekisk kung som vann ett f\u00e4ltslag men f\u00f6rlorade m\u00e5nga egna soldater i slaget.<\/em><br><strong><em>###<\/em><\/strong><em>&nbsp;Hans yttrande efter\u00e5t blev ber\u00f6mt: \u201dEn s\u00e5dan seger till och jag \u00e4r f\u00f6rlorad.\u201d<\/em><\/p>\n\n\n\n<p class=\"wp-block-paragraph\"><em>(Bilderna \u00e4r fr\u00e5n V\u00e4rmlandsmontern p\u00e5 Bokm\u00e4ssan i G\u00f6teborg 2019.)<\/em><\/p>\n\n\n\n<p class=\"has-background wp-block-paragraph\" style=\"background-color:#bee2f6\"><a href=\"https:\/\/sven-ove.nu\/\">Hem<\/a>&nbsp;|&nbsp;<a href=\"https:\/\/sven-ove.nu\/?page_id=170\">Om mig<\/a>&nbsp;|&nbsp;<a href=\"https:\/\/sven-ove.nu\/?page_id=1385\">Skriva &amp; prata<\/a>&nbsp;|&nbsp;<a href=\"https:\/\/sven-ove.nu\/?page_id=100\">Politik<\/a>&nbsp;|&nbsp;<a href=\"https:\/\/sven-ove.nu\/?page_id=102\">L\u00f6pa<\/a>&nbsp;|&nbsp;<a href=\"https:\/\/sven-ove.nu\/?page_id=108\">Viktor Root<\/a>&nbsp;&nbsp;<br><em>Inl\u00e4gg nr 2 215. (c) Sven-Ove Svensson (men dela g\u00e4rna).<\/em><\/p>\n","protected":false},"excerpt":{"rendered":"<p>Nu ska jag ber\u00e4tta hur det \u00e4r att sitta i en styrelse. Vi kan kalla f\u00f6reningen f\u00f6r F\u00f6reningen V\u00e4rmlandslitteratur, f\u00f6r s\u00e5 heter den. F\u00f6rst tr\u00e4ffar du en massa kloka och kunniga m\u00e4nniskor som ocks\u00e5 gillar f\u00f6rfattare som Gustaf Fr\u00f6ding, Bengt Berg och Marit Kapla. Sedan blir det bokm\u00e4ssa i G\u00f6teborg. Den stora bokfesten d\u00e4r V\u00e4rmlands &hellip; <a href=\"https:\/\/sven-ove.nu\/?p=24742\" class=\"more-link\">Forts\u00e4tt l\u00e4sa <span class=\"screen-reader-text\">Historien om Pyrrhus och V\u00e4rmlandsmontern<\/span><\/a><\/p>\n","protected":false},"author":1,"featured_media":0,"comment_status":"closed","ping_status":"open","sticky":false,"template":"","format":"standard","meta":{"_crdt_document":"","_monsterinsights_skip_tracking":false,"_monsterinsights_sitenote_active":false,"_monsterinsights_sitenote_note":"","_monsterinsights_sitenote_category":0,"footnotes":""},"categories":[28,4],"tags":[16],"class_list":["post-24742","post","type-post","status-publish","format-standard","hentry","category-kreativt-folk","category-skrivande","tag-dumheter"],"_links":{"self":[{"href":"https:\/\/sven-ove.nu\/index.php?rest_route=\/wp\/v2\/posts\/24742","targetHints":{"allow":["GET"]}}],"collection":[{"href":"https:\/\/sven-ove.nu\/index.php?rest_route=\/wp\/v2\/posts"}],"about":[{"href":"https:\/\/sven-ove.nu\/index.php?rest_route=\/wp\/v2\/types\/post"}],"author":[{"embeddable":true,"href":"https:\/\/sven-ove.nu\/index.php?rest_route=\/wp\/v2\/users\/1"}],"replies":[{"embeddable":true,"href":"https:\/\/sven-ove.nu\/index.php?rest_route=%2Fwp%2Fv2%2Fcomments&post=24742"}],"version-history":[{"count":12,"href":"https:\/\/sven-ove.nu\/index.php?rest_route=\/wp\/v2\/posts\/24742\/revisions"}],"predecessor-version":[{"id":24762,"href":"https:\/\/sven-ove.nu\/index.php?rest_route=\/wp\/v2\/posts\/24742\/revisions\/24762"}],"wp:attachment":[{"href":"https:\/\/sven-ove.nu\/index.php?rest_route=%2Fwp%2Fv2%2Fmedia&parent=24742"}],"wp:term":[{"taxonomy":"category","embeddable":true,"href":"https:\/\/sven-ove.nu\/index.php?rest_route=%2Fwp%2Fv2%2Fcategories&post=24742"},{"taxonomy":"post_tag","embeddable":true,"href":"https:\/\/sven-ove.nu\/index.php?rest_route=%2Fwp%2Fv2%2Ftags&post=24742"}],"curies":[{"name":"wp","href":"https:\/\/api.w.org\/{rel}","templated":true}]}}