{"id":2476,"date":"2012-06-17T04:00:50","date_gmt":"2012-06-17T03:00:50","guid":{"rendered":"http:\/\/sven-ove.nu\/?p=2476"},"modified":"2012-06-17T07:43:30","modified_gmt":"2012-06-17T06:43:30","slug":"min-kommunskylt-3","status":"publish","type":"post","link":"https:\/\/sven-ove.nu\/?p=2476","title":{"rendered":"Min kommunskylt 3:"},"content":{"rendered":"<p><a href=\"https:\/\/sven-ove.nu\/wp-content\/uploads\/2012\/06\/Kommunskylten2.jpg\"><img loading=\"lazy\" decoding=\"async\" class=\"alignleft size-thumbnail wp-image-2478\" title=\"Kommunskylten\" src=\"https:\/\/sven-ove.nu\/wp-content\/uploads\/2012\/06\/Kommunskylten2-150x150.jpg\" alt=\"\" width=\"150\" height=\"150\" \/><\/a>Om jag fick tag i koden till <a href=\"http:\/\/www.forshaga.se\">skylten<\/a> vid kommungr\u00e4nsen skulle jag skriva ett meddelande i eldskrift, s\u00e5 pendlarna kunde se:<strong> <\/strong><\/p>\n<p><strong> <\/strong><\/p>\n<p style=\"padding-left: 30px;\"><strong>Hur fick du jobb?<br \/>\n<\/strong><strong>Kungen fick sitt<br \/>\n<\/strong><strong>genom friktion.<\/strong><\/p>\n<p><strong> <\/strong><\/p>\n<p><em>(Om tusen \u00e5r kommer svenskarna att tycka att deras f\u00f6rf\u00e4der var pinsamma. \u2013 Va? Hade dom en\u201d<\/em><a href=\"http:\/\/www.kungahuset.se\/\"><em>Kung<\/em><\/a><em>\u201d \u00e5r 2012? Som \u00e4rvde jobbet? \u00c4rvde!? Hade han inga andra kvalifikationer \u00e4n farsans s\u00e4descell? Det var l\u00e5g utbildningsniv\u00e5 i landet kan jag tro, demokratin hade inte inf\u00f6rts f\u00f6rst\u00e5s. Hjulet, var det uppfunnet? Hade dom jordgolv och utedass? Men kung? Stackars folk. Det \u00e4r <strong>s\u00e5<\/strong> 1000-tal).<\/em><\/p>\n","protected":false},"excerpt":{"rendered":"<p>Om jag fick tag i koden till skylten vid kommungr\u00e4nsen skulle jag skriva ett meddelande i eldskrift, s\u00e5 pendlarna kunde se: Hur fick du jobb? Kungen fick sitt genom friktion. (Om tusen \u00e5r kommer svenskarna att tycka att deras f\u00f6rf\u00e4der var pinsamma. \u2013 Va? Hade dom en\u201dKung\u201d \u00e5r 2012? Som \u00e4rvde jobbet? \u00c4rvde!? Hade han &hellip; <a href=\"https:\/\/sven-ove.nu\/?p=2476\" class=\"more-link\">Forts\u00e4tt l\u00e4sa <span class=\"screen-reader-text\">Min kommunskylt 3:<\/span><\/a><\/p>\n","protected":false},"author":1,"featured_media":0,"comment_status":"open","ping_status":"open","sticky":false,"template":"","format":"standard","meta":{"_crdt_document":"","_monsterinsights_skip_tracking":false,"_monsterinsights_sitenote_active":false,"_monsterinsights_sitenote_note":"","_monsterinsights_sitenote_category":0,"footnotes":""},"categories":[9],"tags":[16,8],"class_list":["post-2476","post","type-post","status-publish","format-standard","hentry","category-politik","tag-dumheter","tag-historia"],"_links":{"self":[{"href":"https:\/\/sven-ove.nu\/index.php?rest_route=\/wp\/v2\/posts\/2476","targetHints":{"allow":["GET"]}}],"collection":[{"href":"https:\/\/sven-ove.nu\/index.php?rest_route=\/wp\/v2\/posts"}],"about":[{"href":"https:\/\/sven-ove.nu\/index.php?rest_route=\/wp\/v2\/types\/post"}],"author":[{"embeddable":true,"href":"https:\/\/sven-ove.nu\/index.php?rest_route=\/wp\/v2\/users\/1"}],"replies":[{"embeddable":true,"href":"https:\/\/sven-ove.nu\/index.php?rest_route=%2Fwp%2Fv2%2Fcomments&post=2476"}],"version-history":[{"count":7,"href":"https:\/\/sven-ove.nu\/index.php?rest_route=\/wp\/v2\/posts\/2476\/revisions"}],"predecessor-version":[{"id":2482,"href":"https:\/\/sven-ove.nu\/index.php?rest_route=\/wp\/v2\/posts\/2476\/revisions\/2482"}],"wp:attachment":[{"href":"https:\/\/sven-ove.nu\/index.php?rest_route=%2Fwp%2Fv2%2Fmedia&parent=2476"}],"wp:term":[{"taxonomy":"category","embeddable":true,"href":"https:\/\/sven-ove.nu\/index.php?rest_route=%2Fwp%2Fv2%2Fcategories&post=2476"},{"taxonomy":"post_tag","embeddable":true,"href":"https:\/\/sven-ove.nu\/index.php?rest_route=%2Fwp%2Fv2%2Ftags&post=2476"}],"curies":[{"name":"wp","href":"https:\/\/api.w.org\/{rel}","templated":true}]}}