{"id":24767,"date":"2022-04-30T19:10:00","date_gmt":"2022-04-30T18:10:00","guid":{"rendered":"http:\/\/sven-ove.nu\/?p=24767"},"modified":"2022-08-07T12:32:04","modified_gmt":"2022-08-07T11:32:04","slug":"jag-tagar-for-morfar-pa-1-maj","status":"publish","type":"post","link":"https:\/\/sven-ove.nu\/?p=24767","title":{"rendered":"Jag t\u00e5gar f\u00f6r morfar p\u00e5 1 maj"},"content":{"rendered":"\n<p class=\"wp-block-paragraph\">Ja, jag demonstrerar p\u00e5 1 maj i \u00e5r ocks\u00e5. \u00c4n sitter det en krigsherre i Kreml, \u00e4n sm\u00e4lter v\u00e5ra glaci\u00e4rer, \u00e4n g\u00e5r det 71 undersk\u00f6terskel\u00f6ner p\u00e5 en svensk b\u00f6rs-vd:s inkomst. Fortfarande finns det krafter som vill locka in oss i NATO, inf\u00f6ra marknadshyror och beh\u00e5lla en skola som ger miljarder i vinst.<\/p>\n\n\n\n<p class=\"wp-block-paragraph\">En skola ska inte tj\u00e4na pengar, den ska tj\u00e4na folket.<\/p>\n\n\n\n<p class=\"wp-block-paragraph\">Min morfar f\u00f6ddes p\u00e5 ett litet torp norr om Trossn\u00e4s som hette Kulan. D\u00e4r h\u00e4rskar skogen nu, ser jag p\u00e5 Lantm\u00e4teriets flygfoto. Han hette Fritiof och blev snickare, facklig pionj\u00e4r dessutom. Hans pappa Erik var dagkarl, Erik och hans fru Karolina var metodister och hade g\u00e5tt ur Svenska kyrkan. I kyrkboken har pr\u00e4sten samlat dem och deras meningsfr\u00e4nder p\u00e5 en egen sida f\u00f6r avvikare. Sj\u00e4lvt\u00e4nkare.<\/p>\n\n\n\n<p class=\"wp-block-paragraph\">Det \u00e4r med stolthet jag skriver detta. Jag t\u00e4nker p\u00e5 metodisterna som bildade eget och l\u00e4rde sig till\u00e4mpa demokrati n\u00e4r f\u00f6rsamlingen skulle sk\u00f6tas. Sitta ordf\u00f6rande, sk\u00f6ta ekonomin, skriva protokoll. D\u00e4r b\u00f6rjade ett nytt land byggas. Jag t\u00e4nker p\u00e5 sonen deras, Fritiof med sl\u00e4ktens snickartummar, min morfar som var med och startade fackf\u00f6rening f\u00f6r Karlstads byggnadsarbetare. D\u00e4r f\u00f6ddes ocks\u00e5 n\u00e5got nytt.<\/p>\n\n\n\n<p class=\"wp-block-paragraph\">Jag t\u00e4nker p\u00e5 landet de byggde. Det \u00e4r skog \u00f6ver Kulan i dag men demokratin har vi kvar och facket beh\u00f6vs mer \u00e4n n\u00e5gonsin.<\/p>\n\n\n\n<p class=\"wp-block-paragraph\">&nbsp;1 maj var en h\u00f6gtid f\u00f6r morfar. D\u00e5 fick mamma och hennes syskon i Bofasterud r\u00e5r\u00f6rt \u00e4gg. Platsen d\u00e4r de v\u00e4xte upp hette Torpet, enligt sl\u00e4kthistorien k\u00f6pt under kris\u00e5ret 1917 n\u00e4r det inte fanns mat att k\u00f6pa i stan fast morfar hade l\u00f6n.<\/p>\n\n\n\n<p class=\"wp-block-paragraph\">Du h\u00e4ller en \u00e4ggula och mycket socker i ett dricksglas och sedan r\u00f6r du ivrigt f\u00f6r hand med tesked tills alltihop \u00e4r ljusgult, luftigt och g\u00f4rg\u00f4tt. Morfar kallade det \u00e4ggr\u00f6ra, det g\u00f6r \u00e4ven vi f\u00f6r seden lever kvar. Vi syskon fick ocks\u00e5 \u00e4ggr\u00f6ra n\u00e4r vi var sm\u00e5. Det fick mina barn med.<\/p>\n\n\n\n<p class=\"wp-block-paragraph\">Jag t\u00e5gar f\u00f6r morfar i \u00e5r. F\u00f6r demokratins och solidaritetens pionj\u00e4rer, f\u00f6r m\u00e5ngfald, j\u00e4mst\u00e4lldhet och j\u00e4mlikhet. \u00c4n \u00e4r demokratin inte f\u00e4rdig, \u00e4n finns det dretst\u00f6vlar som tar sig r\u00e4tten att bli krigsherrar.<\/p>\n\n\n\n<p class=\"wp-block-paragraph\">Numera g\u00e5r jag med V\u00e4nsterpartiet och k\u00e4nner fortsatt solidaritet b\u00e5de med de forna protokollskrivarna i Nor och pionj\u00e4ren i Bofasterud med snickartummarna.<\/p>\n\n\n\n<p class=\"wp-block-paragraph\">Efter\u00e5t g\u00e5r vi ut i skogen och majar. Ska vi inte ta och leta reda p\u00e5 Kulan?<\/p>\n\n\n\n<p class=\"wp-block-paragraph\"><strong>SVEN-OVE SVENSSON<\/strong><br><strong>Forshaga<\/strong><\/p>\n\n\n\n<figure class=\"wp-block-image size-large\"><a href=\"https:\/\/sven-ove.nu\/wp-content\/uploads\/2022\/04\/VF-29-april-2022-1.png\"><img loading=\"lazy\" decoding=\"async\" width=\"1024\" height=\"496\" src=\"https:\/\/sven-ove.nu\/wp-content\/uploads\/2022\/04\/VF-29-april-2022-1-1024x496.png\" alt=\"\" class=\"wp-image-24771\" srcset=\"https:\/\/sven-ove.nu\/wp-content\/uploads\/2022\/04\/VF-29-april-2022-1-1024x496.png 1024w, https:\/\/sven-ove.nu\/wp-content\/uploads\/2022\/04\/VF-29-april-2022-1-300x145.png 300w, https:\/\/sven-ove.nu\/wp-content\/uploads\/2022\/04\/VF-29-april-2022-1-768x372.png 768w, https:\/\/sven-ove.nu\/wp-content\/uploads\/2022\/04\/VF-29-april-2022-1-1536x744.png 1536w, https:\/\/sven-ove.nu\/wp-content\/uploads\/2022\/04\/VF-29-april-2022-1-2048x992.png 2048w\" sizes=\"auto, (max-width: 1024px) 100vw, 1024px\" \/><\/a><figcaption><em>Debattartikel i V\u00e4rmlands Folkblad 29 april 2022.<\/em><\/figcaption><\/figure>\n\n\n\n<p class=\"wp-block-paragraph\"><\/p>\n\n\n\n<p class=\"has-light-gray-background-color has-background wp-block-paragraph\"><a href=\"https:\/\/sven-ove.nu\/\">Hem<\/a>&nbsp;|&nbsp;<a href=\"https:\/\/sven-ove.nu\/?page_id=170\">Om mig<\/a>&nbsp;|&nbsp;<a href=\"https:\/\/sven-ove.nu\/?page_id=1385\">Skriva &amp; prata<\/a>&nbsp;|&nbsp;<a href=\"https:\/\/sven-ove.nu\/?page_id=100\">Politik<\/a>&nbsp;|&nbsp;<a href=\"https:\/\/sven-ove.nu\/?page_id=102\">L\u00f6pa<\/a>&nbsp;|&nbsp;<a href=\"https:\/\/sven-ove.nu\/?page_id=108\">Viktor Root<\/a>&nbsp;&nbsp;<br><em>Inl\u00e4gg nr 2 217. (c) Sven-Ove Svensson (men dela g\u00e4rna).<\/em><\/p>\n","protected":false},"excerpt":{"rendered":"<p>Ja, jag demonstrerar p\u00e5 1 maj i \u00e5r ocks\u00e5. \u00c4n sitter det en krigsherre i Kreml, \u00e4n sm\u00e4lter v\u00e5ra glaci\u00e4rer, \u00e4n g\u00e5r det 71 undersk\u00f6terskel\u00f6ner p\u00e5 en svensk b\u00f6rs-vd:s inkomst. Fortfarande finns det krafter som vill locka in oss i NATO, inf\u00f6ra marknadshyror och beh\u00e5lla en skola som ger miljarder i vinst. En skola ska &hellip; <a href=\"https:\/\/sven-ove.nu\/?p=24767\" class=\"more-link\">Forts\u00e4tt l\u00e4sa <span class=\"screen-reader-text\">Jag t\u00e5gar f\u00f6r morfar p\u00e5 1 maj<\/span><\/a><\/p>\n","protected":false},"author":1,"featured_media":0,"comment_status":"closed","ping_status":"open","sticky":false,"template":"","format":"standard","meta":{"_crdt_document":"","_monsterinsights_skip_tracking":false,"_monsterinsights_sitenote_active":false,"_monsterinsights_sitenote_note":"","_monsterinsights_sitenote_category":0,"footnotes":""},"categories":[10,28,9,4],"tags":[3,18,17],"class_list":["post-24767","post","type-post","status-publish","format-standard","hentry","category-familjen","category-kreativt-folk","category-politik","category-skrivande","tag-arbete","tag-lardomar","tag-solidaritet"],"_links":{"self":[{"href":"https:\/\/sven-ove.nu\/index.php?rest_route=\/wp\/v2\/posts\/24767","targetHints":{"allow":["GET"]}}],"collection":[{"href":"https:\/\/sven-ove.nu\/index.php?rest_route=\/wp\/v2\/posts"}],"about":[{"href":"https:\/\/sven-ove.nu\/index.php?rest_route=\/wp\/v2\/types\/post"}],"author":[{"embeddable":true,"href":"https:\/\/sven-ove.nu\/index.php?rest_route=\/wp\/v2\/users\/1"}],"replies":[{"embeddable":true,"href":"https:\/\/sven-ove.nu\/index.php?rest_route=%2Fwp%2Fv2%2Fcomments&post=24767"}],"version-history":[{"count":4,"href":"https:\/\/sven-ove.nu\/index.php?rest_route=\/wp\/v2\/posts\/24767\/revisions"}],"predecessor-version":[{"id":24788,"href":"https:\/\/sven-ove.nu\/index.php?rest_route=\/wp\/v2\/posts\/24767\/revisions\/24788"}],"wp:attachment":[{"href":"https:\/\/sven-ove.nu\/index.php?rest_route=%2Fwp%2Fv2%2Fmedia&parent=24767"}],"wp:term":[{"taxonomy":"category","embeddable":true,"href":"https:\/\/sven-ove.nu\/index.php?rest_route=%2Fwp%2Fv2%2Fcategories&post=24767"},{"taxonomy":"post_tag","embeddable":true,"href":"https:\/\/sven-ove.nu\/index.php?rest_route=%2Fwp%2Fv2%2Ftags&post=24767"}],"curies":[{"name":"wp","href":"https:\/\/api.w.org\/{rel}","templated":true}]}}