{"id":24801,"date":"2022-11-12T10:03:47","date_gmt":"2022-11-12T09:03:47","guid":{"rendered":"https:\/\/sven-ove.nu\/?p=24801"},"modified":"2022-11-12T11:52:29","modified_gmt":"2022-11-12T10:52:29","slug":"hurra-bloggen-fungerar-igen-lat-oss-genast-lagga-ut-ett-jatteinlagg","status":"publish","type":"post","link":"https:\/\/sven-ove.nu\/?p=24801","title":{"rendered":"Hurra, bloggen fungerar igen! L\u00e5t oss genast l\u00e4gga ut ett j\u00e4tteinl\u00e4gg"},"content":{"rendered":"\n<figure class=\"wp-block-image size-large\"><a href=\"https:\/\/sven-ove.nu\/wp-content\/uploads\/2022\/11\/003-Kopia-scaled.jpg\"><img loading=\"lazy\" decoding=\"async\" width=\"1024\" height=\"828\" src=\"https:\/\/sven-ove.nu\/wp-content\/uploads\/2022\/11\/003-Kopia-1024x828.jpg\" alt=\"\" class=\"wp-image-24803\" srcset=\"https:\/\/sven-ove.nu\/wp-content\/uploads\/2022\/11\/003-Kopia-1024x828.jpg 1024w, https:\/\/sven-ove.nu\/wp-content\/uploads\/2022\/11\/003-Kopia-300x243.jpg 300w, https:\/\/sven-ove.nu\/wp-content\/uploads\/2022\/11\/003-Kopia-768x621.jpg 768w, https:\/\/sven-ove.nu\/wp-content\/uploads\/2022\/11\/003-Kopia-1536x1242.jpg 1536w, https:\/\/sven-ove.nu\/wp-content\/uploads\/2022\/11\/003-Kopia-2048x1656.jpg 2048w\" sizes=\"auto, (max-width: 1024px) 100vw, 1024px\" \/><\/a><\/figure>\n\n\n\n<p class=\"has-text-align-right wp-block-paragraph\"><em>Foto: Mikael Skalstad.<\/em><\/p>\n\n\n\n<blockquote class=\"wp-block-quote is-layout-flow wp-block-quote-is-layout-flow\">\n<p class=\"wp-block-paragraph\">Den h\u00e4r bloggen har levt i elva \u00e5r. En k\u00e4r lek som jag leker p\u00e5 stort allvar. De senaste m\u00e5naderna har dock tekniken kr\u00e5nglat. Webbplatsen har varit s\u00e5 gruvligt l\u00e5\u00e5\u00e5\u00e5\u00e5\u00e5\u00e5ngsam att jag till slut l\u00e4t bli att l\u00e4gga in n\u00e5gra nya inl\u00e4gg.<\/p>\n\n\n\n<p class=\"wp-block-paragraph\">Nu har jag f\u00e5tt ordning p\u00e5 datastr\u00f6mmarna igen. Jag \u00e4r f\u00f6rv\u00e5nad sj\u00e4lv.<\/p>\n<\/blockquote>\n\n\n\n<p class=\"wp-block-paragraph\">N\u00e4r f\u00f6rv\u00e5ningen lagt sig samlade jag n\u00e5gra \u00e4ldre inl\u00e4gg som jag tidigare lagt ut p\u00e5 Facebook under teknikpausen. Arkivarien i mig ville det. Dessutom finns det folk som jag bara n\u00e5r via just bloggen.<\/p>\n\n\n\n<p class=\"wp-block-paragraph\">V\u00e4lkommen tillbaka!<br><em><strong>Fotnot<\/strong>: 18 oktober, 3 oktober och 7 augusti \u00e4r b\u00e4st. Och 17 juli. Eller 4 juni?<\/em><\/p>\n\n\n\n<p class=\"has-light-pink-background-color has-background has-medium-font-size wp-block-paragraph\"><strong>Valda inl\u00e4gg utlagda p\u00e5 Facebook <\/strong><strong>n\u00e4r bloggtekniken kr\u00e5nglat:<\/strong><\/p>\n\n\n\n<p class=\"wp-block-paragraph\"><strong>9 november<\/strong><br><strong>SANNINGEN OM N\u00c4R SVERIGE<\/strong><br><strong>VILLE BLI NATO-SOLDAT<\/strong><\/p>\n\n\n\n<p class=\"wp-block-paragraph\">N\u00e4r Putin ska jaga in oss i NATO<br>st\u00e5r Erdogan i v\u00e4gen<br>och hindrar all trafik genom porten<br>Han har en annan port<br>som han hellre \u00f6ppnar<br>Porten in till sina f\u00e4ngelser<\/p>\n\n\n\n<p class=\"wp-block-paragraph\">Framf\u00f6r Erdogan<br>ligger Sveriges statsminister<br>och kryper i dammet<\/p>\n\n\n\n<p class=\"wp-block-paragraph\">St\u00e4ll dig upp, Ulf Kristersson!<\/p>\n\n\n\n<p class=\"wp-block-paragraph\">Mitt i alltihop st\u00e5r en norsk<br>och pratar engelska s\u00e5 \u00e4nglarna gr\u00e5ter<br>K\u00e5mm. J\u00e5jn.<br>J\u00e5jn \u00e5ss.<\/p>\n\n\n\n<p class=\"wp-block-paragraph\">Det \u00e4r en underlig v\u00e4rld<br>n\u00e4r de svenska NATO-v\u00e4nnernas<br>b\u00e4sta draghj\u00e4lp<br>\u00e4r en rysk diktator<br>medan motst\u00e5ndarnas b\u00e4sta<br>\u00e4r en turkisk<\/p>\n\n\n\n<p class=\"wp-block-paragraph\">J\u00e5jn \u00e5ss.<br>K\u00e5mm. J\u00e5jn.<\/p>\n\n\n\n<p class=\"wp-block-paragraph\">***<\/p>\n\n\n\n<p class=\"wp-block-paragraph\">St\u00e4ll dig upp, Ulf Kristersson.<\/p>\n\n\n\n<p class=\"wp-block-paragraph\">VIKTOR ROOT<br><em>(Dikt av min pseudonym Viktor Root. H\u00e4lsningar Sven-Ove Svensson).<\/em><\/p>\n\n\n\n<p class=\"wp-block-paragraph\"><strong>8 november<\/strong><br>Det finns stora problem. Och s\u00e5 finns det sm\u00e5.<\/p>\n\n\n\n<p class=\"wp-block-paragraph\">Just som jag skulle skriva att jag \u00e4r drygt ett \u00e5r \u00e4ldre \u00e4n Uppfinnar-Jockes medhj\u00e4lpare hittar jag uppgifter som h\u00e4vdar att Medhj\u00e4lparen \u00e4r f\u00f6dd b\u00e5de 1952 och 1956.<\/p>\n\n\n\n<p class=\"wp-block-paragraph\">D\u00e4\u2019 inga \u00e5rning.<\/p>\n\n\n\n<p class=\"wp-block-paragraph\"><strong>3 november<\/strong><br><strong>L\u00f6parl\u00e4rdom nr 153.<\/strong><br>Om du vid 71 \u00e5rs \u00e5lder skaffar ny, enkel men n\u00e5got modernare l\u00f6parklocka. Kolla INTE funktionen VO2 Max.<\/p>\n\n\n\n<p class=\"wp-block-paragraph\">Har du otur kommer den att p\u00e5st\u00e5 att din konditions\u00e5lder \u00e4r 62. D\u00e5 m\u00e5ste du b\u00f6rja jobba igen. I flera \u00e5r.<\/p>\n\n\n\n<p class=\"wp-block-paragraph\">Jag \u00e4r s\u00e5 tr\u00f6tt p\u00e5 den d\u00e4r Max.<\/p>\n\n\n\n<p class=\"wp-block-paragraph\"><strong>1 november<\/strong><br><strong>VEM HUNDAN \u00c4R J\u0100ZEPS GROSVALDS?<\/strong><\/p>\n\n\n\n<p class=\"wp-block-paragraph\">En dimmig h\u00f6stdag far vi till stan. Fikar p\u00e5 lokal, tittar p\u00e5 h\u00f6stkappa, unders\u00f6ker \u00f6gon och g\u00e5r bort till V\u00e4rmlands Museum. H\u00f6stsalongen har p\u00e5g\u00e5tt l\u00e4nge, nu f\u00e5r vi \u00e4ntligen se den.<\/p>\n\n\n\n<p class=\"wp-block-paragraph\">Jaha. D\u00e4r \u00e4r den.<br>Precis som i en dikt av G\u00f6ran Palm.<br>Fast utan h\u00f6jdpunkter.<\/p>\n\n\n\n<p class=\"wp-block-paragraph\">Jo, \u00e5rets stipendiater \u00e4r h\u00f6jdpunkter. Annika Eriksdotters fantastiska fotomontage, <a href=\"https:\/\/www.facebook.com\/staffan.jofjell?__cft__%5B0%5D=AZV3LQM-xmGrnSoLwJ4c-AHWluicnqFt07h-l7pRb0WWylQfLRWogGuOGalRFQAPNdikwwPwJaRTP1JdMdvSqhw9Ilc2H9I1JTcVohiWlWSb2JOJZiP0sduy8kMxyPTjlNyg_rpCcjnJ6kAxD3O1G3i4uSRO2K4gQlwBxIx_gQ541Q&amp;__tn__=-%5DK-R\">Staffan Jofjell<\/a>s inlevelsefulla foton och \u00f6dsliga video plus Sara Nilssons sp\u00e4nnande skulptur Malva i 3D-print. Resten l\u00e4mnar oss r\u00e4tt ober\u00f6rda. V\u00e4nta, Jennie Dahl\u00e9ns foton och m\u00e5leri p\u00e5 akryl f\u00e5r vi inte gl\u00f6mma. N\u00e4r jag tar ett beslutsamt andetag och g\u00e5r \u00e4nnu en l\u00e5ngsam runda hittar jag n\u00e5gra till. Bengtg\u00f6ran Flood, Marie Hettwer, kanske n\u00e5gon mer. \u00c4nd\u00e5 k\u00e4nns 2022 som ett mellan\u00e5r.<\/p>\n\n\n\n<p class=\"wp-block-paragraph\">D\u00e5 minns jag vad tjejen i receptionen sa n\u00e4r vi l\u00f6ste intr\u00e4de. \u201dGl\u00f6m inte J\u0101zeps Grosvalds utst\u00e4llning.\u201d Vem hundan \u00e4r J\u0101zeps Grosvalds? Medan gatlyktorna t\u00e4nds ute i parken g\u00e5r jag bort till gamla delen av museet. D\u00e4r h\u00e4nger \u00e4ntligen bilder som k\u00e4nns aktuella, fast konstn\u00e4ren dog f\u00f6r 102 \u00e5r sedan.<\/p>\n\n\n\n<p class=\"wp-block-paragraph\">D\u00e4r h\u00e4nger kriget.<\/p>\n\n\n\n<p class=\"wp-block-paragraph\">Sedan 1977 finns en unik samling verk av J\u0101zeps Grosvalds p\u00e5 V\u00e4rmlands Museum. 221 stycken, n\u00e4rmare best\u00e4mt. I utst\u00e4llningen visas f\u00f6r f\u00f6rsta g\u00e5ngen ett st\u00f6rre urval ur den samlingen. F\u00f6r att ge en fylligare bild har man l\u00e5nat in ett tjugotal m\u00e5lningar fr\u00e5n Lettlands nationella konstmuseum och fr\u00e5n privata l\u00e5ngivare i Sverige.<\/p>\n\n\n\n<p class=\"wp-block-paragraph\">Han f\u00f6ddes i Lettland 1891 av rika f\u00f6r\u00e4ldrar, drog till Paris som 18-\u00e5ring f\u00f6r att studera konst, uppt\u00e4cka Pablo Picasso och den radikala modernismen samt leva playboyliv. N\u00e4r f\u00f6rsta v\u00e4rldskriget br\u00f6t ut for han hem, f\u00f6rst f\u00f6r att skildra de lettiska flyktingar som tyskarna drivit mot Riga och sedan f\u00f6r att ta v\u00e4rvning som officer i ryska arm\u00e9n. \u00c4ven h\u00e4r m\u00e5lar han.<\/p>\n\n\n\n<p class=\"wp-block-paragraph\">Nu h\u00e4nger hans m\u00e5lningar p\u00e5 v\u00e4ggarna i gamla museidelen p\u00e5 Sandgrundsudden i Karlstad. \u00c4n en g\u00e5ng f\u00e5r vi se kriget. Tv\u00e5 soldater vilar med sina h\u00e4star. En annan kommer g\u00e5ende genom en skyttegrav med gev\u00e4ret i n\u00e4ven. Flyktingar far f\u00f6rbi p\u00e5 en handdragen vagn, ruiner i bakgrunden. \u00c4nnu mera flyktingar. Revolutionen kommer till Petrograd.<\/p>\n\n\n\n<p class=\"wp-block-paragraph\">Konstn\u00e4rens yngsta syster Margareta som hamnat i Sverige har alla sina sl\u00e4ktingar kvar p\u00e5 andra sidan j\u00e4rnrid\u00e5n 1977 och har sj\u00e4lv inga barn. D\u00e5 best\u00e4mmer hon sig f\u00f6r att sk\u00e4nka bilderna till museet.<\/p>\n\n\n\n<p class=\"wp-block-paragraph\">D\u00e4r h\u00e4nger de nu.<br>I Karlstad h\u00f6sten 2022 \u00e4r kriget dubbelt n\u00e4ra.<\/p>\n\n\n\n<p class=\"wp-block-paragraph\"><strong>28 oktober<\/strong><br><strong>L\u00f6parl\u00e4rdom nr 152.<\/strong><br>Jag har uppt\u00e4ckt att ett tr\u00e4ningspass som man genomf\u00f6r med d\u00f6d klocka \u00e4nd\u00e5 \u00e4r ett tr\u00e4ningspass.<\/p>\n\n\n\n<p class=\"wp-block-paragraph\"><strong>18 oktober<\/strong><br><strong>DET V\u00c5RAS F\u00d6R 1600-TALET<\/strong><\/p>\n\n\n\n<p class=\"wp-block-paragraph\">Ordet vandel \u00e4r belagt f\u00f6rsta g\u00e5ngen i svenskan 1621. Fyra \u00e5r senare b\u00f6rjade Axel Oxenstierna l\u00e5ta bygga Tid\u00f6 slott. Jag b\u00f6rjar ana vad v\u00e5r k\u00e4cka och bak\u00e5tstr\u00e4vande regering har t\u00e4nkt ska ing\u00e5 i sin kulturella kanon:<\/p>\n\n\n\n<p class=\"wp-block-paragraph\">\u201dHoo Gurker r\u00e4tt insylta will,<br>Beh\u00f6fwer meer \u00e4n bl\u00e5ttan Dill\u201d<\/p>\n\n\n\n<p class=\"wp-block-paragraph\">\u201dO du tyrann! Du blodhund!<br>Du blodhund, som i verlden<br>Haar aldrig haft din lijke!\u201d<\/p>\n\n\n\n<p class=\"wp-block-paragraph\">Tv\u00e5 riktiga kanonbitar.<\/p>\n\n\n\n<p class=\"wp-block-paragraph\">Ritningen till regalskeppet Vasa ska ocks\u00e5 med. Hon kanske inte fl\u00f6t s\u00e5 l\u00e4nge men hon hade dock luckor, precis som Ebba Buschs litter\u00e4ra kunskapsluckor.<\/p>\n\n\n\n<p class=\"wp-block-paragraph\">Riktiga kanonluckor.<\/p>\n\n\n\n<p class=\"wp-block-paragraph\"><strong>11 oktober<\/strong><br>T\u00e4nk-om-inte-l\u00f6ven-r\u00e4cker-till-att-t\u00e4cka-alla-hallonbuskar-och-rabatter-\u00e5ngest.<br>T\u00e4nk-om-solrosfr\u00f6na-till-f\u00e5gelmatningen-tar-slut-i-aff\u00e4rerna-\u00e5ngest.<br>T\u00e4nk-om-det-blir-en-vinter-helt-utan-sn\u00f6-\u00e5ngest.<\/p>\n\n\n\n<p class=\"wp-block-paragraph\">Trivs.<\/p>\n\n\n\n<p class=\"wp-block-paragraph\"><strong>3 oktober<\/strong><br>F\u00f6rfattaren David Lagercrantz har tackat ja till att skriva uppf\u00f6ljare till en av G\u00f6ran Tunstr\u00f6ms romaner. Titeln p\u00e5 den nya ber\u00e4ttelsen blir Ber\u00f6mda m\u00e4n som frusit i Sunne. S\u00f6kandet efter en l\u00e4mplig f\u00f6rfattare till folklustspelet Wermeledningarna forts\u00e4tter.<\/p>\n\n\n\n<p class=\"wp-block-paragraph\"><a href=\"https:\/\/www.facebook.com\/hashtag\/putinh%C3%B6st?__eep__=6&amp;__cft__%5B0%5D=AZXh0j7iN68aRDZoVuP6qR58LO15KS64iuoyIK5Q5JG6AqJfOJiH68mEZAqbIBBHsOO_sFxNwiqBCu7wzJc7IbQZglZA4hKDYDvSxRGEbeXVhQ6HW5tWdfoWFeaAI_buaJrEgU4W0HayQ0V2Sb9wBIe1R4o8zq_q7PHLh4mYWu9uyg&amp;__tn__=*NK-R\"><em>#putinh\u00f6st<\/em><\/a><em> <\/em><a href=\"https:\/\/www.facebook.com\/hashtag\/kulturenv%C3%A4rmer?__eep__=6&amp;__cft__%5B0%5D=AZXh0j7iN68aRDZoVuP6qR58LO15KS64iuoyIK5Q5JG6AqJfOJiH68mEZAqbIBBHsOO_sFxNwiqBCu7wzJc7IbQZglZA4hKDYDvSxRGEbeXVhQ6HW5tWdfoWFeaAI_buaJrEgU4W0HayQ0V2Sb9wBIe1R4o8zq_q7PHLh4mYWu9uyg&amp;__tn__=*NK-R\"><em>#kulturenv\u00e4rmer<\/em><\/a><em> <\/em><a href=\"https:\/\/www.facebook.com\/hashtag\/ochvedensen?__eep__=6&amp;__cft__%5B0%5D=AZXh0j7iN68aRDZoVuP6qR58LO15KS64iuoyIK5Q5JG6AqJfOJiH68mEZAqbIBBHsOO_sFxNwiqBCu7wzJc7IbQZglZA4hKDYDvSxRGEbeXVhQ6HW5tWdfoWFeaAI_buaJrEgU4W0HayQ0V2Sb9wBIe1R4o8zq_q7PHLh4mYWu9uyg&amp;__tn__=*NK-R\"><em>#ochvedensen<\/em><\/a><em><\/em><\/p>\n\n\n\n<p class=\"wp-block-paragraph\"><strong>28 september<\/strong><br><strong>DEN LILLA ORTENS F\u00d6RDEL<\/strong><\/p>\n\n\n\n<p class=\"wp-block-paragraph\">Jag har skrivit drygt 1 100 kr\u00f6nikor i olika medier, mer \u00e4n 2 200 blogginl\u00e4gg och \u00e4nnu fler Facebookinl\u00e4gg. En hel del av dem har varit kritiska mot olika f\u00f6reteelser och beslut i samh\u00e4llet, vissa i satirisk form. Helst vass s\u00e5dan. D\u00e5 har det f\u00f6rst\u00e5s h\u00e4nt att min hemkommun Forshaga f\u00e5tt en sl\u00e4ng av sleven ibland. Med all r\u00e4tt, hoppas jag.<\/p>\n\n\n\n<p class=\"wp-block-paragraph\">Den kritiken t\u00e4nker jag forts\u00e4tta med n\u00e4r det beh\u00f6vs.<\/p>\n\n\n\n<p class=\"wp-block-paragraph\">Men. En dag ins\u00e5g jag att det \u00e4r mycket som \u00e4r bra i mitt Forshaga ocks\u00e5 &#8211; som aldrig uppm\u00e4rksammas. Medias bevakning \u00e4r s\u00e4llsynt och sociala medier blir ofta gn\u00e4llspik-kanaler. Detta samtidigt som kommunen har massor av anst\u00e4llda som g\u00f6r ett fint och viktigt jobb och n\u00e4r det \u00e4ven finns mycket annat som \u00e4r positivt h\u00e4r p\u00e5 trakten.<\/p>\n\n\n\n<p class=\"wp-block-paragraph\">Mitt svar blev att starta en anspr\u00e5ksl\u00f6s Facebook-serie. \u201dDen lilla ortens f\u00f6rdel.\u201d Just nu \u00e4r serien uppe i drygt 50 korta inl\u00e4gg, om jag r\u00e4knar r\u00e4tt.<\/p>\n\n\n\n<p class=\"wp-block-paragraph\">Den t\u00e4nker jag ocks\u00e5 forts\u00e4tta med.<br>Man KAN ha tv\u00e5 tankar i huvudet samtidigt.<\/p>\n\n\n\n<p class=\"wp-block-paragraph\"><strong>13 september<\/strong><br>Telefon\u00f6ren ringer:<br>\u201dDet \u00e4r en viss tr\u00f6st.\u201d \u201dVad\u00e5?\u201d \u201dAtt Kristersson har s\u00e5nt besv\u00e4r. En regering ska ju bli bildad, har jag h\u00f6rt.\u201d<\/p>\n\n\n\n<p class=\"wp-block-paragraph\">\u201dBildad?\u201d<br>\u201dJust det. Bildad.\u201d<\/p>\n\n\n\n<p class=\"wp-block-paragraph\"><strong>10 september<\/strong><br>Jag var med om v\u00e4nsterv\u00e5gen p\u00e5 1960- och 1970-talen. Till slut blev vi s\u00e5 starka att Svenska Arbetsgivaref\u00f6reningen fick lov att starta en motoffensiv. \u201dSatsa p\u00e5 dig sj\u00e4lv.\u201d Den p\u00e5g\u00e5r \u00e4n, k\u00e4nns det som.<\/p>\n\n\n\n<p class=\"wp-block-paragraph\"><strong>SANNINGEN OM HUR V\u00c5R EKONOMI \u00c4R T\u00c4NKT<\/strong><br><em>(Dikt av Viktor Root)<\/em><\/p>\n\n\n\n<p class=\"wp-block-paragraph\">Tanken med v\u00e5rt nuvarande<br>ekonomiska system<br>\u00e4\u2019 att alle ska f\u00e5 det<br>lite b\u00e4ttre.<\/p>\n\n\n\n<p class=\"wp-block-paragraph\">\u00c4n alle andre.<\/p>\n\n\n\n<p class=\"wp-block-paragraph\"><strong>8 september<\/strong><br>H\u00f6stsol, vandrar i skog jag aldrig sett. Kartan fr\u00e5n 1800-talets slut minns backstugan d\u00e4r skogsarbetare Olof Larsson och hustrun Johanna bodde. Sonen Fritiof tog \u00f6ver torpet och bodde kvar till 1952.<\/p>\n\n\n\n<p class=\"wp-block-paragraph\">Mitt folk.<\/p>\n\n\n\n<p class=\"wp-block-paragraph\"><strong>5 september<\/strong><br><strong>TREDJE F\u00d6RS\u00d6KET<\/strong><\/p>\n\n\n\n<p class=\"wp-block-paragraph\">Jag vet. Det \u00e4r inte milj\u00f6v\u00e4nligt att f\u00e4rdas i l\u00e5nga rader, en och en i varsin personbil. Inte tv\u00e5 och tv\u00e5 heller.<\/p>\n\n\n\n<p class=\"wp-block-paragraph\">Allts\u00e5 k\u00f6pte vi milj\u00f6bil \u00e5tminstone, en som gick p\u00e5 etanol. \u201dV\u00e4nta, vet ni inte att etanolen \u00e4r hitfraktad fr\u00e5n Brasilien, dom sk\u00f6vlar Amazonas f\u00f6r att g\u00f6ra den.\u201d<\/p>\n\n\n\n<p class=\"wp-block-paragraph\">D\u00e5 k\u00f6pte vi n\u00e4sta milj\u00f6bil, en diesel. Strax kom Volkswagen-skandalen: v\u00e5r dieselmotor var schmutzig och bilen en fulbil.<\/p>\n\n\n\n<p class=\"wp-block-paragraph\">I januari best\u00e4llde vi elbil. Det \u00e4r fortfarande inte milj\u00f6v\u00e4nligt att f\u00e4rdas en och en och tv\u00e5 och tv\u00e5 men denna ska v\u00e4l inte sl\u00e4ppa ut en massa fossilr\u00f6k i alla fall, n\u00e4r vi v\u00e4l f\u00e5r den.<\/p>\n\n\n\n<p class=\"wp-block-paragraph\">&#8211; Dessutom blir det bara en tredjedel s\u00e5 dyrt br\u00e4nsle, viskade vi tyst till varandra.<\/p>\n\n\n\n<p class=\"wp-block-paragraph\">D\u00e5 h\u00f6rde vi hur en krigisk j\u00e4vel b\u00f6rjade storskratta l\u00e5ngt borta i Moskva.<br>&#8211; \u201dEn tredjedel\u201d? Bara en tredjedel s\u00e5 dyrt? Moa-ha-ha-ha-ha!<\/p>\n\n\n\n<p class=\"wp-block-paragraph\">***<\/p>\n\n\n\n<p class=\"wp-block-paragraph\">Man ska inte f\u00e4rdas i l\u00e5nga rader.<br>Man ska \u00e5ka buss och t\u00e5g och det ska vara billigt.<\/p>\n\n\n\n<p class=\"wp-block-paragraph\"><strong>3 september<\/strong><br>B\u00e4sta dagen varje sommar. Bes\u00f6ket i Ber\u00e4ttarladan.<\/p>\n\n\n\n<p class=\"wp-block-paragraph\">Trivs.<\/p>\n\n\n\n<p class=\"wp-block-paragraph\"><strong>1 september<\/strong><br><strong>P\u00c5 VANDRING MED KROPP OCH SJ\u00c4L<\/strong><\/p>\n\n\n\n<p class=\"wp-block-paragraph\">Vi \u00e4r ett g\u00e4ng gubbar som torsdagsvandrar. Vi kallar oss Gryningspatrullen. Allra f\u00f6rsta g\u00e5ngen, f\u00f6r n\u00e5gra \u00e5r sedan, blev temat torpruiner. Den g\u00e5ngen l\u00e4ste jag h\u00f6gt fr\u00e5n hembygdsf\u00f6reningens inventering, f\u00f6r jag ville att namnen p\u00e5 de som hade bott i torpen vi bes\u00f6kte skulle h\u00f6ras igen.<\/p>\n\n\n\n<p class=\"wp-block-paragraph\">Vi har g\u00e5tt vandringsleder. Kittelf\u00e4ltet, Kycklingleden och Samstorptj\u00e4rnet runt heter n\u00e5gra favoriter. Vi har badat, bestigit enklare berg, letat Hittaut-stolpar och geocachar. Vi har fikat en g\u00e5ng per tur och ibland tv\u00e5. Vi har studsat \u00f6ver tallmoar, pulsat i djup sn\u00f6, kanat \u00f6ver isar och tr\u00e4ngt fram genom t\u00e4ta gransn\u00e5r.<\/p>\n\n\n\n<p class=\"wp-block-paragraph\">I \u00e5r har vi hittat p\u00e5 ett nytt obligatoriskt inslag. Den som arrangerar vandringen ska v\u00e4lja ut en text att l\u00e4sa h\u00f6gt f\u00f6r oss andra.<\/p>\n\n\n\n<p class=\"wp-block-paragraph\">I dag \u00e4r det Tims tur. Han leder oss runt bland Hittaut-stolpar norrut i kommunen med kompassen i h\u00f6gsta hugg. Efter n\u00e5gon timme blir det fika i en solig gl\u00e4nta, mellan en kolbotten och en forn\u00e5ker.<\/p>\n\n\n\n<p class=\"wp-block-paragraph\">D\u00e4r har aldrig n\u00e5gon m\u00e4nniska rappat f\u00f6rut men nu g\u00f6r v\u00e5r v\u00e4n Tim det. Taktfast fyller han gl\u00e4ntan med Grateful Deads l\u00e5t New Speedway Boogie. \u201dI spent a little time on the mountain. I spent a little time on the hill\u201d.<\/p>\n\n\n\n<p class=\"wp-block-paragraph\">Kropp och sj\u00e4l h\u00e4nger ihop, t\u00e4nker jag tyst f\u00f6r mig sj\u00e4lv, n\u00e4r han skickar runt papperet med texten efter\u00e5t.<\/p>\n\n\n\n<p class=\"wp-block-paragraph\">Nu har vi bevisat det en g\u00e5ng till.<\/p>\n\n\n\n<p class=\"wp-block-paragraph\"><strong>17 augusti<\/strong><br>En sak som man s\u00e4llan g\u00f6r \u00e4r att torka orienteringssk\u00e4rmar i torksk\u00e5pet medan man l\u00e4ser noveller av Raymond Carver och blir passad av en katt med tratt.<\/p>\n\n\n\n<p class=\"wp-block-paragraph\"><strong>16 augusti<\/strong><br>Tisdag kv\u00e4ll. H\u00e5ller tal i Deje hos v\u00e4nner. R\u00e4dda kulturoasen Gamla Kraftstationen!<\/p>\n\n\n\n<p class=\"wp-block-paragraph\">\u201dDen goda kulturen har ett egenv\u00e4rde. Den handlar om humanism, yttrandefrihet, m\u00e5ngfald, m\u00e4nniskov\u00e4rde, empati, tankefrihet och eftert\u00e4nksamhet.\u201d<\/p>\n\n\n\n<p class=\"wp-block-paragraph\"><strong>7 augusti<\/strong><br><strong>PERSONLIGT REKORD P\u00c5 MILEN VID FYLLDA 71<\/strong><\/p>\n\n\n\n<p class=\"wp-block-paragraph\">Pl\u00f6tsligt h\u00e4nder det. Vid 71 \u00e5rs \u00e5lder s\u00e4tter jag personligt rekord i l\u00f6pning. Tv\u00e5 stycken. Kr\u00e5kb\u00e4ren bl\u00e4nker, fj\u00e4llbj\u00f6rken bugar och inom mig bubblar det av gl\u00e4dje.<\/p>\n\n\n\n<p class=\"wp-block-paragraph\">Pers! Tjohoo!<\/p>\n\n\n\n<p class=\"wp-block-paragraph\">Allt b\u00f6rjade med att landsh\u00f6vdingen i Kopparbergs l\u00e4n, Nils Reuterholm, bad den 27-\u00e5rige Carl Linnaeus att g\u00f6ra en resa i hans provins. \u201dOm Linnaeus inventerar v\u00e5rt l\u00e4n p\u00e5 nyttigheter ska jag betala Linnaeus kostnader och drygt det.\u201d<\/p>\n\n\n\n<p class=\"wp-block-paragraph\">\u201dTackar tackar.\u201d<\/p>\n\n\n\n<p class=\"wp-block-paragraph\">Den blivande professorn tog sju studenter med sig och red norrut fr\u00e5n Falun. Studenterna betalade sina kostnader sj\u00e4lva och fick olika ansvar under resan. N\u00e4sman blev geographicus, Clewberg physicus och secretarius, Fahlstedt stallm\u00e4stare. Andra blev ansvarig botanist och kvartersm\u00e4stare, zoolog och j\u00e4gm\u00e4stare, etnolog eller oeconomus. Till hj\u00e4lp skickade landsh\u00f6vdingen med tv\u00e5 dr\u00e4ngar.<\/p>\n\n\n\n<p class=\"wp-block-paragraph\">Iv\u00e4g for de och noterade gjorde de. Skrev upp allt fr\u00e5n medicinalv\u00e4xten fj\u00e4llkvanne som v\u00e4xte vid alla b\u00e4ckar och till sanden vid Gr\u00f6velsj\u00f6ns s\u00f6dra strand. Den kiselsanden skulle kunna sm\u00e4ltas till ett b\u00e4ttre glas \u00e4n n\u00e5gon sand Linnaeus sett n\u00e5gonstans. N\u00e4r expeditionsdeltagarna blev t\u00f6rstiga hittade de k\u00e4llor \u00f6verallt i d\u00e4lderna. \u201dAlla f\u00f6rde ett vatten, vars like man aldrig smakat, s\u00e5 f\u00f6r dess klarhet och k\u00f6ld som f\u00f6r dess smak. Det vatten smakar r\u00e4tt, som intet smakar.\u201d<\/p>\n\n\n\n<p class=\"wp-block-paragraph\">Klockan 08.45 i torsdags k\u00e4nde jag hur r\u00e4tt Linn\u00e9 hade. Vatten fr\u00e5n Gr\u00f6velsj\u00f6ns k\u00e4lla \u00e4r friskt, klart och fortfarande kallt. Jag f\u00e5r ta en klunk ur flaskan var tionde minut har jag best\u00e4mt. Det \u00e4r sen gammalt.<\/p>\n\n\n\n<p class=\"wp-block-paragraph\">L\u00e5ngsamt men ivrigt joggar jag uppf\u00f6r fj\u00e4llet och leden som b\u00e4r hans namn. Solen skiner och bakom mig skymtar Gr\u00f6vlan, STF:s fj\u00e4llstation och L\u00e5ngfj\u00e4llet. Framf\u00f6r mig slingrar sig Linn\u00e9stigen, prydligt markerad och sp\u00e5rad. P\u00e5 svenska sidan har de fyllt i med grus och lagt sp\u00e5ng d\u00e4r det beh\u00f6vs. Det \u00e4r s\u00e4mre med den saken upp\u00e5t Norge till, men det vet jag inte \u00e4n.<\/p>\n\n\n\n<p class=\"wp-block-paragraph\">\u201dKliv kliv \u00f6verlev\u201d, sa Mathias Fredriksson n\u00e4r han \u00e5kte skidor uppf\u00f6r slalombacken i Tour de Ski. S\u00e5 \u00e4r det inte f\u00f6r mig, \u00e4n g\u00e5r benen l\u00e4tt. Efter 640 meter st\u00e5r en gammal tall som m\u00e5ste ha sett Linn\u00e9 och karlarna rida f\u00f6rbi, efter 800 meter st\u00e5r en b\u00e4nk och vid en kilometer ett snyggt rastplatsbord med fasta b\u00e4nkar. Ha! Ni frestar inte mig med en hyvlad b\u00e4nk. Till topps, till topps!<\/p>\n\n\n\n<p class=\"wp-block-paragraph\">Pulsen \u00e4r fin, benen trivs. Tyst citerar jag mig sj\u00e4lv fr\u00e5n en annan l\u00f6prunda f\u00f6r l\u00e4nge sedan: \u201dKondition \u00e4r f\u00f6tter som vill i v\u00e4g och lungor som h\u00e5ller med.\u201d<\/p>\n\n\n\n<p class=\"wp-block-paragraph\">N\u00e5gonstans kring 2 600 l\u00f6pmeter uppf\u00f6r sluttningen s\u00f6der om Sj\u00f8h\u00f8gda kommer jag till ett renstaket och en grind. N\u00e4r jag l\u00e4ste guideboken i g\u00e5r fick jag f\u00f6r mig att staketet \u00e4r norska gr\u00e4nsen. Det st\u00e4mmer inte. Jag st\u00e4nger grinden, tittar p\u00e5 klockan och tar en f\u00f6rsiktig klunk vatten igen. N\u00e4r varje steg g\u00e5r uppf\u00f6r och jag inte varit utomlands under hela pandemin, d\u00e5 f\u00e5r man.<\/p>\n\n\n\n<p class=\"wp-block-paragraph\">400 meter l\u00e4ngre uppf\u00f6r backen st\u00e5r en gul skylt. Riksgr\u00e4ns NORGE.<br>Jas\u00e5 \u00e4r det h\u00e4r du \u00e4r.<\/p>\n\n\n\n<p class=\"wp-block-paragraph\">Heter b\u00e4cken bredvid mig Digerb\u00e4cken \u00e4ven p\u00e5 norska sidan? Jag vet inte men nu \u00e4r Linn\u00e9stigen norsk och ganska knocklig. H\u00e4r och d\u00e4r delar den sig i fyra-fem sm\u00e5stigar, n\u00e4r folk har f\u00f6rs\u00f6kt hitta b\u00e4ttre v\u00e4g mellan stigarna. Strunt i det, solen skiner och lungorna h\u00e5ller med.<\/p>\n\n\n\n<p class=\"wp-block-paragraph\">Strax innan fem kilometer ser jag f\u00f6rsta renen. Han betar fj\u00e4ll.<\/p>\n\n\n\n<p class=\"wp-block-paragraph\">Meningarna i min skalle b\u00f6rjar bli kortare. Ta kort. Spela in film. Drick, du f\u00e5r. Vatten finns.<\/p>\n\n\n\n<p class=\"wp-block-paragraph\">N\u00e4r jag st\u00e5r d\u00e4r, en av f\u00e5 v\u00e4tskepauser under den l\u00e5nga l\u00f6pningen uppf\u00f6r fj\u00e4llet v\u00e4ster om Gr\u00f6velsj\u00f6n och upp i passet mellan Salsfjellet och Sj\u00f8h\u00f8gda, sl\u00e5r det mig.<br>&#8211; Svensson, du har just satt personligt rekord. Du har sprungit en l\u00e5ng j\u00e4dra uppf\u00f6rsbacke p\u00e5 fem kilometer!<\/p>\n\n\n\n<p class=\"wp-block-paragraph\">Lyckan n\u00e4r jag sedan bubblande av gl\u00e4dje joggar, sm\u00e5studsar och \u00e4lgar nerf\u00f6r fj\u00e4llet tillbaka till bron \u00f6ver Gr\u00f6vlan t\u00e4nker jag inte ens f\u00f6rs\u00f6ka beskriva. JUST NU SPRING-ER JAG MITT LIVS L\u00c4NG-STA NER-F\u00d6RS-BACKE FEM KILO-METER L\u00c5NG HURRA!<\/p>\n\n\n\n<p class=\"wp-block-paragraph\">&#8211; Detta kommer du aldrig mer att f\u00e5 uppleva, skrattar den sj\u00e4lvutn\u00e4mnde l\u00f6ptr\u00e4naren inom mig. Njut Svensson, njut! Fem kilometer nerf\u00f6r! Du \u00e4r inte ens tr\u00f6tt!<br>&#8211; Vad tror du jag g\u00f6r? Nerf\u00f6r blir ocks\u00e5 pers!<\/p>\n\n\n\n<figure class=\"wp-block-image size-large is-resized\"><a href=\"https:\/\/sven-ove.nu\/wp-content\/uploads\/2022\/11\/Sverige-1.jpeg\"><img loading=\"lazy\" decoding=\"async\" src=\"https:\/\/sven-ove.nu\/wp-content\/uploads\/2022\/11\/Sverige-1-1024x641.jpeg\" alt=\"\" class=\"wp-image-24817\" width=\"256\" height=\"160\" srcset=\"https:\/\/sven-ove.nu\/wp-content\/uploads\/2022\/11\/Sverige-1-1024x641.jpeg 1024w, https:\/\/sven-ove.nu\/wp-content\/uploads\/2022\/11\/Sverige-1-300x188.jpeg 300w, https:\/\/sven-ove.nu\/wp-content\/uploads\/2022\/11\/Sverige-1-768x480.jpeg 768w, https:\/\/sven-ove.nu\/wp-content\/uploads\/2022\/11\/Sverige-1-1536x961.jpeg 1536w, https:\/\/sven-ove.nu\/wp-content\/uploads\/2022\/11\/Sverige-1-2048x1281.jpeg 2048w\" sizes=\"auto, (max-width: 256px) 100vw, 256px\" \/><\/a><\/figure>\n\n\n\n<p class=\"wp-block-paragraph\">FOTNOT: P\u00e5 kv\u00e4llen efter renk\u00f6ttet och potatisgrat\u00e4ngen p\u00e5 restaurangen vid Gr\u00f6velsj\u00f6ns fj\u00e4llstation tar jag fram kartan. Hmm, jag m\u00e5ste hit tillbaka. Tar jag den d\u00e4r smala stigen uppf\u00f6r Salsfj\u00e4llet, innan Linn\u00e9 sv\u00e4ngde v\u00e4nster, d\u00e5 g\u00e5r det att f\u00e5 ihop en kilometer till. I b\u00e5da riktningarna.<br>&#8211; Inger. Vi ska till Gr\u00f6velsj\u00f6n n\u00e4sta sommar med.<br>&#8211; Ska vi?<\/p>\n\n\n\n<p class=\"wp-block-paragraph\"><a href=\"https:\/\/www.facebook.com\/hashtag\/stfgr%C3%B6velsj%C3%B6n?__eep__=6&amp;__cft__%5B0%5D=AZWlUOxuVnzTXrK3LztJ4mumj1KEEKSnQFl1L5T3o6rOwy8ntLUnYrDll9IrMHM6Zbd8en7o5Bxb0-sWZMASUiRCnZtQwFuUOsvCZP9cbt9NgzQ6i5VVxDxeGeJSRUs-z9svo95CCNGne0edSGwXJjYG7RBl24l46XnlimeWfQjkuA&amp;__tn__=*NK-R\">#stfgr\u00f6velsj\u00f6n<\/a><\/p>\n\n\n\n<p class=\"wp-block-paragraph\"><strong>25 juli<\/strong><br>Ett av mina gamla inl\u00e4gg dyker upp. Det handlar om \u00e5ren 1965 &#8211; 1973, de som brukar kallas 1968. Inl\u00e4gget \u00e4r nio \u00e5r gammalt, i texten har jag precis f\u00e5tt bes\u00f6k av en v\u00e4n som var med:<\/p>\n\n\n\n<p class=\"wp-block-paragraph\"><em>\u201dJag beg\u00e4r inte att ni som \u00e4r f\u00f6dda efter 1956 ska f\u00f6rst\u00e5, men sp\u00e4nnande var det den g\u00e5ngen. Nu minns vi igen, \u00e4nnu en v\u00e4n fr\u00e5n den tiden och jag. I dag \u00e4r vi alla goda demokrater men k\u00e4re Marx vad vi f\u00f6r\u00e4ndrade er v\u00e4rld s\u00e5 ni kunde bli punkare, h\u00e5rdrockare, facebookare, instagramn\u00f6rdar. Ser du en 60-plussare p\u00e5 gatan, kyss hennes f\u00f6tter, 666-are. Den tanten kan ha v\u00e4nt din v\u00e4rld.\u201d<\/em><\/p>\n\n\n\n<p class=\"wp-block-paragraph\">I dag \u00e4r hon minst 65-plus men nu kysser du f\u00f6tterna och h\u00f6r sen!<\/p>\n\n\n\n<p class=\"wp-block-paragraph\"><strong>18 juli<\/strong><br>Jag \u00e4r part i m\u00e5let, n\u00e4r det g\u00e4ller SOS Alarm. F\u00f6r det f\u00f6rsta \u00e4r jag medborgare i detta land och beh\u00f6ver ett tryggt larmnummer till en effektiv larmcentral om det h\u00e4nder n\u00e5got. F\u00f6r det andra har jag jobbat som SOS-operat\u00f6r f\u00f6r 35 \u00e5r sedan.<\/p>\n\n\n\n<p class=\"wp-block-paragraph\">Gissningsvis har jag v\u00e4nner som jobbar kvar. Det jag minns av centralen och granncentralerna \u00e4r entusiasm, effektivitet, yrkesskicklighet &#8211; och snabbhet.<\/p>\n\n\n\n<p class=\"wp-block-paragraph\">I dag \u00e4r det si och s\u00e5 med snabbheten, l\u00e4ser jag i media. Fattar jag r\u00e4tt har man dessutom g\u00e5tt ifr\u00e5n den gamla regionala indelningen, d\u00e4r vi i Karlstad k\u00e4nde till varenda astmapatient i l\u00e4net. De beh\u00f6vde bara st\u00f6ta fram f\u00f6rnamnet p\u00e5 sm\u00e5timmarna, s\u00e5 kunde vi skicka br\u00e5dskande ambulans.<\/p>\n\n\n\n<p class=\"wp-block-paragraph\">Nu \u00e4r det inte s\u00e5, tycker jag mig f\u00f6rst\u00e5. Nu kan det vara f\u00f6rsta b\u00e4sta operat\u00f6r i landet som svarar. En f\u00f6rf\u00e4rlig metod om det \u00e4r sant. Tekniska hj\u00e4lpmedel som gps, nummerpresentation och 112-app i all \u00e4ra men det finns stunder d\u00e5 det \u00e4r n\u00f6dv\u00e4ndigt att kunna Eksh\u00e4rsdialekt eller veta vilken ort den menar som h\u00e4vdar att det brinner i \u201dKalan\u201d.<\/p>\n\n\n\n<p class=\"wp-block-paragraph\">Jag hoppas innerligt att jag fattat fel, n\u00e4r jag f\u00e5tt f\u00f6r mig att f\u00f6rsta lediga central i landet svarar. Men jag undrar.<\/p>\n\n\n\n<p class=\"wp-block-paragraph\">Sist jag beh\u00f6vde ringa 112 fick jag f\u00f6rklara f\u00f6r stackarn var Molkom ligger.<\/p>\n\n\n\n<p class=\"wp-block-paragraph\"><strong>17 juli<\/strong><br><strong>NY V\u00c4RK I SYDV\u00c4STRA SVEALAND<\/strong><\/p>\n\n\n\n<p class=\"wp-block-paragraph\">Den som har sprungit sedan 1952, den har n\u00e5got att ber\u00e4tta. Om skador n\u00e4mligen, ty l\u00f6pningen \u00e4r en medicinsk paradox. Du m\u00e5r b\u00e4ttre &#8211; och s\u00e4mre.<\/p>\n\n\n\n<p class=\"wp-block-paragraph\">Det \u00e4r alldeles underbart.<\/p>\n\n\n\n<p class=\"wp-block-paragraph\">Ett tag n\u00e4r jag h\u00f6ll l\u00f6pf\u00f6redrag hade jag anv\u00e4nda nummerlappar med mig och visade publiken. \u201dG\u00f6teborg Marathon 1983. Kn\u00e4et, tre \u00e5rs l\u00f6puppeh\u00e5ll.\u201d \u201dBerlin Marathon 1991. Spruckna bl\u00e5sor under varje mellant\u00e5. Hela t\u00e5rna.\u201d \u201dLiding\u00f6loppet 1993. Skrubbs\u00e5r p\u00e5 magen efter handl\u00f6st fall i tredje nerf\u00f6rsbacken.\u201d<\/p>\n\n\n\n<p class=\"wp-block-paragraph\">Mest uppskattad brukade en av mina S\u00e4fflemaror vara: \u201dTappad kroppsdel.\u201d<\/p>\n\n\n\n<p class=\"wp-block-paragraph\">En medicinsk paradox \u00e4r det. F\u00f6r mig \u00e4r motionsl\u00f6pningen ett gift, en bel\u00f6ning och en meditation. Jod\u00e5, jag antecknar fortfarande turer och tider. Jod\u00e5, klockan tickar fortare med \u00e5ren trots att str\u00e4ckorna krymper. Jad\u00e5, l\u00f6parskorna st\u00e5r med p\u00e5 varenda packningslista, om jag s\u00e5 bara ska iv\u00e4g och se beg\u00e5vade barnbarn spela familjeteater i M\u00f6lndal. Man vet aldrig.<\/p>\n\n\n\n<p class=\"wp-block-paragraph\">Jag har haft skador och besv\u00e4r hela v\u00e4gen fr\u00e5n skallen och ner\u00e5t. \u201dD\u00e4r sitter v\u00e4l inga njurar!\u201d sa en doktor p\u00e5 v\u00e5rdcentralen, n\u00e4r jag klagade \u00f6ver att v\u00e4tskeb\u00e4ltet skavde mot dom. \u201dDet d\u00e4r \u00e4r ingen blodpropp, sa en l\u00e4kare p\u00e5 akuten halv fyra p\u00e5 morgonen och kl\u00e4mde mig p\u00e5 smalbenet. \u201dDet \u00e4r benhinnan.\u201d<\/p>\n\n\n\n<p class=\"wp-block-paragraph\">S\u00e4g en l\u00f6phindrande \u00e5komma; har jag inte haft den s\u00e5 har jag trott att jag haft den. Min sm\u00e4rttr\u00f6skel \u00e4r lika l\u00e5g som inlevelsef\u00f6rm\u00e5gan \u00e4r h\u00f6g. \u201dK\u00e4nna efter\u201d \u00e4r mitt mellannamn, \u201dLyssna p\u00e5 kroppen\u201d mitt efternamn.<\/p>\n\n\n\n<p class=\"wp-block-paragraph\">\u00c4nd\u00e5 finns det ett l\u00f6pbesv\u00e4r som jag trodde att jag f\u00f6r evigt skulle slippa. Ont i pupparna. Det fick jag i fredags.<\/p>\n\n\n\n<p class=\"wp-block-paragraph\">Jag skulle ut p\u00e5 en l\u00e4tt f\u00f6rmiddagsrunda f\u00f6rbi nya hundrastg\u00e5rden, v\u00e4gbygget, friluftsg\u00e5rden, elljussp\u00e5ret, nerf\u00f6r vattentornsv\u00e4gen, ut p\u00e5 Grossbolsgatan, Storgatan och sedan bort\u00e5t samh\u00e4llet till &#8211; och hem. Kanske en sv\u00e4ng p\u00e5 v\u00e5r asfalterade banvall ocks\u00e5. Inga m\u00e4rkv\u00e4rdigheter.<\/p>\n\n\n\n<p class=\"wp-block-paragraph\">Efter tio meter gjorde det ont i br\u00f6sten. Nej, jag \u00e4r inte v\u00e4lutvecklad upptill men n\u00e4r en lagom tjock man hamnar i sina b\u00e4sta \u00e5r h\u00e4nder det en dag att han m\u00e4rker att han inte \u00e4r ensam n\u00e4r han l\u00f6per. Pl\u00f6tsligt \u00e4r han tre. S\u00e5 v\u00e4ldigt studsar v\u00e4l inte hans tv\u00e5 nya v\u00e4nner under hakan men ett visst skumpande, det blir det.<\/p>\n\n\n\n<p class=\"wp-block-paragraph\">D\u00e5 har karln f\u00e5tt l\u00f6p-br\u00f6st.<\/p>\n\n\n\n<p class=\"wp-block-paragraph\">Det h\u00e4nde mig f\u00f6r elva \u00e5r sedan. S\u00e5 sm\u00e5ningom gick det \u00f6ver, 5:2 \u00e4r en bra metod. Nu pl\u00f6tsligt \u00e4r pupparna tillbaka och de g\u00f6r ont.<\/p>\n\n\n\n<p class=\"wp-block-paragraph\">I f\u00f6rsta nerf\u00f6rsbacken bortanf\u00f6r friluftsg\u00e5rden inser jag vad br\u00f6stv\u00e4rken beror p\u00e5. Jag har legat p\u00e5 mage p\u00e5 garagetaket och skrapat vindskivan ovanf\u00f6r vedskjulet. Str\u00e4ckt mig s\u00e5 l\u00e5ngt jag r\u00e4ckt ned\u00e5t, skrapat, borstat och skr-a-p-a-t. \u00c5hej, \u00e5h\u00e5, allt ska v\u00e4ck!<\/p>\n\n\n\n<p class=\"wp-block-paragraph\">Nu v\u00e4rker revbenen som jag l\u00e5g p\u00e5 uppe p\u00e5 taket. \u00c4nd\u00e5 ringer jag inte en enda doktor, man f\u00e5r inte ge tappt. Men \u00e4nd\u00e5: n\u00e4r jag kommer hem kan jag skriva upp \u00e4nnu ett nytt l\u00f6pbesv\u00e4r.<\/p>\n\n\n\n<p class=\"wp-block-paragraph\">Puppv\u00e4rk.<\/p>\n\n\n\n<p class=\"wp-block-paragraph\"><strong>3 juli<\/strong><br><strong>N\u00c4R JAG SVURIT L\u00c4NGE NOG<\/strong><\/p>\n\n\n\n<p class=\"wp-block-paragraph\">Olof Palme kr\u00e5nglade till det med tre linjer i folkomr\u00f6stningen om k\u00e4rnkraft och efter ett tag hade hela partiet gl\u00f6mt att man lovat avskaffa k\u00e4rnkraften till \u00e5r 2010. Den som \u00e4r livsfarlig i 100 000 \u00e5r.<br>Jag suckade men kallade mig fortfarande socialdemokrat.<\/p>\n\n\n\n<p class=\"wp-block-paragraph\">Ingvar Carlsson ville inf\u00f6ra strejkstopp mitt under Lillemor Arvidssons och kommunalarbetarnas konflikt. Han som var arbetarledare.<br>Jag suckade men kallade mig fortfarande socialdemokrat.<\/p>\n\n\n\n<p class=\"wp-block-paragraph\">G\u00f6ran Persson och Kjell-Olof Feldt blev nyliberaler och b\u00f6rjade \u00f6ka klyftorna brett i Sverige.<br>Jag muttrade men kallade mig socialdemokrat.<\/p>\n\n\n\n<p class=\"wp-block-paragraph\">Ingvar Carlsson l\u00e4mnade Tage Erlanders gamla nejlinje och gick med i den \u00f6verstatliga Europeiska Unionen.<br>Jag svor men kallade mig socialdemokrat.<\/p>\n\n\n\n<p class=\"wp-block-paragraph\">Stefan L\u00f6fven f\u00f6rklarade h\u00f6gtidligt att hans Europa bygger inga murar. N\u00e5gra veckor senare gjorde han det.<br>D\u00e5 hade jag redan svurit f\u00e4rdigt.<\/p>\n\n\n\n<p class=\"wp-block-paragraph\">Nyss kom Magdalena Andersson \u00f6verens med Turkiet om v\u00e5ra kurder. Nyss bytte Sveriges f\u00f6rsvarsminister \u00e5sikt om svensk alliansfrihet. Nyss b\u00f6rjade Sveriges utrikesminister bilda allians med en diktator som kallar sina landsm\u00e4n terrorister bara f\u00f6r att de kritiserar honom.<\/p>\n\n\n\n<p class=\"wp-block-paragraph\">Nu sv\u00e4r jag inte l\u00e4ngre.<br>Jag har g\u00e5tt vidare.<br>Gl\u00e4djen och v\u00e4rmen fanns p\u00e5 annat h\u00e5ll.<\/p>\n\n\n\n<p class=\"wp-block-paragraph\">Den som vi kallar<br>solidaritet.<\/p>\n\n\n\n<p class=\"wp-block-paragraph\"><strong>31 juni<\/strong><br>Det \u00e4r ett falskt rykte att skator knycker silver, l\u00e4ser jag i min f\u00e5gelbok. Bra. Men att de hj\u00e4lper m\u00e4nniskan att h-i-t-t-a silver st\u00e5r det inget om.<\/p>\n\n\n\n<p class=\"wp-block-paragraph\">S\u00e5h\u00e4r \u00e4r det. Vi har ett favoritst\u00e4lle en mil hemifr\u00e5n som heter Gamla Kraftstationen. D\u00e4r k\u00f6pte jag ett par \u00f6rh\u00e4ngen \u00e5t den k\u00e4ra v\u00e4nnen f\u00f6r n\u00e5gra \u00e5r sedan. \u201dBj\u00f6rk\u201d av <a href=\"https:\/\/www.facebook.com\/eva.deivert?__cft__%5B0%5D=AZVBTbHZ1futL1EyUpr6geMvLuxAY9HHkhd1dC5YGoUdUKA1-hxfVznHwd8EjIlbspaSm8-qrqZpYpqgeVRW09EFahzWABz4XK33u6142-jRctCv7hsJS6Xuss4V3_JitCqd8NTJqFjdWF43mjXN4vRe3ml5PJXUlW8ZML_0UPtDqA&amp;__tn__=-%5DK-R\">Eva Deivert<\/a>. De \u00e4r fina, tycker vi.<\/p>\n\n\n\n<p class=\"wp-block-paragraph\">F\u00f6r en m\u00e5nad sedan r\u00e5kade hon tappa ett av \u00f6rh\u00e4ngena. Hon m\u00e4rkte aldrig var det skedde. Ledsamt, men det \u00e4r s\u00e5nt som h\u00e4nder.<\/p>\n\n\n\n<p class=\"wp-block-paragraph\">Nyss l\u00e5g jag i v\u00e5r hammock och \u00e4gnade mig \u00e5t viktiga sysslor som att l\u00e4sa bok och lyssna p\u00e5 humlorna och bina i v\u00e5r plymspirea. D\u00e5 ser jag i \u00f6gonvr\u00e5n en skata borta vid vinb\u00e4rsbuskarna. Hon g\u00e5r omkring p\u00e5 gr\u00e4smattan och leker med n\u00e5got vitt i munnen. Vitt? Vad kan en skata ha hittat f\u00f6r n\u00e5got vitt som \u00e4r s\u00e5 intressant?<\/p>\n\n\n\n<p class=\"wp-block-paragraph\">Jag g\u00e5r dit. F\u00f6rst m\u00e4rker jag att n\u00e5gon varit och knyckt av v\u00e5ra vita jordgubbar, men de \u00e4r inte vita nog. Det m\u00e5ste ha varit n\u00e5got annat hon busade med. D\u00e5 ser jag vad det \u00e4r. Hon har bitit av sj\u00e4lva blomman p\u00e5 en pr\u00e4stkrage och farit runt med. Nu ligger den tilltufsad i gr\u00e4set.<\/p>\n\n\n\n<p class=\"wp-block-paragraph\">Varf\u00f6r skatan gjorde s\u00e5 har jag ingen aning om. Det \u00e4r inte mycket mat p\u00e5 en pr\u00e4stkrage och traktens skator \u00e4r inte k\u00e4nda som n\u00e5gra pollinat\u00f6rer. Fast en sak vet jag. Det som h\u00e4ndelsevis r\u00e5kar ligga och bl\u00e4nka i gr\u00e4set strax intill den kastade blomman &#8211; \u00e4r ett fint \u00f6rh\u00e4nge i silver av Eva Deivert.<\/p>\n\n\n\n<p class=\"wp-block-paragraph\">Det m\u00e5ste ha legat d\u00e4r en m\u00e5nad och bl\u00e4nkt. Minst tre g\u00e5nger har jag k\u00f6rt \u00f6ver det med gr\u00e4sklipparen.<\/p>\n\n\n\n<p class=\"wp-block-paragraph\">Tack skata. Tack f\u00f6r att du ledde mig r\u00e4tt.<br>Vill du ha en jordgubbe?<\/p>\n\n\n\n<p class=\"wp-block-paragraph\"><strong>12 juni<\/strong><br>S\u00f6ndag. Tr\u00e4ffar en medm\u00e4nniska i kaffek\u00f6n p\u00e5 kulturoasen Gamla Kraftstationen i Deje.<br>&#8211; \u00c4r det inte du som skrev kr\u00f6nikor i V\u00e4rmlands Folkblad? s\u00e4ger hon och ler sn\u00e4llt.<br>&#8211; Till 2004 ja.<br>&#8211; De var s\u00e5 bra. Jag l\u00e4ste allt du skrev.<\/p>\n\n\n\n<p class=\"wp-block-paragraph\">Hela s\u00f6ndagen g\u00e5r jag omkring och k\u00e4nner sj\u00e4len g\u00f6ra hoppsasteg. Tjohoo!<br>Allt slit. Det betydde n\u00e5got f\u00f6r n\u00e5gon.<\/p>\n\n\n\n<p class=\"wp-block-paragraph\"><strong>8 juni<\/strong><br>Onsdag i ottan. Jag tar \u00e4nnu en klunk kaffe i f\u00f6rsomrigheten och lyssnar. Fr\u00e5n min balkong h\u00f6rs regnvattnet som hittar gatubrunnen d\u00e4r nere, borta vid v\u00e4garbetet p\u00e5 andra sidan \u00e4ngen piper backande lastbilar, d\u00e5 och d\u00e5 h\u00e4lsar v\u00e4sterg\u00f6ken.<\/p>\n\n\n\n<p class=\"wp-block-paragraph\">1749 skrev en av Linn\u00e9s l\u00e4rjungar ner vad folktron ans\u00e5g om s\u00f6derg\u00f6ken, \u00f6sterg\u00f6ken, norrg\u00f6ken och v\u00e4sterg\u00f6ken. Johan Otto Hagstr\u00f6m reste i J\u00e4mtland n\u00e4r n\u00e5gon l\u00e4rde honom ramsan:<\/p>\n\n\n\n<p class=\"wp-block-paragraph\">\u201d\u00d6stergi\u00f6k \u00e4r tr\u00f6ste-gi\u00f6k.<br>V\u00e4ster-gi\u00f6k \u00e4r b\u00e4ste gi\u00f6k.<br>N\u00e5rr-gi\u00f6k \u00e4r S\u00e5rg-gi\u00f6k.<br>S\u00f6r-gi\u00f6k (d. \u00e4. S\u00f6eder-gi\u00f6k) \u00e4r sm\u00f6rgi\u00f6k.\u201d<\/p>\n\n\n\n<p class=\"wp-block-paragraph\">Medan morgonen sakta n\u00e4rmar sig frukostdags pendlar jag mellan Elin Cullheds roman om Sylvia Plath och g\u00f6kisk folktrogoogling i mobilen.<\/p>\n\n\n\n<p class=\"wp-block-paragraph\">VARF\u00d6R trodde man detta om \u00e5rets f\u00f6rsta g\u00f6k? undrar en medm\u00e4nniska p\u00e5 Facebook.<\/p>\n\n\n\n<p class=\"wp-block-paragraph\">D\u00e5 gal han igen v\u00e4sterifr\u00e5n, medan jag \u00f6verg\u00e5r till dagens f\u00f6rsta nyhetsartikel om ryska kriget. Glad att det bara \u00e4r ett v\u00e4gbygge som larmar p\u00e5 Grossbolstorps h\u00f6jder.<\/p>\n\n\n\n<p class=\"wp-block-paragraph\">Jag vet inte varf\u00f6r ramsorna kom till. Varf\u00f6r blev A-brunnar farliga? Fantasi och l\u00e4ngtan efter sammanhang?<\/p>\n\n\n\n<p class=\"wp-block-paragraph\">Jas\u00e5 sm\u00f6rg\u00f6k. Det hade jag inte h\u00f6rt f\u00f6rut.<\/p>\n\n\n\n<p class=\"wp-block-paragraph\"><strong>4 juni<\/strong><br>Trolig fr\u00e5ga den dag jag kommer till P\u00e4rleporten:<br>&#8211; Vad har du varit bra f\u00f6r, Svensson?<br>&#8211; Jag har cyklat utan att h\u00e5lla i styret fem kilometer krokig grusv\u00e4g fr\u00e5n lanthandeln i B\u00e4ckelid och hem. Sista kilometerna gjorde jag tricks med tom glasspinne fr\u00e5n mungipa till mungipa.<\/p>\n\n\n\n<p class=\"wp-block-paragraph\">&#8211; Kom in, s\u00e4ger Sankte Per.<\/p>\n\n\n\n<p class=\"has-light-pink-background-color has-background wp-block-paragraph\"><a href=\"https:\/\/sven-ove.nu\/\">Hem<\/a>&nbsp;|&nbsp;<a href=\"https:\/\/sven-ove.nu\/?page_id=170\">Om mig<\/a>&nbsp;|&nbsp;<a href=\"https:\/\/sven-ove.nu\/?page_id=1385\">Skriva &amp; prata<\/a>&nbsp;|&nbsp;<a href=\"https:\/\/sven-ove.nu\/?page_id=100\">Politik<\/a>&nbsp;|&nbsp;<a href=\"https:\/\/sven-ove.nu\/?page_id=102\">L\u00f6pa<\/a>&nbsp;|&nbsp;<a href=\"https:\/\/sven-ove.nu\/?page_id=108\">Viktor Root<\/a>&nbsp;&nbsp;<br><em>Inl\u00e4gg nr 2 219. (c) Sven-Ove Svensson (men dela g\u00e4rna).<\/em><\/p>\n","protected":false},"excerpt":{"rendered":"<p>Foto: Mikael Skalstad. Den h\u00e4r bloggen har levt i elva \u00e5r. En k\u00e4r lek som jag leker p\u00e5 stort allvar. De senaste m\u00e5naderna har dock tekniken kr\u00e5nglat. Webbplatsen har varit s\u00e5 gruvligt l\u00e5\u00e5\u00e5\u00e5\u00e5\u00e5\u00e5ngsam att jag till slut l\u00e4t bli att l\u00e4gga in n\u00e5gra nya inl\u00e4gg. Nu har jag f\u00e5tt ordning p\u00e5 datastr\u00f6mmarna igen. Jag \u00e4r &hellip; <a href=\"https:\/\/sven-ove.nu\/?p=24801\" class=\"more-link\">Forts\u00e4tt l\u00e4sa <span class=\"screen-reader-text\">Hurra, bloggen fungerar igen! L\u00e5t oss genast l\u00e4gga ut ett j\u00e4tteinl\u00e4gg<\/span><\/a><\/p>\n","protected":false},"author":1,"featured_media":0,"comment_status":"closed","ping_status":"open","sticky":false,"template":"","format":"standard","meta":{"_crdt_document":"","_monsterinsights_skip_tracking":false,"_monsterinsights_sitenote_active":false,"_monsterinsights_sitenote_note":"","_monsterinsights_sitenote_category":0,"footnotes":""},"categories":[10,28,5,6,9,4,11],"tags":[16,8,18,14,21],"class_list":["post-24801","post","type-post","status-publish","format-standard","hentry","category-familjen","category-kreativt-folk","category-lopning","category-natur","category-politik","category-skrivande","category-viktor-root","tag-dumheter","tag-historia","tag-lardomar","tag-lasning","tag-ord"],"_links":{"self":[{"href":"https:\/\/sven-ove.nu\/index.php?rest_route=\/wp\/v2\/posts\/24801","targetHints":{"allow":["GET"]}}],"collection":[{"href":"https:\/\/sven-ove.nu\/index.php?rest_route=\/wp\/v2\/posts"}],"about":[{"href":"https:\/\/sven-ove.nu\/index.php?rest_route=\/wp\/v2\/types\/post"}],"author":[{"embeddable":true,"href":"https:\/\/sven-ove.nu\/index.php?rest_route=\/wp\/v2\/users\/1"}],"replies":[{"embeddable":true,"href":"https:\/\/sven-ove.nu\/index.php?rest_route=%2Fwp%2Fv2%2Fcomments&post=24801"}],"version-history":[{"count":11,"href":"https:\/\/sven-ove.nu\/index.php?rest_route=\/wp\/v2\/posts\/24801\/revisions"}],"predecessor-version":[{"id":24820,"href":"https:\/\/sven-ove.nu\/index.php?rest_route=\/wp\/v2\/posts\/24801\/revisions\/24820"}],"wp:attachment":[{"href":"https:\/\/sven-ove.nu\/index.php?rest_route=%2Fwp%2Fv2%2Fmedia&parent=24801"}],"wp:term":[{"taxonomy":"category","embeddable":true,"href":"https:\/\/sven-ove.nu\/index.php?rest_route=%2Fwp%2Fv2%2Fcategories&post=24801"},{"taxonomy":"post_tag","embeddable":true,"href":"https:\/\/sven-ove.nu\/index.php?rest_route=%2Fwp%2Fv2%2Ftags&post=24801"}],"curies":[{"name":"wp","href":"https:\/\/api.w.org\/{rel}","templated":true}]}}