{"id":24821,"date":"2022-11-14T04:51:00","date_gmt":"2022-11-14T03:51:00","guid":{"rendered":"https:\/\/sven-ove.nu\/?p=24821"},"modified":"2022-11-14T08:07:22","modified_gmt":"2022-11-14T07:07:22","slug":"goda-mal-och-usla","status":"publish","type":"post","link":"https:\/\/sven-ove.nu\/?p=24821","title":{"rendered":"Goda m\u00e5l och usla"},"content":{"rendered":"\n<p class=\"wp-block-paragraph\">\u201dJag \u00e4r bakom dig\u201d s\u00e4ger de i tr\u00e5nga restaurangk\u00f6k. D\u00e4r g\u00f6r de det av ren h\u00e4nsyn.<\/p>\n\n\n\n<p class=\"wp-block-paragraph\">N\u00e4r Jimmie \u00c5kesson ropar till Ulf Kristersson \u00e4r det av helt andra sk\u00e4l. Han st\u00e5r bakom och skjuter p\u00e5.<\/p>\n\n\n\n<p class=\"wp-block-paragraph\">Mot nya usla m\u00e5l.<\/p>\n\n\n\n<figure class=\"wp-block-image size-large is-resized is-style-rounded\"><a href=\"https:\/\/sven-ove.nu\/wp-content\/uploads\/2022\/11\/Svamp-2-2-scaled.jpeg\"><img loading=\"lazy\" decoding=\"async\" src=\"https:\/\/sven-ove.nu\/wp-content\/uploads\/2022\/11\/Svamp-2-2-981x1024.jpeg\" alt=\"\" class=\"wp-image-24826\" width=\"245\" height=\"256\" srcset=\"https:\/\/sven-ove.nu\/wp-content\/uploads\/2022\/11\/Svamp-2-2-981x1024.jpeg 981w, https:\/\/sven-ove.nu\/wp-content\/uploads\/2022\/11\/Svamp-2-2-287x300.jpeg 287w, https:\/\/sven-ove.nu\/wp-content\/uploads\/2022\/11\/Svamp-2-2-768x802.jpeg 768w, https:\/\/sven-ove.nu\/wp-content\/uploads\/2022\/11\/Svamp-2-2-1472x1536.jpeg 1472w, https:\/\/sven-ove.nu\/wp-content\/uploads\/2022\/11\/Svamp-2-2-1962x2048.jpeg 1962w\" sizes=\"auto, (max-width: 245px) 100vw, 245px\" \/><\/a><\/figure>\n\n\n\n<p class=\"wp-block-paragraph\"><\/p>\n\n\n\n<p class=\"has-dark-gray-color has-light-blue-background-color has-text-color has-background wp-block-paragraph\"><em><strong>###<\/strong> M\u00e5l \u00e4r ett sp\u00e4nnande ord. Det kan betyda talf\u00f6rm\u00e5ga, dialekt, n\u00e5got du \u00e4ter, r\u00e4tteg\u00e5ngssak, ett \u00e5lderdomligt ord f\u00f6r m\u00e5tt, en idrottsterm och ett syfte.<\/em><br><em><strong>###<\/strong> I betydelsen m\u00e5ltid \u00e4r det belagt sedan Westg\u00f6ta-Lagen p\u00e5 slutet av 1200-talet. I betydelsen talf\u00f6rm\u00e5ga \u00e4r det \u00e4nnu \u00e4ldre och finns bevarat p\u00e5 runsten.<\/em><br><em><strong>###<\/strong> Att h\u00f6ga herrar ibland anv\u00e4nder sig av marionetter f\u00f6r att d\u00f6lja sin makt \u00e4r ocks\u00e5 sen gammalt.<\/em><\/p>\n\n\n\n<p class=\"has-light-gray-background-color has-background wp-block-paragraph\"><a href=\"https:\/\/sven-ove.nu\/\">Hem<\/a>\u00a0|\u00a0<a href=\"https:\/\/sven-ove.nu\/?page_id=170\">Om mig<\/a>\u00a0|\u00a0<a href=\"https:\/\/sven-ove.nu\/?page_id=1385\">Skriva &amp; prata<\/a>\u00a0|\u00a0<a href=\"https:\/\/sven-ove.nu\/?page_id=100\">Politik<\/a>\u00a0|\u00a0<a href=\"https:\/\/sven-ove.nu\/?page_id=102\">L\u00f6pa<\/a>\u00a0|\u00a0<a href=\"https:\/\/sven-ove.nu\/?page_id=108\">Viktor Root<\/a>\u00a0\u00a0<br><em>Inl\u00e4gg nr 2 220. (c) Sven-Ove Svensson (men dela g\u00e4rna).<\/em><\/p>\n","protected":false},"excerpt":{"rendered":"<p>\u201dJag \u00e4r bakom dig\u201d s\u00e4ger de i tr\u00e5nga restaurangk\u00f6k. D\u00e4r g\u00f6r de det av ren h\u00e4nsyn. N\u00e4r Jimmie \u00c5kesson ropar till Ulf Kristersson \u00e4r det av helt andra sk\u00e4l. Han st\u00e5r bakom och skjuter p\u00e5. Mot nya usla m\u00e5l. ### M\u00e5l \u00e4r ett sp\u00e4nnande ord. Det kan betyda talf\u00f6rm\u00e5ga, dialekt, n\u00e5got du \u00e4ter, r\u00e4tteg\u00e5ngssak, ett &hellip; <a href=\"https:\/\/sven-ove.nu\/?p=24821\" class=\"more-link\">Forts\u00e4tt l\u00e4sa <span class=\"screen-reader-text\">Goda m\u00e5l och usla<\/span><\/a><\/p>\n","protected":false},"author":1,"featured_media":0,"comment_status":"closed","ping_status":"open","sticky":false,"template":"","format":"standard","meta":{"_crdt_document":"","_monsterinsights_skip_tracking":false,"_monsterinsights_sitenote_active":false,"_monsterinsights_sitenote_note":"","_monsterinsights_sitenote_category":0,"footnotes":""},"categories":[28,9,4],"tags":[3,16,8,21],"class_list":["post-24821","post","type-post","status-publish","format-standard","hentry","category-kreativt-folk","category-politik","category-skrivande","tag-arbete","tag-dumheter","tag-historia","tag-ord"],"_links":{"self":[{"href":"https:\/\/sven-ove.nu\/index.php?rest_route=\/wp\/v2\/posts\/24821","targetHints":{"allow":["GET"]}}],"collection":[{"href":"https:\/\/sven-ove.nu\/index.php?rest_route=\/wp\/v2\/posts"}],"about":[{"href":"https:\/\/sven-ove.nu\/index.php?rest_route=\/wp\/v2\/types\/post"}],"author":[{"embeddable":true,"href":"https:\/\/sven-ove.nu\/index.php?rest_route=\/wp\/v2\/users\/1"}],"replies":[{"embeddable":true,"href":"https:\/\/sven-ove.nu\/index.php?rest_route=%2Fwp%2Fv2%2Fcomments&post=24821"}],"version-history":[{"count":8,"href":"https:\/\/sven-ove.nu\/index.php?rest_route=\/wp\/v2\/posts\/24821\/revisions"}],"predecessor-version":[{"id":24834,"href":"https:\/\/sven-ove.nu\/index.php?rest_route=\/wp\/v2\/posts\/24821\/revisions\/24834"}],"wp:attachment":[{"href":"https:\/\/sven-ove.nu\/index.php?rest_route=%2Fwp%2Fv2%2Fmedia&parent=24821"}],"wp:term":[{"taxonomy":"category","embeddable":true,"href":"https:\/\/sven-ove.nu\/index.php?rest_route=%2Fwp%2Fv2%2Fcategories&post=24821"},{"taxonomy":"post_tag","embeddable":true,"href":"https:\/\/sven-ove.nu\/index.php?rest_route=%2Fwp%2Fv2%2Ftags&post=24821"}],"curies":[{"name":"wp","href":"https:\/\/api.w.org\/{rel}","templated":true}]}}