{"id":24839,"date":"2022-11-16T05:47:00","date_gmt":"2022-11-16T04:47:00","guid":{"rendered":"https:\/\/sven-ove.nu\/?p=24839"},"modified":"2022-11-16T10:09:53","modified_gmt":"2022-11-16T09:09:53","slug":"en-dag-som-gravande-reporter","status":"publish","type":"post","link":"https:\/\/sven-ove.nu\/?p=24839","title":{"rendered":"<strong>En dag som gr\u00e4vande reporter<\/strong>"},"content":{"rendered":"\n<figure class=\"wp-block-image size-large is-resized\"><a href=\"https:\/\/sven-ove.nu\/wp-content\/uploads\/2022\/11\/Fontan-scaled.jpg\"><img loading=\"lazy\" decoding=\"async\" src=\"https:\/\/sven-ove.nu\/wp-content\/uploads\/2022\/11\/Fontan-1024x1024.jpg\" alt=\"\" class=\"wp-image-24840\" width=\"512\" height=\"512\" srcset=\"https:\/\/sven-ove.nu\/wp-content\/uploads\/2022\/11\/Fontan-1024x1024.jpg 1024w, https:\/\/sven-ove.nu\/wp-content\/uploads\/2022\/11\/Fontan-300x300.jpg 300w, https:\/\/sven-ove.nu\/wp-content\/uploads\/2022\/11\/Fontan-150x150.jpg 150w, https:\/\/sven-ove.nu\/wp-content\/uploads\/2022\/11\/Fontan-768x768.jpg 768w, https:\/\/sven-ove.nu\/wp-content\/uploads\/2022\/11\/Fontan-1536x1536.jpg 1536w, https:\/\/sven-ove.nu\/wp-content\/uploads\/2022\/11\/Fontan-2048x2048.jpg 2048w\" sizes=\"auto, (max-width: 512px) 100vw, 512px\" \/><\/a><\/figure>\n\n\n\n<blockquote class=\"wp-block-quote is-layout-flow wp-block-quote-is-layout-flow\">\n<p class=\"wp-block-paragraph\"><\/p>\n\n\n\n<p class=\"wp-block-paragraph\">Jag var lokalredakt\u00f6r. Det \u00e4r ett m\u00e5ngsidigt jobb. Du ska intervjua, skriva och fotografera. Eftersom vi inte hade n\u00e5gon kontorist p\u00e5 kontoret i Sunne skulle jag dessutom ta emot annonser.<\/p>\n<\/blockquote>\n\n\n\n<p class=\"wp-block-paragraph\"><\/p>\n\n\n\n<p class=\"wp-block-paragraph\">En dag kom det en karl fr\u00e5n Rottneros. Han ville s\u00e4tta in en annons.<br>&#8211; Kan du f\u00f6rmedla den till G\u00f6teborgs-Posten ocks\u00e5?<br>&#8211; Absolut.<\/p>\n\n\n\n<p class=\"wp-block-paragraph\">Karln gav mig ett f\u00e4rdigskrivet manus om sina silvertackor. Jag tyckte att hans kostym var lite f\u00f6r prydlig f\u00f6r en f\u00e5rfarmare och ung var han ocks\u00e5 men det var ju hans ensak. Jag tog betalt och faxade texten vidare. \u00d6verrubriken fyllde jag i sj\u00e4lv. \u201dLevande djur, s\u00e4ljes\u201d.<\/p>\n\n\n\n<p class=\"wp-block-paragraph\"><strong>Missat hela ruschen<\/strong><br>Tidigt n\u00e4sta morgon ringde han mig i bostaden och sk\u00e4llde.<br>&#8211; \u00c4r du idiot du?!<br>&#8211; Inte vad jag vet.<br>&#8211; Du, det \u00e4r mycket du inte vet. Det \u00e4r silver jag s\u00e4ljer f\u00f6r faen. Silver!<\/p>\n\n\n\n<p class=\"wp-block-paragraph\">Jag hade fullst\u00e4ndigt missat att det p\u00e5gick en silverrusch i landet. Jas\u00e5 var det s\u00e5na tackor du menade. F\u00f6rl\u00e5t. Jag tyckte v\u00e4l du hade fin kostym.<\/p>\n\n\n\n<p class=\"wp-block-paragraph\"><strong>Ringer och skrattar<\/strong><br>P\u00e5 eftermiddagen ringde han igen.<br>&#8211; Du \u00e4r ett geni, Svensson. Jag har aldrig f\u00e5tt s\u00e5 m\u00e5nga svar p\u00e5 en annons. Folk ringer och gapskrattar i luren. Alla har sett den. Sen k\u00f6per dom mitt silver.&nbsp;<\/p>\n\n\n\n<p class=\"wp-block-paragraph\">Det tog slut alltihop.<\/p>\n\n\n\n<p class=\"has-light-blue-background-color has-background wp-block-paragraph\"><a href=\"https:\/\/sven-ove.nu\/\">Hem<\/a>&nbsp;|&nbsp;<a href=\"https:\/\/sven-ove.nu\/?page_id=170\">Om mig<\/a>&nbsp;|&nbsp;<a href=\"https:\/\/sven-ove.nu\/?page_id=1385\">Skriva &amp; prata<\/a>&nbsp;|&nbsp;<a href=\"https:\/\/sven-ove.nu\/?page_id=100\">Politik<\/a>&nbsp;|&nbsp;<a href=\"https:\/\/sven-ove.nu\/?page_id=102\">L\u00f6pa<\/a>&nbsp;|&nbsp;<a href=\"https:\/\/sven-ove.nu\/?page_id=108\">Viktor Root<\/a>&nbsp;&nbsp;<br><em>Inl\u00e4gg nr 2 222. (c) Sven-Ove Svensson (men dela g\u00e4rna).<\/em><\/p>\n","protected":false},"excerpt":{"rendered":"<p>Jag var lokalredakt\u00f6r. Det \u00e4r ett m\u00e5ngsidigt jobb. Du ska intervjua, skriva och fotografera. Eftersom vi inte hade n\u00e5gon kontorist p\u00e5 kontoret i Sunne skulle jag dessutom ta emot annonser. En dag kom det en karl fr\u00e5n Rottneros. Han ville s\u00e4tta in en annons.&#8211; Kan du f\u00f6rmedla den till G\u00f6teborgs-Posten ocks\u00e5?&#8211; Absolut. Karln gav mig &hellip; <a href=\"https:\/\/sven-ove.nu\/?p=24839\" class=\"more-link\">Forts\u00e4tt l\u00e4sa <span class=\"screen-reader-text\"><strong>En dag som gr\u00e4vande reporter<\/strong><\/span><\/a><\/p>\n","protected":false},"author":1,"featured_media":0,"comment_status":"closed","ping_status":"open","sticky":false,"template":"","format":"standard","meta":{"_crdt_document":"","_monsterinsights_skip_tracking":false,"_monsterinsights_sitenote_active":false,"_monsterinsights_sitenote_note":"","_monsterinsights_sitenote_category":0,"footnotes":""},"categories":[28,4],"tags":[3,16],"class_list":["post-24839","post","type-post","status-publish","format-standard","hentry","category-kreativt-folk","category-skrivande","tag-arbete","tag-dumheter"],"_links":{"self":[{"href":"https:\/\/sven-ove.nu\/index.php?rest_route=\/wp\/v2\/posts\/24839","targetHints":{"allow":["GET"]}}],"collection":[{"href":"https:\/\/sven-ove.nu\/index.php?rest_route=\/wp\/v2\/posts"}],"about":[{"href":"https:\/\/sven-ove.nu\/index.php?rest_route=\/wp\/v2\/types\/post"}],"author":[{"embeddable":true,"href":"https:\/\/sven-ove.nu\/index.php?rest_route=\/wp\/v2\/users\/1"}],"replies":[{"embeddable":true,"href":"https:\/\/sven-ove.nu\/index.php?rest_route=%2Fwp%2Fv2%2Fcomments&post=24839"}],"version-history":[{"count":7,"href":"https:\/\/sven-ove.nu\/index.php?rest_route=\/wp\/v2\/posts\/24839\/revisions"}],"predecessor-version":[{"id":24874,"href":"https:\/\/sven-ove.nu\/index.php?rest_route=\/wp\/v2\/posts\/24839\/revisions\/24874"}],"wp:attachment":[{"href":"https:\/\/sven-ove.nu\/index.php?rest_route=%2Fwp%2Fv2%2Fmedia&parent=24839"}],"wp:term":[{"taxonomy":"category","embeddable":true,"href":"https:\/\/sven-ove.nu\/index.php?rest_route=%2Fwp%2Fv2%2Fcategories&post=24839"},{"taxonomy":"post_tag","embeddable":true,"href":"https:\/\/sven-ove.nu\/index.php?rest_route=%2Fwp%2Fv2%2Ftags&post=24839"}],"curies":[{"name":"wp","href":"https:\/\/api.w.org\/{rel}","templated":true}]}}