{"id":24861,"date":"2022-11-18T05:41:00","date_gmt":"2022-11-18T04:41:00","guid":{"rendered":"https:\/\/sven-ove.nu\/?p=24861"},"modified":"2022-11-14T15:30:22","modified_gmt":"2022-11-14T14:30:22","slug":"en-paminnelse-for-klentrogna","status":"publish","type":"post","link":"https:\/\/sven-ove.nu\/?p=24861","title":{"rendered":"<strong>En p\u00e5minnelse f\u00f6r klentrogna<\/strong>"},"content":{"rendered":"\n<figure class=\"wp-block-image size-large\"><a href=\"https:\/\/sven-ove.nu\/wp-content\/uploads\/2022\/11\/Facebook-24-juni-2022.png\"><img loading=\"lazy\" decoding=\"async\" width=\"1024\" height=\"877\" src=\"https:\/\/sven-ove.nu\/wp-content\/uploads\/2022\/11\/Facebook-24-juni-2022-1024x877.png\" alt=\"\" class=\"wp-image-24862\" srcset=\"https:\/\/sven-ove.nu\/wp-content\/uploads\/2022\/11\/Facebook-24-juni-2022-1024x877.png 1024w, https:\/\/sven-ove.nu\/wp-content\/uploads\/2022\/11\/Facebook-24-juni-2022-300x257.png 300w, https:\/\/sven-ove.nu\/wp-content\/uploads\/2022\/11\/Facebook-24-juni-2022-768x658.png 768w, https:\/\/sven-ove.nu\/wp-content\/uploads\/2022\/11\/Facebook-24-juni-2022.png 1172w\" sizes=\"auto, (max-width: 1024px) 100vw, 1024px\" \/><\/a><\/figure>\n\n\n\n<p class=\"has-text-align-right wp-block-paragraph\"><em>Foto: Inger Nilsson<\/em><\/p>\n\n\n\n<p class=\"wp-block-paragraph\">Snart \u00e4r det sommar igen. <br>Bilden fr\u00e5n min tidslinje p\u00e5 Facebook 24 juni 2022.<\/p>\n\n\n\n<p class=\"wp-block-paragraph\">H\u00e5ll ut.<br>Men h\u00e5ll g\u00e4rna in magen vid profilfoton.<\/p>\n\n\n\n<p class=\"has-background wp-block-paragraph\" style=\"background-color:#b7f5b6\"><a href=\"https:\/\/sven-ove.nu\/\">Hem<\/a>&nbsp;|&nbsp;<a href=\"https:\/\/sven-ove.nu\/?page_id=170\">Om mig<\/a>&nbsp;|&nbsp;<a href=\"https:\/\/sven-ove.nu\/?page_id=1385\">Skriva &amp; prata<\/a>&nbsp;|&nbsp;<a href=\"https:\/\/sven-ove.nu\/?page_id=100\">Politik<\/a>&nbsp;|&nbsp;<a href=\"https:\/\/sven-ove.nu\/?page_id=102\">L\u00f6pa<\/a>&nbsp;|&nbsp;<a href=\"https:\/\/sven-ove.nu\/?page_id=108\">Viktor Root<\/a>&nbsp;&nbsp;<br><em>Inl\u00e4gg nr 2 224. (c) Sven-Ove Svensson (men dela g\u00e4rna).<\/em><\/p>\n\n\n\n<p class=\"wp-block-paragraph\"><\/p>\n","protected":false},"excerpt":{"rendered":"<p>Foto: Inger Nilsson Snart \u00e4r det sommar igen. Bilden fr\u00e5n min tidslinje p\u00e5 Facebook 24 juni 2022. H\u00e5ll ut.Men h\u00e5ll g\u00e4rna in magen vid profilfoton. Hem&nbsp;|&nbsp;Om mig&nbsp;|&nbsp;Skriva &amp; prata&nbsp;|&nbsp;Politik&nbsp;|&nbsp;L\u00f6pa&nbsp;|&nbsp;Viktor Root&nbsp;&nbsp;Inl\u00e4gg nr 2 224. (c) Sven-Ove Svensson (men dela g\u00e4rna).<\/p>\n","protected":false},"author":1,"featured_media":0,"comment_status":"closed","ping_status":"open","sticky":false,"template":"","format":"standard","meta":{"_crdt_document":"","_monsterinsights_skip_tracking":false,"_monsterinsights_sitenote_active":false,"_monsterinsights_sitenote_note":"","_monsterinsights_sitenote_category":0,"footnotes":""},"categories":[10,6],"tags":[24],"class_list":["post-24861","post","type-post","status-publish","format-standard","hentry","category-familjen","category-natur","tag-karlek"],"_links":{"self":[{"href":"https:\/\/sven-ove.nu\/index.php?rest_route=\/wp\/v2\/posts\/24861","targetHints":{"allow":["GET"]}}],"collection":[{"href":"https:\/\/sven-ove.nu\/index.php?rest_route=\/wp\/v2\/posts"}],"about":[{"href":"https:\/\/sven-ove.nu\/index.php?rest_route=\/wp\/v2\/types\/post"}],"author":[{"embeddable":true,"href":"https:\/\/sven-ove.nu\/index.php?rest_route=\/wp\/v2\/users\/1"}],"replies":[{"embeddable":true,"href":"https:\/\/sven-ove.nu\/index.php?rest_route=%2Fwp%2Fv2%2Fcomments&post=24861"}],"version-history":[{"count":5,"href":"https:\/\/sven-ove.nu\/index.php?rest_route=\/wp\/v2\/posts\/24861\/revisions"}],"predecessor-version":[{"id":24870,"href":"https:\/\/sven-ove.nu\/index.php?rest_route=\/wp\/v2\/posts\/24861\/revisions\/24870"}],"wp:attachment":[{"href":"https:\/\/sven-ove.nu\/index.php?rest_route=%2Fwp%2Fv2%2Fmedia&parent=24861"}],"wp:term":[{"taxonomy":"category","embeddable":true,"href":"https:\/\/sven-ove.nu\/index.php?rest_route=%2Fwp%2Fv2%2Fcategories&post=24861"},{"taxonomy":"post_tag","embeddable":true,"href":"https:\/\/sven-ove.nu\/index.php?rest_route=%2Fwp%2Fv2%2Ftags&post=24861"}],"curies":[{"name":"wp","href":"https:\/\/api.w.org\/{rel}","templated":true}]}}