{"id":24893,"date":"2022-11-20T04:28:00","date_gmt":"2022-11-20T03:28:00","guid":{"rendered":"https:\/\/sven-ove.nu\/?p=24893"},"modified":"2022-11-20T11:02:20","modified_gmt":"2022-11-20T10:02:20","slug":"om-gubbars-framtidstro-och-ungt-folks-livfullhet","status":"publish","type":"post","link":"https:\/\/sven-ove.nu\/?p=24893","title":{"rendered":"Om gubbars framtidstro och ungt folks livfullhet"},"content":{"rendered":"\n<figure class=\"wp-block-image size-large\"><a href=\"https:\/\/sven-ove.nu\/wp-content\/uploads\/2022\/11\/Gubbemedsvamp-scaled.jpeg\"><img loading=\"lazy\" decoding=\"async\" width=\"1024\" height=\"967\" src=\"https:\/\/sven-ove.nu\/wp-content\/uploads\/2022\/11\/Gubbemedsvamp-1024x967.jpeg\" alt=\"\" class=\"wp-image-24894\" srcset=\"https:\/\/sven-ove.nu\/wp-content\/uploads\/2022\/11\/Gubbemedsvamp-1024x967.jpeg 1024w, https:\/\/sven-ove.nu\/wp-content\/uploads\/2022\/11\/Gubbemedsvamp-300x283.jpeg 300w, https:\/\/sven-ove.nu\/wp-content\/uploads\/2022\/11\/Gubbemedsvamp-768x725.jpeg 768w, https:\/\/sven-ove.nu\/wp-content\/uploads\/2022\/11\/Gubbemedsvamp-1536x1450.jpeg 1536w, https:\/\/sven-ove.nu\/wp-content\/uploads\/2022\/11\/Gubbemedsvamp-2048x1934.jpeg 2048w\" sizes=\"auto, (max-width: 1024px) 100vw, 1024px\" \/><\/a><\/figure>\n\n\n\n<p class=\"has-text-align-right wp-block-paragraph\"><em>Herre med pension. Foto: Inger Nilsson.<\/em><\/p>\n\n\n\n<p class=\"wp-block-paragraph\"><\/p>\n\n\n\n<blockquote class=\"wp-block-quote is-layout-flow wp-block-quote-is-layout-flow\">\n<p class=\"wp-block-paragraph\">Mina vardagar n\u00e4r jag g\u00e5r hemifr\u00e5n pendlar mellan gubbar och unga damer.<br>De \u00e4ldre h\u00e5ller framtidstron vid liv.<br>De yngre h\u00e5ller mitt sinne levande.<\/p>\n<\/blockquote>\n\n\n\n<p class=\"wp-block-paragraph\">L\u00e5ter det en aning paradoxalt? Jag vet. Det d\u00e4r med framtidstro och \u00e5lder \u00e4r dessutom en ny insikt f\u00f6r mig.<\/p>\n\n\n\n<p class=\"wp-block-paragraph\"><strong>Tack f\u00f6r hj\u00e4lpen<\/strong><br>S\u00e5 h\u00e4r \u00e4r det. Livet har sett till att jag regelbundet hamnat bland ungt folk, b\u00e5de n\u00e4r jag arbetade och nu i min pension\u00e4rsvardag. Unga pigga medm\u00e4nniskor, ofta tjejer, som genom \u00e5ren l\u00e4rt mig nya ord som \u201dperfa\u201d, \u201dflexa\u201d och \u201dteams\u201d liksom om vilka l\u00e4sbara b\u00f6cker som skrivits av f\u00f6rfattare f\u00f6dda efter 1980. Diamant Salihu, Suad Ali och dom.<\/p>\n\n\n\n<p class=\"wp-block-paragraph\">Eller vad en hamburgare \u00e4r p\u00e5 en webbplats.<\/p>\n\n\n\n<p class=\"wp-block-paragraph\">Framf\u00f6r allt tvingar de mig att skaffa f\u00e4rskare referensramar \u00e4n Per Oscarssons kalsongframtr\u00e4dande i Hylands h\u00f6rna 1966, Ralf Edstr\u00f6ms volleym\u00e5l mot V\u00e4sttyskland i VM 1974 eller tiden n\u00e4r Den Gamle var ungdomens hj\u00e4lte.<\/p>\n\n\n\n<p class=\"wp-block-paragraph\">Det var s\u00e5 roligt att arbeta tillsammans med de d\u00e4r kloka och vakna tjejerna p\u00e5 olika arbetsplatser. Det \u00e4r s\u00e5 uppfriskande att m\u00f6ta andra lika pigga unga damer i v\u00e5r bokcirkel och styrelse nuf\u00f6rtiden. Ni h\u00e5ller mitt sinne ungt och nyfikenheten kvar, det \u00e4r inte det s\u00e4msta. Tack f\u00f6r hj\u00e4lpen med det.<\/p>\n\n\n\n<p class=\"wp-block-paragraph\"><strong>Orden g\u00e5r fortast<\/strong><br>Gubbarna sedan. Det f\u00f6ll sig s\u00e5 att min v\u00e4n Mikael och jag b\u00f6rjade vandra raskt i skogen tillsammans. I dag \u00e4r vi fler och hastigheten v\u00e4rdigare men orden dansar lika fort. N\u00e5gon kan blommor, n\u00e5gra kan f\u00e5glar, alla kan fika och varje g\u00e5ng l\u00e4ser en av oss i Gryningspatrullen en dikt.<\/p>\n\n\n\n<p class=\"wp-block-paragraph\">Jag tr\u00e4ffar f\u00f6rresten \u00e4ldre damer med, i \u00e4nnu en styrelse. Varenda en av dem \u00e4r mer bel\u00e4st \u00e4n vad jag n\u00e5gonsin kommer att bli. Respekt!<\/p>\n\n\n\n<p class=\"wp-block-paragraph\">Dock tror de att den h\u00e4r karln \u00e4r expert p\u00e5 datateknik, s\u00e4rskilt d\u00e5 digitala m\u00f6ten. Sn\u00e4lla ni andra, s\u00e4g ingenting till styrelsen i F\u00f6reningen V\u00e4rmlandslitteratur om hur det verkligen ligger till med den saken. Det \u00e4r en s\u00e5 vacker tro.<\/p>\n\n\n\n<p class=\"wp-block-paragraph\"><strong>De f\u00f6rklarar min optimism<\/strong><br>H\u00e4rom kv\u00e4llen var det bokcirkel igen. Lokalen l\u00e5nad av ABF, fem pers runt bordet, en hade fika med (saffranskakorna var ljuvliga!) och alla deltog friskt i diskussionen kring Nina Van Den Brinks biografi om Maja Ekel\u00f6f.<\/p>\n\n\n\n<p class=\"wp-block-paragraph\">Jag minns ju uppst\u00e5ndelsen kring Maja 1970 och hur stark v\u00e4nsterv\u00e5gen var de d\u00e4r \u00e5ren. N\u00e4r jag ber\u00e4ttar om den inser jag sakta varf\u00f6r jag kan vara den st\u00f6rste optimisten i rummet, s\u00e5 g\u00f4bbe jag \u00e4r.<\/p>\n\n\n\n<p class=\"wp-block-paragraph\">Det f\u00f6rklarar de n\u00e4mligen f\u00f6r mig, ungdomarna.<\/p>\n\n\n\n<p class=\"wp-block-paragraph\">&#8211; Jo f\u00f6rst\u00e5r ni, det fanns en framtidstro, s\u00e4ger jag. Sverige blev j\u00e4mlikare och j\u00e4mlikare, \u00e5r 1980 var klyftorna som allra minst.<br>&#8211; D\u00e5 var inte vi f\u00f6dda\u2026<\/p>\n\n\n\n<p class=\"wp-block-paragraph\">Det \u00e4r klart att det \u00e4r l\u00e4ttare att tro p\u00e5 framtiden f\u00f6r den som sett att framsteg \u00e4r m\u00f6jliga, s\u00e4ger de. L\u00e4ttare \u00e4n f\u00f6r den som bara sett individualismen v\u00e4xa f\u00f6r varje \u00e5r hon har levat. Trump &amp; girighet &amp; fr\u00e4mlingsfientlighet &amp; Putin &amp; Ulf Kristersson och en socialdemokrati som gl\u00f6mt sin socialdemokrati.<\/p>\n\n\n\n<p class=\"wp-block-paragraph\">S\u00e5dant l\u00e4r jag av att tr\u00e4ffa ungt folk. Det \u00e4r en s\u00e5n vemodig kunskap men \u00e4nd\u00e5 blir jag innerligt glad av de m\u00f6tena.<\/p>\n\n\n\n<p class=\"has-light-blue-background-color has-background wp-block-paragraph\"><strong><em>Fotnot<\/em><\/strong><em>: med ungt folk menas h\u00e4r medm\u00e4nniskor som \u00e4r 30 \u00e5r yngre \u00e4n denne 71-\u00e5ring. Med gubbar menas herrar med pension vilka utst\u00f6ter ett s\u00e4rskilt sorts ljud n\u00e4r dessa herrar m\u00f6dosamt kliver ut ur en bil. Gubbst\u00f6net.<\/em><\/p>\n\n\n\n<p class=\"has-light-gray-background-color has-background wp-block-paragraph\"><a href=\"https:\/\/sven-ove.nu\/\">Hem<\/a>&nbsp;|&nbsp;<a href=\"https:\/\/sven-ove.nu\/?page_id=170\">Om mig<\/a>&nbsp;|&nbsp;<a href=\"https:\/\/sven-ove.nu\/?page_id=1385\">Skriva &amp; prata<\/a>&nbsp;|&nbsp;<a href=\"https:\/\/sven-ove.nu\/?page_id=100\">Politik<\/a>&nbsp;|&nbsp;<a href=\"https:\/\/sven-ove.nu\/?page_id=102\">L\u00f6pa<\/a>&nbsp;|&nbsp;<a href=\"https:\/\/sven-ove.nu\/?page_id=108\">Viktor Root<\/a>&nbsp;&nbsp;<br><em>Inl\u00e4gg nr 2 225. (c) Sven-Ove Svensson (men dela g\u00e4rna).<\/em><\/p>\n","protected":false},"excerpt":{"rendered":"<p>Herre med pension. Foto: Inger Nilsson. Mina vardagar n\u00e4r jag g\u00e5r hemifr\u00e5n pendlar mellan gubbar och unga damer.De \u00e4ldre h\u00e5ller framtidstron vid liv.De yngre h\u00e5ller mitt sinne levande. L\u00e5ter det en aning paradoxalt? Jag vet. Det d\u00e4r med framtidstro och \u00e5lder \u00e4r dessutom en ny insikt f\u00f6r mig. Tack f\u00f6r hj\u00e4lpenS\u00e5 h\u00e4r \u00e4r det. Livet &hellip; <a href=\"https:\/\/sven-ove.nu\/?p=24893\" class=\"more-link\">Forts\u00e4tt l\u00e4sa <span class=\"screen-reader-text\">Om gubbars framtidstro och ungt folks livfullhet<\/span><\/a><\/p>\n","protected":false},"author":1,"featured_media":0,"comment_status":"closed","ping_status":"open","sticky":false,"template":"","format":"standard","meta":{"_crdt_document":"","_monsterinsights_skip_tracking":false,"_monsterinsights_sitenote_active":false,"_monsterinsights_sitenote_note":"","_monsterinsights_sitenote_category":0,"footnotes":""},"categories":[28,9,4],"tags":[3,8,24,18,14,17],"class_list":["post-24893","post","type-post","status-publish","format-standard","hentry","category-kreativt-folk","category-politik","category-skrivande","tag-arbete","tag-historia","tag-karlek","tag-lardomar","tag-lasning","tag-solidaritet"],"_links":{"self":[{"href":"https:\/\/sven-ove.nu\/index.php?rest_route=\/wp\/v2\/posts\/24893","targetHints":{"allow":["GET"]}}],"collection":[{"href":"https:\/\/sven-ove.nu\/index.php?rest_route=\/wp\/v2\/posts"}],"about":[{"href":"https:\/\/sven-ove.nu\/index.php?rest_route=\/wp\/v2\/types\/post"}],"author":[{"embeddable":true,"href":"https:\/\/sven-ove.nu\/index.php?rest_route=\/wp\/v2\/users\/1"}],"replies":[{"embeddable":true,"href":"https:\/\/sven-ove.nu\/index.php?rest_route=%2Fwp%2Fv2%2Fcomments&post=24893"}],"version-history":[{"count":7,"href":"https:\/\/sven-ove.nu\/index.php?rest_route=\/wp\/v2\/posts\/24893\/revisions"}],"predecessor-version":[{"id":24903,"href":"https:\/\/sven-ove.nu\/index.php?rest_route=\/wp\/v2\/posts\/24893\/revisions\/24903"}],"wp:attachment":[{"href":"https:\/\/sven-ove.nu\/index.php?rest_route=%2Fwp%2Fv2%2Fmedia&parent=24893"}],"wp:term":[{"taxonomy":"category","embeddable":true,"href":"https:\/\/sven-ove.nu\/index.php?rest_route=%2Fwp%2Fv2%2Fcategories&post=24893"},{"taxonomy":"post_tag","embeddable":true,"href":"https:\/\/sven-ove.nu\/index.php?rest_route=%2Fwp%2Fv2%2Ftags&post=24893"}],"curies":[{"name":"wp","href":"https:\/\/api.w.org\/{rel}","templated":true}]}}