{"id":24917,"date":"2022-11-22T04:41:00","date_gmt":"2022-11-22T03:41:00","guid":{"rendered":"https:\/\/sven-ove.nu\/?p=24917"},"modified":"2022-11-21T09:55:11","modified_gmt":"2022-11-21T08:55:11","slug":"den-mellansvenska-snoplogsgransen","status":"publish","type":"post","link":"https:\/\/sven-ove.nu\/?p=24917","title":{"rendered":"Den mellansvenska sn\u00f6plogsgr\u00e4nsen"},"content":{"rendered":"\n<figure class=\"wp-block-image size-large is-resized\"><a href=\"https:\/\/sven-ove.nu\/wp-content\/uploads\/2022\/11\/Fotspar-scaled.jpeg\"><img loading=\"lazy\" decoding=\"async\" src=\"https:\/\/sven-ove.nu\/wp-content\/uploads\/2022\/11\/Fotspar-914x1024.jpeg\" alt=\"\" class=\"wp-image-24919\" width=\"457\" height=\"512\" srcset=\"https:\/\/sven-ove.nu\/wp-content\/uploads\/2022\/11\/Fotspar-914x1024.jpeg 914w, https:\/\/sven-ove.nu\/wp-content\/uploads\/2022\/11\/Fotspar-268x300.jpeg 268w, https:\/\/sven-ove.nu\/wp-content\/uploads\/2022\/11\/Fotspar-768x861.jpeg 768w, https:\/\/sven-ove.nu\/wp-content\/uploads\/2022\/11\/Fotspar-1371x1536.jpeg 1371w, https:\/\/sven-ove.nu\/wp-content\/uploads\/2022\/11\/Fotspar-1827x2048.jpeg 1827w\" sizes=\"auto, (max-width: 457px) 100vw, 457px\" \/><\/a><\/figure>\n\n\n\n<blockquote class=\"wp-block-quote is-layout-flow wp-block-quote-is-layout-flow\">\n<p class=\"wp-block-paragraph\">Det \u00e4r n\u00e5got s\u00e4rskilt med sn\u00f6. L\u00e5t fem millimeter fjun landa p\u00e5 garageuppfarten och jag blir Fritjof Nansen p\u00e5 v\u00e4g mot Nordpolen.<\/p>\n<\/blockquote>\n\n\n\n<p class=\"wp-block-paragraph\">L\u00e5t det bl\u00e5sa sn\u00f6glop i mitt ansikte, n\u00e5gra meter i sekunden, och jag blir Roald Amundsen p\u00e5 isen, fyra dagsmarscher kvar till Sydpolen.<\/p>\n\n\n\n<p class=\"wp-block-paragraph\">Sl\u00e4ng in n\u00e5gra barnbarn i terr\u00e4ngl\u00e5dan och jag vill genast g\u00f6ra sn\u00f6\u00e4nglar och sn\u00f6kojor. Det bor en sn\u00f6man i mina gener. Den k\u00e4ra v\u00e4nnen \u00e4r likadan och sn\u00f6sinnet g\u00e5r i arv.<\/p>\n\n\n\n<p class=\"wp-block-paragraph\"><strong>Ryssj\u00e4ddrakyla<\/strong><br>Men. Detta \u00e4r en geografiskt oj\u00e4mnt f\u00f6rdelad gen har vi f\u00f6rst\u00e5tt. S\u00e5 fort det kommer en decimeter sn\u00f6g bort\u00e5t huvudstaden till braskar rubrikerna. Sn\u00f6kaos, sn\u00f6smocka, ryssj\u00e4ddrakyla, chocksmocksn\u00f6plogningsel\u00e4ndesv\u00e4rstakrisen. Vi lider med v\u00e4nnerna \u00f6sterut men drar n\u00e5got lite p\u00e5 munnen samtidigt och f\u00f6rundras \u00f6ver den mellansvenska sn\u00f6plogsgr\u00e4nsen.<\/p>\n\n\n\n<p class=\"wp-block-paragraph\">Inga ekar och adelsm\u00e4n norr om Dal\u00e4lven, det \u00e4r sen gammalt. Inga sn\u00f6plogar \u00f6ster om Enk\u00f6ping, det \u00e4r det nya.<\/p>\n\n\n\n<p class=\"wp-block-paragraph\">St\u00e5 p\u00e5 er v\u00e4nner.<br>Det kommer en v\u00e5r.<br>D\u00e5 b\u00f6rjar vi s\u00f6rja men er s\u00f6rja slutar.<\/p>\n\n\n\n<figure class=\"wp-block-image size-large is-resized\"><a href=\"https:\/\/sven-ove.nu\/wp-content\/uploads\/2022\/11\/Snow-1-scaled.jpeg\"><img loading=\"lazy\" decoding=\"async\" src=\"https:\/\/sven-ove.nu\/wp-content\/uploads\/2022\/11\/Snow-1-901x1024.jpeg\" alt=\"\" class=\"wp-image-24933\" width=\"225\" height=\"256\" srcset=\"https:\/\/sven-ove.nu\/wp-content\/uploads\/2022\/11\/Snow-1-901x1024.jpeg 901w, https:\/\/sven-ove.nu\/wp-content\/uploads\/2022\/11\/Snow-1-264x300.jpeg 264w, https:\/\/sven-ove.nu\/wp-content\/uploads\/2022\/11\/Snow-1-768x872.jpeg 768w, https:\/\/sven-ove.nu\/wp-content\/uploads\/2022\/11\/Snow-1-1352x1536.jpeg 1352w, https:\/\/sven-ove.nu\/wp-content\/uploads\/2022\/11\/Snow-1-1803x2048.jpeg 1803w\" sizes=\"auto, (max-width: 225px) 100vw, 225px\" \/><\/a><\/figure>\n\n\n\n<p class=\"has-light-blue-background-color has-background wp-block-paragraph\"><a href=\"https:\/\/sven-ove.nu\/\">Hem<\/a>\u00a0|\u00a0<a href=\"https:\/\/sven-ove.nu\/?page_id=170\">Om mig<\/a>\u00a0|\u00a0<a href=\"https:\/\/sven-ove.nu\/?page_id=1385\">Skriva &amp; prata<\/a>\u00a0|\u00a0<a href=\"https:\/\/sven-ove.nu\/?page_id=100\">Politik<\/a>\u00a0|\u00a0<a href=\"https:\/\/sven-ove.nu\/?page_id=102\">L\u00f6pa<\/a>\u00a0|\u00a0<a href=\"https:\/\/sven-ove.nu\/?page_id=108\">Viktor Root<\/a>\u00a0\u00a0<br><em>Inl\u00e4gg nr 2 227. (c) Sven-Ove Svensson (men dela g\u00e4rna).<\/em><\/p>\n","protected":false},"excerpt":{"rendered":"<p>Det \u00e4r n\u00e5got s\u00e4rskilt med sn\u00f6. L\u00e5t fem millimeter fjun landa p\u00e5 garageuppfarten och jag blir Fritjof Nansen p\u00e5 v\u00e4g mot Nordpolen. L\u00e5t det bl\u00e5sa sn\u00f6glop i mitt ansikte, n\u00e5gra meter i sekunden, och jag blir Roald Amundsen p\u00e5 isen, fyra dagsmarscher kvar till Sydpolen. Sl\u00e4ng in n\u00e5gra barnbarn i terr\u00e4ngl\u00e5dan och jag vill genast &hellip; <a href=\"https:\/\/sven-ove.nu\/?p=24917\" class=\"more-link\">Forts\u00e4tt l\u00e4sa <span class=\"screen-reader-text\">Den mellansvenska sn\u00f6plogsgr\u00e4nsen<\/span><\/a><\/p>\n","protected":false},"author":1,"featured_media":0,"comment_status":"closed","ping_status":"open","sticky":false,"template":"","format":"standard","meta":{"_crdt_document":"","_monsterinsights_skip_tracking":false,"_monsterinsights_sitenote_active":false,"_monsterinsights_sitenote_note":"","_monsterinsights_sitenote_category":0,"footnotes":""},"categories":[10,6],"tags":[3,24,18,13],"class_list":["post-24917","post","type-post","status-publish","format-standard","hentry","category-familjen","category-natur","tag-arbete","tag-karlek","tag-lardomar","tag-utrustning"],"_links":{"self":[{"href":"https:\/\/sven-ove.nu\/index.php?rest_route=\/wp\/v2\/posts\/24917","targetHints":{"allow":["GET"]}}],"collection":[{"href":"https:\/\/sven-ove.nu\/index.php?rest_route=\/wp\/v2\/posts"}],"about":[{"href":"https:\/\/sven-ove.nu\/index.php?rest_route=\/wp\/v2\/types\/post"}],"author":[{"embeddable":true,"href":"https:\/\/sven-ove.nu\/index.php?rest_route=\/wp\/v2\/users\/1"}],"replies":[{"embeddable":true,"href":"https:\/\/sven-ove.nu\/index.php?rest_route=%2Fwp%2Fv2%2Fcomments&post=24917"}],"version-history":[{"count":12,"href":"https:\/\/sven-ove.nu\/index.php?rest_route=\/wp\/v2\/posts\/24917\/revisions"}],"predecessor-version":[{"id":24936,"href":"https:\/\/sven-ove.nu\/index.php?rest_route=\/wp\/v2\/posts\/24917\/revisions\/24936"}],"wp:attachment":[{"href":"https:\/\/sven-ove.nu\/index.php?rest_route=%2Fwp%2Fv2%2Fmedia&parent=24917"}],"wp:term":[{"taxonomy":"category","embeddable":true,"href":"https:\/\/sven-ove.nu\/index.php?rest_route=%2Fwp%2Fv2%2Fcategories&post=24917"},{"taxonomy":"post_tag","embeddable":true,"href":"https:\/\/sven-ove.nu\/index.php?rest_route=%2Fwp%2Fv2%2Ftags&post=24917"}],"curies":[{"name":"wp","href":"https:\/\/api.w.org\/{rel}","templated":true}]}}