{"id":24937,"date":"2022-11-23T04:12:00","date_gmt":"2022-11-23T03:12:00","guid":{"rendered":"https:\/\/sven-ove.nu\/?p=24937"},"modified":"2022-11-23T07:33:35","modified_gmt":"2022-11-23T06:33:35","slug":"varldsmasterskapet-i-badwill","status":"publish","type":"post","link":"https:\/\/sven-ove.nu\/?p=24937","title":{"rendered":"V\u00e4rldsm\u00e4sterskapet i badwill"},"content":{"rendered":"\n<figure class=\"wp-block-image size-full is-resized\"><a href=\"https:\/\/sven-ove.nu\/wp-content\/uploads\/2022\/11\/Lovekrage.jpeg\"><img loading=\"lazy\" decoding=\"async\" src=\"https:\/\/sven-ove.nu\/wp-content\/uploads\/2022\/11\/Lovekrage.jpeg\" alt=\"\" class=\"wp-image-24938\" width=\"340\" height=\"271\"\/><\/a><\/figure>\n\n\n\n<blockquote class=\"wp-block-quote is-layout-flow wp-block-quote-is-layout-flow\">\n<p class=\"wp-block-paragraph\">FIFA har beordrat Belgien att ta bort ordet Love p\u00e5 sina bortast\u00e4ll. <br>Innanf\u00f6r kragen.<\/p>\n<\/blockquote>\n\n\n\n<p class=\"wp-block-paragraph\">D\u00e4rmed st\u00e5r det klart. VM-finalen i badwill kommer att st\u00e5 mellan de b\u00e5da blytungt kvalificerade deltagarna Qatar och FIFA.<\/p>\n\n\n\n<p class=\"wp-block-paragraph\">Helt s\u00e4kert f\u00e5r vi se m\u00e5nga nickm\u00e5l, med s\u00e5 m\u00e5nga nickedockor inblandade. <\/p>\n\n\n\n<p class=\"wp-block-paragraph\"><strong>Delegaterna v\u00e4rmer upp<\/strong><br>Den uppv\u00e4rmningen inf\u00f6r finalen vill jag se:<br><br>&#8221;H\u00e5ller ni med mig, Herrar Mutkolvar?&#8221;<br>&#8221;Absolut, Signore \u00d6verJ\u00e4velDelegat.&#8221; Nick nick nick nick nick nick nick nick nick nick nick nick nick nick nick nick nick nick nick nick nick nick nick nick nick nick nick nick nick nick nick nick nick nick nick nick nick nick nick nick nick nick nick nick nick nick nick nick nick nick nick nick nick nick nick nick nick nick nick nick nick nick nick nick nick nick nick nick nick nick nick nick nick nick nick nick nick nick nick nick nick nick nick nick nick nick nick nick nick nick nick nick nick nick nick nick nick nick nick nick nick nick nick nick nick nick nick nick nick nick nick nick nick nick nick nick nick nick nick nick nick nick nick nick nick nick nick nick nick nick nick nick nick nick nick nick nick nick nick nick nick nick nick nick nick nick nick nick nick nick nick nick nick nick nick nick nick nick nick nick nick nick nick nick nick nick nick nick nick.<\/p>\n\n\n\n<p class=\"wp-block-paragraph\">Nick.<br><br>Vad heter headbanga p\u00e5 qatar-infantinska?<\/p>\n\n\n\n<p class=\"wp-block-paragraph\"><strong><em>###<\/em><\/strong><em> Det \u00e4r f\u00f6rf\u00e4rligt att fotbolls-VM g\u00e5r i ett land som Qatar.<\/em><br><strong><em>###<\/em><\/strong><em> Men tack, reportrar, f\u00f6r alla avsl\u00f6jande kringreportage den senaste tiden. Quatar<\/em>&#8211;<em>regimens kvinnosyn och FIFA-generalen Infantinos m\u00e4nniskosyn har v\u00e4l ingen missat?<\/em><br><strong><em>###<\/em><\/strong><em> Alla m\u00e4nniskor ska ha r\u00e4tt att \u00e4lska vem de vill.<\/em><br><br><em>Samt att \u00e4lska Belgiens kragar.<\/em> <br><em>\u00c4ven insidan.<\/em><\/p>\n\n\n\n<p class=\"has-background wp-block-paragraph\" style=\"background-color:#fb664c\"><a href=\"https:\/\/sven-ove.nu\/\">Hem<\/a>&nbsp;|&nbsp;<a href=\"https:\/\/sven-ove.nu\/?page_id=170\">Om mig<\/a>&nbsp;|&nbsp;<a href=\"https:\/\/sven-ove.nu\/?page_id=1385\">Skriva &amp; prata<\/a>&nbsp;|&nbsp;<a href=\"https:\/\/sven-ove.nu\/?page_id=100\">Politik<\/a>&nbsp;|&nbsp;<a href=\"https:\/\/sven-ove.nu\/?page_id=102\">L\u00f6pa<\/a>&nbsp;|&nbsp;<a href=\"https:\/\/sven-ove.nu\/?page_id=108\">Viktor Root<\/a>&nbsp;&nbsp;<br><em>Inl\u00e4gg nr 2 228. (c) Sven-Ove Svensson (men dela g\u00e4rna).<\/em><\/p>\n","protected":false},"excerpt":{"rendered":"<p>FIFA har beordrat Belgien att ta bort ordet Love p\u00e5 sina bortast\u00e4ll. Innanf\u00f6r kragen. D\u00e4rmed st\u00e5r det klart. VM-finalen i badwill kommer att st\u00e5 mellan de b\u00e5da blytungt kvalificerade deltagarna Qatar och FIFA. Helt s\u00e4kert f\u00e5r vi se m\u00e5nga nickm\u00e5l, med s\u00e5 m\u00e5nga nickedockor inblandade. Delegaterna v\u00e4rmer uppDen uppv\u00e4rmningen inf\u00f6r finalen vill jag se: &#8221;H\u00e5ller &hellip; <a href=\"https:\/\/sven-ove.nu\/?p=24937\" class=\"more-link\">Forts\u00e4tt l\u00e4sa <span class=\"screen-reader-text\">V\u00e4rldsm\u00e4sterskapet i badwill<\/span><\/a><\/p>\n","protected":false},"author":1,"featured_media":0,"comment_status":"closed","ping_status":"open","sticky":false,"template":"","format":"standard","meta":{"_crdt_document":"","_monsterinsights_skip_tracking":false,"_monsterinsights_sitenote_active":false,"_monsterinsights_sitenote_note":"","_monsterinsights_sitenote_category":0,"footnotes":""},"categories":[9],"tags":[16,24],"class_list":["post-24937","post","type-post","status-publish","format-standard","hentry","category-politik","tag-dumheter","tag-karlek"],"_links":{"self":[{"href":"https:\/\/sven-ove.nu\/index.php?rest_route=\/wp\/v2\/posts\/24937","targetHints":{"allow":["GET"]}}],"collection":[{"href":"https:\/\/sven-ove.nu\/index.php?rest_route=\/wp\/v2\/posts"}],"about":[{"href":"https:\/\/sven-ove.nu\/index.php?rest_route=\/wp\/v2\/types\/post"}],"author":[{"embeddable":true,"href":"https:\/\/sven-ove.nu\/index.php?rest_route=\/wp\/v2\/users\/1"}],"replies":[{"embeddable":true,"href":"https:\/\/sven-ove.nu\/index.php?rest_route=%2Fwp%2Fv2%2Fcomments&post=24937"}],"version-history":[{"count":9,"href":"https:\/\/sven-ove.nu\/index.php?rest_route=\/wp\/v2\/posts\/24937\/revisions"}],"predecessor-version":[{"id":24950,"href":"https:\/\/sven-ove.nu\/index.php?rest_route=\/wp\/v2\/posts\/24937\/revisions\/24950"}],"wp:attachment":[{"href":"https:\/\/sven-ove.nu\/index.php?rest_route=%2Fwp%2Fv2%2Fmedia&parent=24937"}],"wp:term":[{"taxonomy":"category","embeddable":true,"href":"https:\/\/sven-ove.nu\/index.php?rest_route=%2Fwp%2Fv2%2Fcategories&post=24937"},{"taxonomy":"post_tag","embeddable":true,"href":"https:\/\/sven-ove.nu\/index.php?rest_route=%2Fwp%2Fv2%2Ftags&post=24937"}],"curies":[{"name":"wp","href":"https:\/\/api.w.org\/{rel}","templated":true}]}}