{"id":2495,"date":"2012-06-20T04:00:58","date_gmt":"2012-06-20T03:00:58","guid":{"rendered":"http:\/\/sven-ove.nu\/?p=2495"},"modified":"2012-06-18T16:02:48","modified_gmt":"2012-06-18T15:02:48","slug":"min-kommunskylt-4","status":"publish","type":"post","link":"https:\/\/sven-ove.nu\/?p=2495","title":{"rendered":"Min kommunskylt 4:"},"content":{"rendered":"<p><a href=\"https:\/\/sven-ove.nu\/wp-content\/uploads\/2012\/06\/Kommunskylten3.jpg\"><img loading=\"lazy\" decoding=\"async\" class=\"alignleft size-thumbnail wp-image-2496\" title=\"Kommunskylten\" src=\"https:\/\/sven-ove.nu\/wp-content\/uploads\/2012\/06\/Kommunskylten3-150x150.jpg\" alt=\"\" width=\"150\" height=\"150\" \/><\/a>Om jag fick tag i koden till <a href=\"http:\/\/www.forshaga.se\">skylten<\/a> vid kommungr\u00e4nsen, d\u00e5 skulle jag skriva i eldskrift:<\/p>\n<p style=\"padding-left: 30px;\"><strong>Tvinga staten ge oss lov<\/strong><br \/>\n<strong>att bek\u00e4mpa v\u00e5ra mygg!<\/strong><\/p>\n<p>&nbsp;<\/p>\n<p><em>(Det \u00e4r bedr\u00f6vligt om det tar m\u00e5nga \u00e5r innan vi f\u00e5r lov att f\u00f6rs\u00f6ka g\u00f6ra slut p\u00e5 <a href=\"http:\/\/www.forshaga.se\/miljoboendetrafik\/mygginformation\/myggaktuellt.4.7bf90bf2130d8ede34d8000111.html\">myggpl\u00e5gan<\/a> norr\u00f6ver. Ta hit hela regeringen och tvinga dom att grilla utomhus en hel kv\u00e4ll i t-tr\u00f6jor, n\u00e4r \u00f6versv\u00e4mningsmyggen \u00e4r i form. L\u00e5ngt in p\u00e5 sm\u00e5timmarna ska dom sitta d\u00e4r. Det \u00e4r enda platsen den regeringen b\u00f6r sitta p\u00e5. Inte ens ett grillf\u00f6rkl\u00e4de ska vi ge dom.<\/em><\/p>\n<p><em>H\u00e4r ska det egentligen vara ett f\u00f6rst\u00e4rkningsord nu, som till exempel \u00a0&#8221;m\u00e4nniskopl\u00e5garna&#8221;, och det \u00e4r inte myggen jag menar. Men det f\u00e5r du t\u00e4nka ut sj\u00e4lv. Dejes myggproblem \u00e4r i-n-t-e \u00f6verdrivet).<\/em><\/p>\n","protected":false},"excerpt":{"rendered":"<p>Om jag fick tag i koden till skylten vid kommungr\u00e4nsen, d\u00e5 skulle jag skriva i eldskrift: Tvinga staten ge oss lov att bek\u00e4mpa v\u00e5ra mygg! &nbsp; (Det \u00e4r bedr\u00f6vligt om det tar m\u00e5nga \u00e5r innan vi f\u00e5r lov att f\u00f6rs\u00f6ka g\u00f6ra slut p\u00e5 myggpl\u00e5gan norr\u00f6ver. Ta hit hela regeringen och tvinga dom att grilla utomhus &hellip; <a href=\"https:\/\/sven-ove.nu\/?p=2495\" class=\"more-link\">Forts\u00e4tt l\u00e4sa <span class=\"screen-reader-text\">Min kommunskylt 4:<\/span><\/a><\/p>\n","protected":false},"author":1,"featured_media":0,"comment_status":"open","ping_status":"open","sticky":false,"template":"","format":"standard","meta":{"_crdt_document":"","_monsterinsights_skip_tracking":false,"_monsterinsights_sitenote_active":false,"_monsterinsights_sitenote_note":"","_monsterinsights_sitenote_category":0,"footnotes":""},"categories":[9],"tags":[16,7,26],"class_list":["post-2495","post","type-post","status-publish","format-standard","hentry","category-politik","tag-dumheter","tag-miljo","tag-natur-2"],"_links":{"self":[{"href":"https:\/\/sven-ove.nu\/index.php?rest_route=\/wp\/v2\/posts\/2495","targetHints":{"allow":["GET"]}}],"collection":[{"href":"https:\/\/sven-ove.nu\/index.php?rest_route=\/wp\/v2\/posts"}],"about":[{"href":"https:\/\/sven-ove.nu\/index.php?rest_route=\/wp\/v2\/types\/post"}],"author":[{"embeddable":true,"href":"https:\/\/sven-ove.nu\/index.php?rest_route=\/wp\/v2\/users\/1"}],"replies":[{"embeddable":true,"href":"https:\/\/sven-ove.nu\/index.php?rest_route=%2Fwp%2Fv2%2Fcomments&post=2495"}],"version-history":[{"count":3,"href":"https:\/\/sven-ove.nu\/index.php?rest_route=\/wp\/v2\/posts\/2495\/revisions"}],"predecessor-version":[{"id":2499,"href":"https:\/\/sven-ove.nu\/index.php?rest_route=\/wp\/v2\/posts\/2495\/revisions\/2499"}],"wp:attachment":[{"href":"https:\/\/sven-ove.nu\/index.php?rest_route=%2Fwp%2Fv2%2Fmedia&parent=2495"}],"wp:term":[{"taxonomy":"category","embeddable":true,"href":"https:\/\/sven-ove.nu\/index.php?rest_route=%2Fwp%2Fv2%2Fcategories&post=2495"},{"taxonomy":"post_tag","embeddable":true,"href":"https:\/\/sven-ove.nu\/index.php?rest_route=%2Fwp%2Fv2%2Ftags&post=2495"}],"curies":[{"name":"wp","href":"https:\/\/api.w.org\/{rel}","templated":true}]}}