{"id":24965,"date":"2022-11-27T04:53:00","date_gmt":"2022-11-27T03:53:00","guid":{"rendered":"https:\/\/sven-ove.nu\/?p=24965"},"modified":"2022-11-26T21:56:47","modified_gmt":"2022-11-26T20:56:47","slug":"nar-vi-tva-gled-ifran-varandra","status":"publish","type":"post","link":"https:\/\/sven-ove.nu\/?p=24965","title":{"rendered":"N\u00e4r vi tv\u00e5 gled ifr\u00e5n varandra"},"content":{"rendered":"\n<figure class=\"wp-block-image size-large is-resized\"><a href=\"https:\/\/sven-ove.nu\/wp-content\/uploads\/2022\/11\/Solmellanstammar-scaled.jpg\"><img loading=\"lazy\" decoding=\"async\" src=\"https:\/\/sven-ove.nu\/wp-content\/uploads\/2022\/11\/Solmellanstammar-1024x683.jpg\" alt=\"\" class=\"wp-image-24968\" width=\"512\" height=\"342\" srcset=\"https:\/\/sven-ove.nu\/wp-content\/uploads\/2022\/11\/Solmellanstammar-1024x683.jpg 1024w, https:\/\/sven-ove.nu\/wp-content\/uploads\/2022\/11\/Solmellanstammar-300x200.jpg 300w, https:\/\/sven-ove.nu\/wp-content\/uploads\/2022\/11\/Solmellanstammar-768x512.jpg 768w, https:\/\/sven-ove.nu\/wp-content\/uploads\/2022\/11\/Solmellanstammar-1536x1024.jpg 1536w, https:\/\/sven-ove.nu\/wp-content\/uploads\/2022\/11\/Solmellanstammar-2048x1365.jpg 2048w\" sizes=\"auto, (max-width: 512px) 100vw, 512px\" \/><\/a><\/figure>\n\n\n\n<blockquote class=\"wp-block-quote is-layout-flow wp-block-quote-is-layout-flow\">\n<p class=\"wp-block-paragraph\">Vi kom ifr\u00e5n varandra, det \u00e4r bara s\u00e5.<\/p>\n<\/blockquote>\n\n\n\n<p class=\"wp-block-paragraph\">Jag vet, det kan g\u00e5 slentrian i varje f\u00f6rh\u00e5llande om man inte h\u00e5ller det levande. Till slut blev hennes lovande kurvor och fina kullar helt enkelt f\u00f6r invanda. Sj\u00e4lv var jag v\u00e4l inte heller s\u00e5 rolig.<\/p>\n\n\n\n<p class=\"wp-block-paragraph\">Fast hon var s\u00e5 sp\u00e4nstig.<\/p>\n\n\n\n<p class=\"wp-block-paragraph\">Jag h\u00f6ll mig undan en l\u00e5ng tid faktiskt. Det gick veckor och m\u00e5nader, vi tr\u00e4ffades f\u00f6rst\u00e5s men det var mer som att vi tangerade varandra. Som v\u00e4nner. N\u00e5got f\u00f6rh\u00e5llande kunde man inte kalla det l\u00e4ngre.<\/p>\n\n\n\n<p class=\"wp-block-paragraph\"><strong>Hittade tillbaka<\/strong><br>S\u00e5 kom h\u00f6sten 2022. D\u00e5 h\u00e4nde n\u00e5got. Vi hittade tillbaka till varandra. Det var som om det alltid varit bara vi tv\u00e5. Vi tv\u00e5, h\u00e4ftig andh\u00e4mtning, romantiska solnedg\u00e5ngar eller glittrande ljus.<\/p>\n\n\n\n<p class=\"wp-block-paragraph\">Jag \u00e4r s\u00e5 glad f\u00f6r det, \u00e4lskade elljussp\u00e5r.<br>Nu \u00e4r det du och jag igen.<\/p>\n\n\n\n<p class=\"has-light-blue-background-color has-background wp-block-paragraph\"><a href=\"https:\/\/sven-ove.nu\/\">Hem<\/a>&nbsp;|&nbsp;<a href=\"https:\/\/sven-ove.nu\/?page_id=170\">Om mig<\/a>&nbsp;|&nbsp;<a href=\"https:\/\/sven-ove.nu\/?page_id=1385\">Skriva &amp; prata<\/a>&nbsp;|&nbsp;<a href=\"https:\/\/sven-ove.nu\/?page_id=100\">Politik<\/a>&nbsp;|&nbsp;<a href=\"https:\/\/sven-ove.nu\/?page_id=102\">L\u00f6pa<\/a>&nbsp;|&nbsp;<a href=\"https:\/\/sven-ove.nu\/?page_id=108\">Viktor Root<\/a>&nbsp;&nbsp;<br><em>Inl\u00e4gg nr 2 231. (c) Sven-Ove Svensson (men dela g\u00e4rna).<\/em><\/p>\n","protected":false},"excerpt":{"rendered":"<p>Vi kom ifr\u00e5n varandra, det \u00e4r bara s\u00e5. Jag vet, det kan g\u00e5 slentrian i varje f\u00f6rh\u00e5llande om man inte h\u00e5ller det levande. Till slut blev hennes lovande kurvor och fina kullar helt enkelt f\u00f6r invanda. Sj\u00e4lv var jag v\u00e4l inte heller s\u00e5 rolig. Fast hon var s\u00e5 sp\u00e4nstig. Jag h\u00f6ll mig undan en l\u00e5ng &hellip; <a href=\"https:\/\/sven-ove.nu\/?p=24965\" class=\"more-link\">Forts\u00e4tt l\u00e4sa <span class=\"screen-reader-text\">N\u00e4r vi tv\u00e5 gled ifr\u00e5n varandra<\/span><\/a><\/p>\n","protected":false},"author":1,"featured_media":0,"comment_status":"closed","ping_status":"open","sticky":false,"template":"","format":"standard","meta":{"_crdt_document":"","_monsterinsights_skip_tracking":false,"_monsterinsights_sitenote_active":false,"_monsterinsights_sitenote_note":"","_monsterinsights_sitenote_category":0,"footnotes":""},"categories":[5],"tags":[24],"class_list":["post-24965","post","type-post","status-publish","format-standard","hentry","category-lopning","tag-karlek"],"_links":{"self":[{"href":"https:\/\/sven-ove.nu\/index.php?rest_route=\/wp\/v2\/posts\/24965","targetHints":{"allow":["GET"]}}],"collection":[{"href":"https:\/\/sven-ove.nu\/index.php?rest_route=\/wp\/v2\/posts"}],"about":[{"href":"https:\/\/sven-ove.nu\/index.php?rest_route=\/wp\/v2\/types\/post"}],"author":[{"embeddable":true,"href":"https:\/\/sven-ove.nu\/index.php?rest_route=\/wp\/v2\/users\/1"}],"replies":[{"embeddable":true,"href":"https:\/\/sven-ove.nu\/index.php?rest_route=%2Fwp%2Fv2%2Fcomments&post=24965"}],"version-history":[{"count":3,"href":"https:\/\/sven-ove.nu\/index.php?rest_route=\/wp\/v2\/posts\/24965\/revisions"}],"predecessor-version":[{"id":24969,"href":"https:\/\/sven-ove.nu\/index.php?rest_route=\/wp\/v2\/posts\/24965\/revisions\/24969"}],"wp:attachment":[{"href":"https:\/\/sven-ove.nu\/index.php?rest_route=%2Fwp%2Fv2%2Fmedia&parent=24965"}],"wp:term":[{"taxonomy":"category","embeddable":true,"href":"https:\/\/sven-ove.nu\/index.php?rest_route=%2Fwp%2Fv2%2Fcategories&post=24965"},{"taxonomy":"post_tag","embeddable":true,"href":"https:\/\/sven-ove.nu\/index.php?rest_route=%2Fwp%2Fv2%2Ftags&post=24965"}],"curies":[{"name":"wp","href":"https:\/\/api.w.org\/{rel}","templated":true}]}}