{"id":24972,"date":"2022-11-30T04:03:00","date_gmt":"2022-11-30T03:03:00","guid":{"rendered":"https:\/\/sven-ove.nu\/?p=24972"},"modified":"2022-11-29T16:21:27","modified_gmt":"2022-11-29T15:21:27","slug":"det-finns-tva-sorters-folk","status":"publish","type":"post","link":"https:\/\/sven-ove.nu\/?p=24972","title":{"rendered":"Det finns tv\u00e5 sorters folk"},"content":{"rendered":"\n<figure class=\"wp-block-image size-large is-resized\"><a href=\"https:\/\/sven-ove.nu\/wp-content\/uploads\/2022\/11\/Rygg-scaled.jpeg\"><img loading=\"lazy\" decoding=\"async\" src=\"https:\/\/sven-ove.nu\/wp-content\/uploads\/2022\/11\/Rygg-1024x1024.jpeg\" alt=\"\" class=\"wp-image-24975\" width=\"512\" height=\"512\" srcset=\"https:\/\/sven-ove.nu\/wp-content\/uploads\/2022\/11\/Rygg-1024x1024.jpeg 1024w, https:\/\/sven-ove.nu\/wp-content\/uploads\/2022\/11\/Rygg-300x300.jpeg 300w, https:\/\/sven-ove.nu\/wp-content\/uploads\/2022\/11\/Rygg-150x150.jpeg 150w, https:\/\/sven-ove.nu\/wp-content\/uploads\/2022\/11\/Rygg-768x768.jpeg 768w, https:\/\/sven-ove.nu\/wp-content\/uploads\/2022\/11\/Rygg-1536x1536.jpeg 1536w, https:\/\/sven-ove.nu\/wp-content\/uploads\/2022\/11\/Rygg-2048x2048.jpeg 2048w\" sizes=\"auto, (max-width: 512px) 100vw, 512px\" \/><\/a><\/figure>\n\n\n\n<p class=\"wp-block-paragraph\"><\/p>\n\n\n\n<blockquote class=\"wp-block-quote is-layout-flow wp-block-quote-is-layout-flow\">\n<p class=\"wp-block-paragraph\">Jag har gjort en ny f\u00f6rv\u00e5nande uppt\u00e4ckt. Det finns tv\u00e5 sorters m\u00e4nniskor.&nbsp;<br>De som l\u00e4gger glas\u00f6gonen p\u00e5 rygg och de som l\u00e4gger dem p\u00e5 mage.<\/p>\n<\/blockquote>\n\n\n\n<p class=\"wp-block-paragraph\">Herregud! Stoppa pressarna! Stoppa allt m\u00f6jligt! H\u00e4r har jag g\u00e5tt omkring sedan jag fick mina f\u00f6rsta glas\u00f6gon i det milit\u00e4ra 1971 och trott att vi alla g\u00f6r likadant. Varenda g\u00e5ng.<\/p>\n\n\n\n<p class=\"wp-block-paragraph\">Det g\u00f6r vi inte.<\/p>\n\n\n\n<p class=\"wp-block-paragraph\"><em>### Finns det fler skillnader i m\u00e4nniskors beteende?&nbsp;<br>### Varf\u00f6r har inte jag f\u00e5tt n\u00e5gon information om dem i s\u00e5 fall?<br>### Byt regering.<\/em><\/p>\n\n\n\n<figure class=\"wp-block-image size-large is-resized\"><a href=\"https:\/\/sven-ove.nu\/wp-content\/uploads\/2022\/11\/Mage-scaled.jpeg\"><img loading=\"lazy\" decoding=\"async\" src=\"https:\/\/sven-ove.nu\/wp-content\/uploads\/2022\/11\/Mage-1024x1024.jpeg\" alt=\"\" class=\"wp-image-24976\" width=\"256\" height=\"256\" srcset=\"https:\/\/sven-ove.nu\/wp-content\/uploads\/2022\/11\/Mage-1024x1024.jpeg 1024w, https:\/\/sven-ove.nu\/wp-content\/uploads\/2022\/11\/Mage-300x300.jpeg 300w, https:\/\/sven-ove.nu\/wp-content\/uploads\/2022\/11\/Mage-150x150.jpeg 150w, https:\/\/sven-ove.nu\/wp-content\/uploads\/2022\/11\/Mage-768x768.jpeg 768w, https:\/\/sven-ove.nu\/wp-content\/uploads\/2022\/11\/Mage-1536x1536.jpeg 1536w, https:\/\/sven-ove.nu\/wp-content\/uploads\/2022\/11\/Mage-2048x2048.jpeg 2048w\" sizes=\"auto, (max-width: 256px) 100vw, 256px\" \/><\/a><\/figure>\n\n\n\n<p class=\"has-background wp-block-paragraph\" style=\"background-color:#c0dbc0\"><a href=\"https:\/\/sven-ove.nu\/\">Hem<\/a>&nbsp;|&nbsp;<a href=\"https:\/\/sven-ove.nu\/?page_id=170\">Om mig<\/a>&nbsp;|&nbsp;<a href=\"https:\/\/sven-ove.nu\/?page_id=1385\">Skriva &amp; prata<\/a>&nbsp;|&nbsp;<a href=\"https:\/\/sven-ove.nu\/?page_id=100\">Politik<\/a>&nbsp;|&nbsp;<a href=\"https:\/\/sven-ove.nu\/?page_id=102\">L\u00f6pa<\/a>&nbsp;|&nbsp;<a href=\"https:\/\/sven-ove.nu\/?page_id=108\">Viktor Root<\/a>&nbsp;&nbsp;<br><em>Inl\u00e4gg nr 2 232. (c) Sven-Ove Svensson (men dela g\u00e4rna).<\/em><\/p>\n","protected":false},"excerpt":{"rendered":"<p>Jag har gjort en ny f\u00f6rv\u00e5nande uppt\u00e4ckt. Det finns tv\u00e5 sorters m\u00e4nniskor.&nbsp;De som l\u00e4gger glas\u00f6gonen p\u00e5 rygg och de som l\u00e4gger dem p\u00e5 mage. Herregud! Stoppa pressarna! Stoppa allt m\u00f6jligt! H\u00e4r har jag g\u00e5tt omkring sedan jag fick mina f\u00f6rsta glas\u00f6gon i det milit\u00e4ra 1971 och trott att vi alla g\u00f6r likadant. Varenda g\u00e5ng. Det &hellip; <a href=\"https:\/\/sven-ove.nu\/?p=24972\" class=\"more-link\">Forts\u00e4tt l\u00e4sa <span class=\"screen-reader-text\">Det finns tv\u00e5 sorters folk<\/span><\/a><\/p>\n","protected":false},"author":1,"featured_media":0,"comment_status":"closed","ping_status":"open","sticky":false,"template":"","format":"standard","meta":{"_crdt_document":"","_monsterinsights_skip_tracking":false,"_monsterinsights_sitenote_active":false,"_monsterinsights_sitenote_note":"","_monsterinsights_sitenote_category":0,"footnotes":""},"categories":[28],"tags":[18],"class_list":["post-24972","post","type-post","status-publish","format-standard","hentry","category-kreativt-folk","tag-lardomar"],"_links":{"self":[{"href":"https:\/\/sven-ove.nu\/index.php?rest_route=\/wp\/v2\/posts\/24972","targetHints":{"allow":["GET"]}}],"collection":[{"href":"https:\/\/sven-ove.nu\/index.php?rest_route=\/wp\/v2\/posts"}],"about":[{"href":"https:\/\/sven-ove.nu\/index.php?rest_route=\/wp\/v2\/types\/post"}],"author":[{"embeddable":true,"href":"https:\/\/sven-ove.nu\/index.php?rest_route=\/wp\/v2\/users\/1"}],"replies":[{"embeddable":true,"href":"https:\/\/sven-ove.nu\/index.php?rest_route=%2Fwp%2Fv2%2Fcomments&post=24972"}],"version-history":[{"count":6,"href":"https:\/\/sven-ove.nu\/index.php?rest_route=\/wp\/v2\/posts\/24972\/revisions"}],"predecessor-version":[{"id":24981,"href":"https:\/\/sven-ove.nu\/index.php?rest_route=\/wp\/v2\/posts\/24972\/revisions\/24981"}],"wp:attachment":[{"href":"https:\/\/sven-ove.nu\/index.php?rest_route=%2Fwp%2Fv2%2Fmedia&parent=24972"}],"wp:term":[{"taxonomy":"category","embeddable":true,"href":"https:\/\/sven-ove.nu\/index.php?rest_route=%2Fwp%2Fv2%2Fcategories&post=24972"},{"taxonomy":"post_tag","embeddable":true,"href":"https:\/\/sven-ove.nu\/index.php?rest_route=%2Fwp%2Fv2%2Ftags&post=24972"}],"curies":[{"name":"wp","href":"https:\/\/api.w.org\/{rel}","templated":true}]}}