{"id":24982,"date":"2022-12-03T04:28:00","date_gmt":"2022-12-03T03:28:00","guid":{"rendered":"https:\/\/sven-ove.nu\/?p=24982"},"modified":"2022-12-03T06:19:32","modified_gmt":"2022-12-03T05:19:32","slug":"nar-jag-far-till-ett-uterum-i-deje-och-skrattar-allvar","status":"publish","type":"post","link":"https:\/\/sven-ove.nu\/?p=24982","title":{"rendered":"N\u00e4r jag far till ett uterum i Deje och skrattar allvar"},"content":{"rendered":"\n<figure class=\"wp-block-image size-full is-resized\"><a href=\"https:\/\/sven-ove.nu\/wp-content\/uploads\/2022\/12\/Ljusimorker.jpeg\"><img loading=\"lazy\" decoding=\"async\" src=\"https:\/\/sven-ove.nu\/wp-content\/uploads\/2022\/12\/Ljusimorker.jpeg\" alt=\"\" class=\"wp-image-24984\" width=\"288\" height=\"318\" srcset=\"https:\/\/sven-ove.nu\/wp-content\/uploads\/2022\/12\/Ljusimorker.jpeg 575w, https:\/\/sven-ove.nu\/wp-content\/uploads\/2022\/12\/Ljusimorker-272x300.jpeg 272w\" sizes=\"auto, (max-width: 288px) 100vw, 288px\" \/><\/a><\/figure>\n\n\n\n<blockquote class=\"wp-block-quote is-layout-flow wp-block-quote-is-layout-flow\">\n<p class=\"wp-block-paragraph\">Jag tycker s\u00e5 mycket om m\u00e4nniskors m\u00f6ten. N\u00e4r de \u00e4r som b\u00e4st f\u00e5r de vardagen att skimra.<\/p>\n<\/blockquote>\n\n\n\n<p class=\"wp-block-paragraph\"><strong>Elektriker M<\/strong><br>Som n\u00e4r vi ringer elektriker M f\u00f6r att vi f\u00e5tt ett fasfel i huset. Strax st\u00e5r han i v\u00e5r garderob, lyssnar p\u00e5 en babblande gubbe (jag) och en tydligt f\u00f6rklarande dam (den k\u00e4ra v\u00e4nnen) medan han glad och v\u00e4nlig rotar bland proppar och jordfelsbrytare och f\u00e5r v\u00e5r v\u00e4rld att fungera igen.<\/p>\n\n\n\n<p class=\"wp-block-paragraph\">Gudskelov f\u00f6r h\u00e4ndigt folk med mobiltelefon, skruvmejsel och r\u00e4tt attityd. Gudskelov f\u00f6r effektiva medm\u00e4nniskor i sk\u00e5pbil som kommer farande och lagar vad som trasigt \u00e4r.<\/p>\n\n\n\n<p class=\"wp-block-paragraph\">&#8211; Detta g\u00e5r p\u00e5 garantin.<\/p>\n\n\n\n<p class=\"wp-block-paragraph\"><strong>Politiker E<\/strong><br>Som n\u00e4r vi har m\u00f6te i v\u00e5r partif\u00f6rening och bjuder in henne som vi tycker om. R\u00f6da dukar p\u00e5 borden, r\u00f6da tankar i rummet, stearinljus som glimmar och kloka ord om sjukv\u00e5rd, kollektivtrafik och kultur fr\u00e5n hon som ska bli\u00a0regionr\u00e5d. Medan vi \u00e4ter v\u00e5ra f\u00e4rska lussekatter byter vi tankar kring den organiserade medm\u00e4nsklighet som kallas region.<\/p>\n\n\n\n<p class=\"wp-block-paragraph\">&#8211; Personalen, s\u00e4ger hon som vi ringde och bj\u00f6d in. Vi vill satsa p\u00e5 personalen.<\/p>\n\n\n\n<p class=\"wp-block-paragraph\">Jag har sett den personalen slita i h\u00f6st och vet att hon har r\u00e4tt. Gudskelov f\u00f6r den personalen.<\/p>\n\n\n\n<p class=\"wp-block-paragraph\"><strong>Gl\u00f6ggmys hos T<\/strong><br>Som n\u00e4r vi vandrargubbar&nbsp; har traditionellt decemberm\u00f6te i&nbsp; Gryningspatrullen med extra allt. Lax- och tomatsnittar och annat gott till gl\u00f6ggfikat efter vandringen genom Dejes historia. (\u201dD\u00e4r ligger kanalen som inte blev f\u00e4rdig n\u00e4r pengarna tog slut\u201d).<\/p>\n\n\n\n<p class=\"wp-block-paragraph\">&nbsp;Medan snittarna sm\u00e4lter i munnen i T:s inglasade uterum blir vi till den leende och samtidigt djupt seri\u00f6sa mansgrupp vi innerst inne \u00e4r. Snart bjuder vi lite till mans p\u00e5 v\u00e5ra skr\u00f6pligheter, kroppsliga bekymmer och sjukv\u00e5rdserfarenheter och st\u00e4rks av det.<\/p>\n\n\n\n<p class=\"wp-block-paragraph\">&#8211; \u00c4r du orolig? undrar en av oss, medan jag t\u00e4nker p\u00e5 orden som en klok chef l\u00e4rde mig i den stora statliga f\u00f6rvaltningsbyggnaden i Karlstad.<br>&#8211; Den jag inte kan skratta med kan jag heller inte prata allvar med.<\/p>\n\n\n\n<p class=\"wp-block-paragraph\">Gudskelov f\u00f6r pigga gubbasinnen som t\u00f6rs skratta allvar.&nbsp;<\/p>\n\n\n\n<p class=\"has-background wp-block-paragraph\" style=\"background-color:#f5bebe\"><a href=\"https:\/\/sven-ove.nu\/\">Hem<\/a>&nbsp;|&nbsp;<a href=\"https:\/\/sven-ove.nu\/?page_id=170\">Om mig<\/a>&nbsp;|&nbsp;<a href=\"https:\/\/sven-ove.nu\/?page_id=1385\">Skriva &amp; prata<\/a>&nbsp;|&nbsp;<a href=\"https:\/\/sven-ove.nu\/?page_id=100\">Politik<\/a>&nbsp;|&nbsp;<a href=\"https:\/\/sven-ove.nu\/?page_id=102\">L\u00f6pa<\/a>&nbsp;|&nbsp;<a href=\"https:\/\/sven-ove.nu\/?page_id=108\">Viktor Root<\/a>&nbsp;&nbsp;<br><em>Inl\u00e4gg nr 2 233. (c) Sven-Ove Svensson (men dela g\u00e4rna).<\/em><\/p>\n","protected":false},"excerpt":{"rendered":"<p>Jag tycker s\u00e5 mycket om m\u00e4nniskors m\u00f6ten. N\u00e4r de \u00e4r som b\u00e4st f\u00e5r de vardagen att skimra. Elektriker MSom n\u00e4r vi ringer elektriker M f\u00f6r att vi f\u00e5tt ett fasfel i huset. Strax st\u00e5r han i v\u00e5r garderob, lyssnar p\u00e5 en babblande gubbe (jag) och en tydligt f\u00f6rklarande dam (den k\u00e4ra v\u00e4nnen) medan han glad &hellip; <a href=\"https:\/\/sven-ove.nu\/?p=24982\" class=\"more-link\">Forts\u00e4tt l\u00e4sa <span class=\"screen-reader-text\">N\u00e4r jag far till ett uterum i Deje och skrattar allvar<\/span><\/a><\/p>\n","protected":false},"author":1,"featured_media":0,"comment_status":"closed","ping_status":"open","sticky":false,"template":"","format":"standard","meta":{"_crdt_document":"","_monsterinsights_skip_tracking":false,"_monsterinsights_sitenote_active":false,"_monsterinsights_sitenote_note":"","_monsterinsights_sitenote_category":0,"footnotes":""},"categories":[28,9],"tags":[24,18,17],"class_list":["post-24982","post","type-post","status-publish","format-standard","hentry","category-kreativt-folk","category-politik","tag-karlek","tag-lardomar","tag-solidaritet"],"_links":{"self":[{"href":"https:\/\/sven-ove.nu\/index.php?rest_route=\/wp\/v2\/posts\/24982","targetHints":{"allow":["GET"]}}],"collection":[{"href":"https:\/\/sven-ove.nu\/index.php?rest_route=\/wp\/v2\/posts"}],"about":[{"href":"https:\/\/sven-ove.nu\/index.php?rest_route=\/wp\/v2\/types\/post"}],"author":[{"embeddable":true,"href":"https:\/\/sven-ove.nu\/index.php?rest_route=\/wp\/v2\/users\/1"}],"replies":[{"embeddable":true,"href":"https:\/\/sven-ove.nu\/index.php?rest_route=%2Fwp%2Fv2%2Fcomments&post=24982"}],"version-history":[{"count":5,"href":"https:\/\/sven-ove.nu\/index.php?rest_route=\/wp\/v2\/posts\/24982\/revisions"}],"predecessor-version":[{"id":24990,"href":"https:\/\/sven-ove.nu\/index.php?rest_route=\/wp\/v2\/posts\/24982\/revisions\/24990"}],"wp:attachment":[{"href":"https:\/\/sven-ove.nu\/index.php?rest_route=%2Fwp%2Fv2%2Fmedia&parent=24982"}],"wp:term":[{"taxonomy":"category","embeddable":true,"href":"https:\/\/sven-ove.nu\/index.php?rest_route=%2Fwp%2Fv2%2Fcategories&post=24982"},{"taxonomy":"post_tag","embeddable":true,"href":"https:\/\/sven-ove.nu\/index.php?rest_route=%2Fwp%2Fv2%2Ftags&post=24982"}],"curies":[{"name":"wp","href":"https:\/\/api.w.org\/{rel}","templated":true}]}}