{"id":25008,"date":"2023-01-05T06:28:52","date_gmt":"2023-01-05T05:28:52","guid":{"rendered":"https:\/\/sven-ove.nu\/?p=25008"},"modified":"2023-01-05T06:36:41","modified_gmt":"2023-01-05T05:36:41","slug":"neijj-ar-det-sant","status":"publish","type":"post","link":"https:\/\/sven-ove.nu\/?p=25008","title":{"rendered":"Neijj! \u00c4r det sant?!!"},"content":{"rendered":"\n<figure class=\"wp-block-image size-large\"><a href=\"https:\/\/sven-ove.nu\/wp-content\/uploads\/2023\/01\/Domperson-scaled.jpeg\"><img loading=\"lazy\" decoding=\"async\" width=\"1024\" height=\"733\" src=\"https:\/\/sven-ove.nu\/wp-content\/uploads\/2023\/01\/Domperson-1024x733.jpeg\" alt=\"\" class=\"wp-image-25009\" srcset=\"https:\/\/sven-ove.nu\/wp-content\/uploads\/2023\/01\/Domperson-1024x733.jpeg 1024w, https:\/\/sven-ove.nu\/wp-content\/uploads\/2023\/01\/Domperson-300x215.jpeg 300w, https:\/\/sven-ove.nu\/wp-content\/uploads\/2023\/01\/Domperson-768x550.jpeg 768w, https:\/\/sven-ove.nu\/wp-content\/uploads\/2023\/01\/Domperson-1536x1099.jpeg 1536w, https:\/\/sven-ove.nu\/wp-content\/uploads\/2023\/01\/Domperson-2048x1466.jpeg 2048w\" sizes=\"auto, (max-width: 1024px) 100vw, 1024px\" \/><\/a><\/figure>\n\n\n\n<blockquote class=\"wp-block-quote is-layout-flow wp-block-quote-is-layout-flow\">\n<p class=\"wp-block-paragraph\">Torsdag. En karl jag k\u00e4nner v\u00e4l f\u00e5r lust att reta n\u00e4ttrollen: \u201dHar ni h\u00f6rt att PK-f\u00e5gelsk\u00e5darna kr\u00e4ver att domherren ska d\u00f6pas om till DOMPERSON?\u201d&nbsp;<\/p>\n<\/blockquote>\n\n\n\n<p class=\"wp-block-paragraph\">Jag ber honom avst\u00e5. De h\u00f6gernationella har ju elst\u00f6det att t\u00e4nka p\u00e5, stackarna, snart \u00e4r det 1 november \ud83d\ude09<\/p>\n\n\n\n<p class=\"wp-block-paragraph\">Plus 14-\u00f6ringen, 14-\u00f6ringen, gl\u00f6m inte den! Nu m\u00e5ste hela h\u00f6gern tanka bilen j\u00e4ttemycket om den ska l\u00f6na sig.<\/p>\n\n\n\n<p class=\"wp-block-paragraph\">Ber\u00e4tta absolut inte detta:<br>\u201dBrushanen ska d\u00f6pas om till brusperson, DET \u00e4r sant. Det vet jag absolut. Sedan blir det morkullans tur. Hon ska heta f\u00f6r\u00e4lderperson.\u201d<\/p>\n\n\n\n<p class=\"has-text-align-right has-text-color wp-block-paragraph\" style=\"color:#db5656\"><em># Kan inneh\u00e5lla sp\u00e5r av satir.<\/em><\/p>\n\n\n\n<p class=\"has-light-gray-background-color has-background wp-block-paragraph\"><a href=\"https:\/\/sven-ove.nu\/\">Hem<\/a>&nbsp;|&nbsp;<a href=\"https:\/\/sven-ove.nu\/?page_id=170\">Om mig<\/a>&nbsp;|&nbsp;<a href=\"https:\/\/sven-ove.nu\/?page_id=1385\">Skriva &amp; prata<\/a>&nbsp;|&nbsp;<a href=\"https:\/\/sven-ove.nu\/?page_id=100\">Politik<\/a>&nbsp;|&nbsp;<a href=\"https:\/\/sven-ove.nu\/?page_id=102\">L\u00f6pa<\/a>&nbsp;|&nbsp;<a href=\"https:\/\/sven-ove.nu\/?page_id=108\">Viktor Root<\/a>&nbsp;&nbsp;<br><em>Inl\u00e4gg nr 2 235. (c) Sven-Ove Svensson (men dela g\u00e4rna).<\/em><\/p>\n","protected":false},"excerpt":{"rendered":"<p>Torsdag. En karl jag k\u00e4nner v\u00e4l f\u00e5r lust att reta n\u00e4ttrollen: \u201dHar ni h\u00f6rt att PK-f\u00e5gelsk\u00e5darna kr\u00e4ver att domherren ska d\u00f6pas om till DOMPERSON?\u201d&nbsp; Jag ber honom avst\u00e5. De h\u00f6gernationella har ju elst\u00f6det att t\u00e4nka p\u00e5, stackarna, snart \u00e4r det 1 november \ud83d\ude09 Plus 14-\u00f6ringen, 14-\u00f6ringen, gl\u00f6m inte den! Nu m\u00e5ste hela h\u00f6gern tanka bilen &hellip; <a href=\"https:\/\/sven-ove.nu\/?p=25008\" class=\"more-link\">Forts\u00e4tt l\u00e4sa <span class=\"screen-reader-text\">Neijj! \u00c4r det sant?!!<\/span><\/a><\/p>\n","protected":false},"author":1,"featured_media":0,"comment_status":"closed","ping_status":"open","sticky":false,"template":"","format":"standard","meta":{"_crdt_document":"","_monsterinsights_skip_tracking":false,"_monsterinsights_sitenote_active":false,"_monsterinsights_sitenote_note":"","_monsterinsights_sitenote_category":0,"footnotes":""},"categories":[28,6,9],"tags":[16,21],"class_list":["post-25008","post","type-post","status-publish","format-standard","hentry","category-kreativt-folk","category-natur","category-politik","tag-dumheter","tag-ord"],"_links":{"self":[{"href":"https:\/\/sven-ove.nu\/index.php?rest_route=\/wp\/v2\/posts\/25008","targetHints":{"allow":["GET"]}}],"collection":[{"href":"https:\/\/sven-ove.nu\/index.php?rest_route=\/wp\/v2\/posts"}],"about":[{"href":"https:\/\/sven-ove.nu\/index.php?rest_route=\/wp\/v2\/types\/post"}],"author":[{"embeddable":true,"href":"https:\/\/sven-ove.nu\/index.php?rest_route=\/wp\/v2\/users\/1"}],"replies":[{"embeddable":true,"href":"https:\/\/sven-ove.nu\/index.php?rest_route=%2Fwp%2Fv2%2Fcomments&post=25008"}],"version-history":[{"count":4,"href":"https:\/\/sven-ove.nu\/index.php?rest_route=\/wp\/v2\/posts\/25008\/revisions"}],"predecessor-version":[{"id":25013,"href":"https:\/\/sven-ove.nu\/index.php?rest_route=\/wp\/v2\/posts\/25008\/revisions\/25013"}],"wp:attachment":[{"href":"https:\/\/sven-ove.nu\/index.php?rest_route=%2Fwp%2Fv2%2Fmedia&parent=25008"}],"wp:term":[{"taxonomy":"category","embeddable":true,"href":"https:\/\/sven-ove.nu\/index.php?rest_route=%2Fwp%2Fv2%2Fcategories&post=25008"},{"taxonomy":"post_tag","embeddable":true,"href":"https:\/\/sven-ove.nu\/index.php?rest_route=%2Fwp%2Fv2%2Ftags&post=25008"}],"curies":[{"name":"wp","href":"https:\/\/api.w.org\/{rel}","templated":true}]}}