{"id":25014,"date":"2023-01-06T04:52:00","date_gmt":"2023-01-06T03:52:00","guid":{"rendered":"https:\/\/sven-ove.nu\/?p=25014"},"modified":"2023-01-06T07:22:26","modified_gmt":"2023-01-06T06:22:26","slug":"snogen-geijer-och-den-mellansvenska-morgonrocken-i-morker","status":"publish","type":"post","link":"https:\/\/sven-ove.nu\/?p=25014","title":{"rendered":"Sn\u00f6gen, Geijer och den mellansvenska morgonrocken i m\u00f6rker"},"content":{"rendered":"\n<figure class=\"wp-block-image size-large is-resized\"><a href=\"https:\/\/sven-ove.nu\/wp-content\/uploads\/2023\/01\/Snodrev-scaled.jpeg\"><img loading=\"lazy\" decoding=\"async\" src=\"https:\/\/sven-ove.nu\/wp-content\/uploads\/2023\/01\/Snodrev-937x1024.jpeg\" alt=\"\" class=\"wp-image-25015\" width=\"469\" height=\"512\" srcset=\"https:\/\/sven-ove.nu\/wp-content\/uploads\/2023\/01\/Snodrev-937x1024.jpeg 937w, https:\/\/sven-ove.nu\/wp-content\/uploads\/2023\/01\/Snodrev-275x300.jpeg 275w, https:\/\/sven-ove.nu\/wp-content\/uploads\/2023\/01\/Snodrev-768x839.jpeg 768w, https:\/\/sven-ove.nu\/wp-content\/uploads\/2023\/01\/Snodrev-1406x1536.jpeg 1406w, https:\/\/sven-ove.nu\/wp-content\/uploads\/2023\/01\/Snodrev-1874x2048.jpeg 1874w\" sizes=\"auto, (max-width: 469px) 100vw, 469px\" \/><\/a><\/figure>\n\n\n\n<blockquote class=\"wp-block-quote is-layout-flow wp-block-quote-is-layout-flow\">\n<p class=\"wp-block-paragraph\">Hur \u00e4r det de s\u00e4ger i Deje?&nbsp; \u201dD\u00e4 ene ga\u2019 d\u00e4 andre.\u201d<br>S\u00e5dant kan drabba \u00e4ven en lagom tjock man i sina b\u00e4sta \u00e5r n\u00e4r sn\u00f6n faller.<\/p>\n<\/blockquote>\n\n\n\n<p class=\"wp-block-paragraph\">Nej, jag har inte fallit med sn\u00f6n. D\u00e4remot fallit f\u00f6r bilden av Geijer som sin tids Ulf Lundell, men det \u00e4r en annan sak. Lyssna p\u00e5 P1 h\u00e4r nedan, om du vill h\u00f6ra mer om den liknelsen. F\u00f6rfattarna Per Svensson och Ola Larsmo samtalar intressant om Erik Gustaf Geijer.<\/p>\n\n\n\n<p class=\"wp-block-paragraph\">Larsmo kommer till Rans\u00e4ter i morgon, l\u00f6rdag, n\u00e4r Erik Gustafs 240-\u00e5rsdag firas med en heldag fem dagar i f\u00f6rv\u00e4g. Geijer var en betydelsefull t\u00e4nkare, viktig b\u00e5de f\u00f6r den framv\u00e4xande liberalismen och kommande arbetarr\u00f6relsen, men det har b\u00e5da r\u00f6relserna gl\u00f6mt.<\/p>\n\n\n\n<p class=\"has-light-blue-background-color has-background wp-block-paragraph\"><strong>Lyssna p\u00e5 P1, Filosofiska rummet:<br><a href=\"https:\/\/sverigesradio.se\/avsnitt\/644359\">Erik Gustaf Geijer &#8211; en europeisk intellektuell<\/a><\/strong><\/p>\n\n\n\n<p class=\"wp-block-paragraph\">Torsdag och sn\u00f6n faller. Allts\u00e5 smyger jag ut p\u00e5 v\u00e5r veranda, tidigt i kolsvarta morgonm\u00f6rkret. Jag ska bara sopa av bilen det v\u00e4rsta innan jag f\u00f6rv\u00e4rmer den inf\u00f6r en tur ner till v\u00e5rdcentralen. Men det ena ger det andra. Sn\u00f6n har yrt in \u00f6verallt p\u00e5 verandan, jag f\u00e5r lov att sopa rent s\u00e5 ingen halkar.<\/p>\n\n\n\n<p class=\"wp-block-paragraph\">\u00c4lskade sn\u00f6g.<\/p>\n\n\n\n<p class=\"wp-block-paragraph\">Strax d\u00e4rp\u00e5 hittar jag sn\u00f6skyffeln. Skottar jag det, s\u00e5 skottar jag det \u2026\u00a0 Nu blir det v\u00e4g till f\u00f6rr\u00e5det och garaget. Nu bort till Eliza, v\u00e5r bil. Nu ner till gatan.<\/p>\n\n\n\n<p class=\"wp-block-paragraph\">\u00c4lskade m\u00f6rka vintermorgon, s\u00e5 h\u00e4r ska det vara i januari p\u00e5 norra halvklotet. Bl\u00e5st och sn\u00f6drev, tjohoo!<\/p>\n\n\n\n<p class=\"wp-block-paragraph\"><strong>Jag blir ertappad<\/strong><br>Det \u00e4r d\u00e5 jag inser att jag st\u00e5r ute p\u00e5 gatan ikl\u00e4dd en vildmarksjacka och ett par st\u00f6vlar som bara delvis d\u00f6ljer min morgonrock och pyjamas.<\/p>\n\n\n\n<p class=\"wp-block-paragraph\">&#8211; G\u00f4tt att en \u00e4r pension\u00e4r, s\u00e4ger jag till grannen p\u00e5 andra sidan gatan.<br>&#8211; Hur d\u00e5?<br>&#8211; D\u00e5 beh\u00f6ver en inte t\u00e4nke p\u00e5 sin v\u00e4rdighet.<\/p>\n\n\n\n<p class=\"has-text-color wp-block-paragraph\" style=\"color:#de5243\">***<\/p>\n\n\n\n<p class=\"wp-block-paragraph\">Efter det forts\u00e4tter vi skotta v\u00e5ra \u00e4gor, som om b\u00e5da vore kl\u00e4dda f\u00f6r st\u00e4rkande friluftsliv. Inte bara han.<\/p>\n\n\n\n<p class=\"wp-block-paragraph\">Men en fin morgonrock, det \u00e4r det.<\/p>\n\n\n\n<p class=\"has-light-blue-background-color has-background wp-block-paragraph\"><a href=\"https:\/\/sven-ove.nu\/\">Hem<\/a>&nbsp;|&nbsp;<a href=\"https:\/\/sven-ove.nu\/?page_id=170\">Om mig<\/a>&nbsp;|&nbsp;<a href=\"https:\/\/sven-ove.nu\/?page_id=1385\">Skriva &amp; prata<\/a>&nbsp;|&nbsp;<a href=\"https:\/\/sven-ove.nu\/?page_id=100\">Politik<\/a>&nbsp;|&nbsp;<a href=\"https:\/\/sven-ove.nu\/?page_id=102\">L\u00f6pa<\/a>&nbsp;|&nbsp;<a href=\"https:\/\/sven-ove.nu\/?page_id=108\">Viktor Root<\/a>&nbsp;&nbsp;<br><em>Inl\u00e4gg nr 2 236. (c) Sven-Ove Svensson (men dela g\u00e4rna).<\/em><\/p>\n","protected":false},"excerpt":{"rendered":"<p>Hur \u00e4r det de s\u00e4ger i Deje?&nbsp; \u201dD\u00e4 ene ga\u2019 d\u00e4 andre.\u201dS\u00e5dant kan drabba \u00e4ven en lagom tjock man i sina b\u00e4sta \u00e5r n\u00e4r sn\u00f6n faller. Nej, jag har inte fallit med sn\u00f6n. D\u00e4remot fallit f\u00f6r bilden av Geijer som sin tids Ulf Lundell, men det \u00e4r en annan sak. Lyssna p\u00e5 P1 h\u00e4r nedan, &hellip; <a href=\"https:\/\/sven-ove.nu\/?p=25014\" class=\"more-link\">Forts\u00e4tt l\u00e4sa <span class=\"screen-reader-text\">Sn\u00f6gen, Geijer och den mellansvenska morgonrocken i m\u00f6rker<\/span><\/a><\/p>\n","protected":false},"author":1,"featured_media":0,"comment_status":"closed","ping_status":"open","sticky":false,"template":"","format":"standard","meta":{"_crdt_document":"","_monsterinsights_skip_tracking":false,"_monsterinsights_sitenote_active":false,"_monsterinsights_sitenote_note":"","_monsterinsights_sitenote_category":0,"footnotes":""},"categories":[6,9,4],"tags":[8,18,13],"class_list":["post-25014","post","type-post","status-publish","format-standard","hentry","category-natur","category-politik","category-skrivande","tag-historia","tag-lardomar","tag-utrustning"],"_links":{"self":[{"href":"https:\/\/sven-ove.nu\/index.php?rest_route=\/wp\/v2\/posts\/25014","targetHints":{"allow":["GET"]}}],"collection":[{"href":"https:\/\/sven-ove.nu\/index.php?rest_route=\/wp\/v2\/posts"}],"about":[{"href":"https:\/\/sven-ove.nu\/index.php?rest_route=\/wp\/v2\/types\/post"}],"author":[{"embeddable":true,"href":"https:\/\/sven-ove.nu\/index.php?rest_route=\/wp\/v2\/users\/1"}],"replies":[{"embeddable":true,"href":"https:\/\/sven-ove.nu\/index.php?rest_route=%2Fwp%2Fv2%2Fcomments&post=25014"}],"version-history":[{"count":5,"href":"https:\/\/sven-ove.nu\/index.php?rest_route=\/wp\/v2\/posts\/25014\/revisions"}],"predecessor-version":[{"id":25040,"href":"https:\/\/sven-ove.nu\/index.php?rest_route=\/wp\/v2\/posts\/25014\/revisions\/25040"}],"wp:attachment":[{"href":"https:\/\/sven-ove.nu\/index.php?rest_route=%2Fwp%2Fv2%2Fmedia&parent=25014"}],"wp:term":[{"taxonomy":"category","embeddable":true,"href":"https:\/\/sven-ove.nu\/index.php?rest_route=%2Fwp%2Fv2%2Fcategories&post=25014"},{"taxonomy":"post_tag","embeddable":true,"href":"https:\/\/sven-ove.nu\/index.php?rest_route=%2Fwp%2Fv2%2Ftags&post=25014"}],"curies":[{"name":"wp","href":"https:\/\/api.w.org\/{rel}","templated":true}]}}