{"id":25041,"date":"2023-01-12T04:37:00","date_gmt":"2023-01-12T03:37:00","guid":{"rendered":"https:\/\/sven-ove.nu\/?p=25041"},"modified":"2023-01-10T11:10:15","modified_gmt":"2023-01-10T10:10:15","slug":"en-hel-och-levande-karl","status":"publish","type":"post","link":"https:\/\/sven-ove.nu\/?p=25041","title":{"rendered":"En hel och levande karl"},"content":{"rendered":"\n<figure class=\"wp-block-image size-large\"><a href=\"https:\/\/sven-ove.nu\/wp-content\/uploads\/2023\/01\/Greijerfem-scaled.jpeg\"><img loading=\"lazy\" decoding=\"async\" width=\"1024\" height=\"763\" src=\"https:\/\/sven-ove.nu\/wp-content\/uploads\/2023\/01\/Greijerfem-1024x763.jpeg\" alt=\"\" class=\"wp-image-25042\" srcset=\"https:\/\/sven-ove.nu\/wp-content\/uploads\/2023\/01\/Greijerfem-1024x763.jpeg 1024w, https:\/\/sven-ove.nu\/wp-content\/uploads\/2023\/01\/Greijerfem-300x224.jpeg 300w, https:\/\/sven-ove.nu\/wp-content\/uploads\/2023\/01\/Greijerfem-768x572.jpeg 768w, https:\/\/sven-ove.nu\/wp-content\/uploads\/2023\/01\/Greijerfem-1536x1145.jpeg 1536w, https:\/\/sven-ove.nu\/wp-content\/uploads\/2023\/01\/Greijerfem-2048x1527.jpeg 2048w\" sizes=\"auto, (max-width: 1024px) 100vw, 1024px\" \/><\/a><\/figure>\n\n\n\n<blockquote class=\"wp-block-quote is-layout-flow wp-block-quote-is-layout-flow\">\n<p class=\"wp-block-paragraph\">Varf\u00f6r liberalismen och arbetarr\u00f6relsen gl\u00f6mt honom \u00e4r en g\u00e5ta. I dag fyller han 240 \u00e5r.<\/p>\n<\/blockquote>\n\n\n\n<p class=\"wp-block-paragraph\">Det handlar om Erik Gustaf Geijer. Mannen som betytt mer f\u00f6r liberalismen och sm\u00e5ningom den framv\u00e4xande arbetarr\u00f6relsen \u00e4n de sj\u00e4lva minns.<\/p>\n\n\n\n<p class=\"wp-block-paragraph\">P\u00e5 l\u00f6rdagen fick jag och 70 andra chansen att m\u00f6ta honom hel och levande i Rans\u00e4ter. Geijerska sl\u00e4ktf\u00f6reningen, Geijerskolan och Humanistiska f\u00f6reningen ordnade en heldag kring honom p\u00e5 folkh\u00f6gskolan, med studiebes\u00f6k p\u00e5 g\u00e5rden d\u00e4r han v\u00e4xte upp. Vi fick m\u00f6ta hans liv i \u00e5rtal, l\u00e4ra oss mer om den tid n\u00e4r st\u00e5ngj\u00e4rnshamrar som de tre vid Ran\u00e5n f\u00f6rs\u00e5g v\u00e4rlden med j\u00e4rn, h\u00f6ra kunnigt folk diskutera hans insatser som filosof och historiker, f\u00f6rst konservativ s\u00e5dan, sedan &#8211; efter ett uppm\u00e4rksammat avfall &#8211; liberal. Hans dikter l\u00e4stes, hans musik speltes och sj\u00f6ngs.<\/p>\n\n\n\n<p class=\"wp-block-paragraph\">En allsidig karl som till slut blev rektor vid Uppsala universitet:<\/p>\n\n\n\n<p class=\"wp-block-paragraph\"><em>\u201dMed fem saker har jag befattat mig \u2013 ivrigt, om ej med framg\u00e5ng \u2013 filosofi, historia, v\u00e4ltalighet, poesi och musik. \u2013 Det \u00e4r de fem fingrarna p\u00e5 min hand, vilka jag i \u00e4rlig sl\u00f6jd upp\u00f6vat och av vilka jag ej vill uppgiva n\u00e5gondera.\u201d<\/em><\/p>\n\n\n\n<p class=\"wp-block-paragraph\">Jag kommer att leva l\u00e4nge p\u00e5 inspirationen fr\u00e5n den l\u00f6rdagen n\u00e4ra Ran\u00e5n. Tack f\u00f6r det arrang\u00f6rer och grattis p\u00e5 f\u00f6delsedagen, Erik Gustaf.<\/p>\n\n\n\n<p class=\"wp-block-paragraph\"><em><strong>###<\/strong> I Rans\u00e4ter hugger de av orden i slutet. N\u00e4r jag som bor l\u00e4ngre s\u00f6derut s\u00e4ger \u201de m\u00f6sse\u201d s\u00e4ger de \u201de m\u00f6ss\u201d. En m\u00f6ssa.<\/em><br><em><strong>###<\/strong> Ofta n\u00e4r jag passerar kommungr\u00e4nsen norrut funderar jag \u00f6ver om Erik Gustaf Geijer ocks\u00e5 talade s\u00e5 n\u00e4r han v\u00e4xte upp.<\/em><br><em><strong>###<\/strong> Eller h\u00f6ll de sig med en \u201dfinare\u201d sociolekt i herrg\u00e5rdsgemaken?<\/em><\/p>\n\n\n\n<figure class=\"wp-block-image size-large is-resized\"><a href=\"https:\/\/sven-ove.nu\/wp-content\/uploads\/2023\/01\/Geijersgarden-scaled.jpeg\"><img loading=\"lazy\" decoding=\"async\" src=\"https:\/\/sven-ove.nu\/wp-content\/uploads\/2023\/01\/Geijersgarden-1024x933.jpeg\" alt=\"\" class=\"wp-image-25043\" width=\"690\" height=\"628\" srcset=\"https:\/\/sven-ove.nu\/wp-content\/uploads\/2023\/01\/Geijersgarden-1024x933.jpeg 1024w, https:\/\/sven-ove.nu\/wp-content\/uploads\/2023\/01\/Geijersgarden-300x273.jpeg 300w, https:\/\/sven-ove.nu\/wp-content\/uploads\/2023\/01\/Geijersgarden-768x699.jpeg 768w, https:\/\/sven-ove.nu\/wp-content\/uploads\/2023\/01\/Geijersgarden-1536x1399.jpeg 1536w, https:\/\/sven-ove.nu\/wp-content\/uploads\/2023\/01\/Geijersgarden-2048x1865.jpeg 2048w\" sizes=\"auto, (max-width: 690px) 100vw, 690px\" \/><\/a><\/figure>\n\n\n\n<figure class=\"wp-block-image size-large\"><a href=\"https:\/\/sven-ove.nu\/wp-content\/uploads\/2023\/01\/Geijerentre-scaled.jpeg\"><img loading=\"lazy\" decoding=\"async\" width=\"768\" height=\"1024\" src=\"https:\/\/sven-ove.nu\/wp-content\/uploads\/2023\/01\/Geijerentre-768x1024.jpeg\" alt=\"\" class=\"wp-image-25045\" srcset=\"https:\/\/sven-ove.nu\/wp-content\/uploads\/2023\/01\/Geijerentre-768x1024.jpeg 768w, https:\/\/sven-ove.nu\/wp-content\/uploads\/2023\/01\/Geijerentre-225x300.jpeg 225w, https:\/\/sven-ove.nu\/wp-content\/uploads\/2023\/01\/Geijerentre-1152x1536.jpeg 1152w, https:\/\/sven-ove.nu\/wp-content\/uploads\/2023\/01\/Geijerentre-1536x2048.jpeg 1536w, https:\/\/sven-ove.nu\/wp-content\/uploads\/2023\/01\/Geijerentre-scaled.jpeg 1920w\" sizes=\"auto, (max-width: 768px) 100vw, 768px\" \/><\/a><\/figure>\n\n\n\n<figure class=\"wp-block-image size-large\"><a href=\"https:\/\/sven-ove.nu\/wp-content\/uploads\/2023\/01\/Geijervisning-scaled.jpeg\"><img loading=\"lazy\" decoding=\"async\" width=\"1024\" height=\"768\" src=\"https:\/\/sven-ove.nu\/wp-content\/uploads\/2023\/01\/Geijervisning-1024x768.jpeg\" alt=\"\" class=\"wp-image-25047\" srcset=\"https:\/\/sven-ove.nu\/wp-content\/uploads\/2023\/01\/Geijervisning-1024x768.jpeg 1024w, https:\/\/sven-ove.nu\/wp-content\/uploads\/2023\/01\/Geijervisning-300x225.jpeg 300w, https:\/\/sven-ove.nu\/wp-content\/uploads\/2023\/01\/Geijervisning-768x576.jpeg 768w, https:\/\/sven-ove.nu\/wp-content\/uploads\/2023\/01\/Geijervisning-1536x1152.jpeg 1536w, https:\/\/sven-ove.nu\/wp-content\/uploads\/2023\/01\/Geijervisning-2048x1536.jpeg 2048w\" sizes=\"auto, (max-width: 1024px) 100vw, 1024px\" \/><\/a><\/figure>\n\n\n\n<figure class=\"wp-block-image size-large\"><a href=\"https:\/\/sven-ove.nu\/wp-content\/uploads\/2023\/01\/Geijersvagga-scaled.jpeg\"><img loading=\"lazy\" decoding=\"async\" width=\"1013\" height=\"1024\" src=\"https:\/\/sven-ove.nu\/wp-content\/uploads\/2023\/01\/Geijersvagga-1013x1024.jpeg\" alt=\"\" class=\"wp-image-25049\" srcset=\"https:\/\/sven-ove.nu\/wp-content\/uploads\/2023\/01\/Geijersvagga-1013x1024.jpeg 1013w, https:\/\/sven-ove.nu\/wp-content\/uploads\/2023\/01\/Geijersvagga-297x300.jpeg 297w, https:\/\/sven-ove.nu\/wp-content\/uploads\/2023\/01\/Geijersvagga-768x777.jpeg 768w, https:\/\/sven-ove.nu\/wp-content\/uploads\/2023\/01\/Geijersvagga-1519x1536.jpeg 1519w, https:\/\/sven-ove.nu\/wp-content\/uploads\/2023\/01\/Geijersvagga-2025x2048.jpeg 2025w\" sizes=\"auto, (max-width: 1013px) 100vw, 1013px\" \/><\/a><\/figure>\n\n\n\n<figure class=\"wp-block-image size-large\"><a href=\"https:\/\/sven-ove.nu\/wp-content\/uploads\/2023\/01\/Geijerbrod-scaled.jpeg\"><img loading=\"lazy\" decoding=\"async\" width=\"1024\" height=\"887\" src=\"https:\/\/sven-ove.nu\/wp-content\/uploads\/2023\/01\/Geijerbrod-1024x887.jpeg\" alt=\"\" class=\"wp-image-25050\" srcset=\"https:\/\/sven-ove.nu\/wp-content\/uploads\/2023\/01\/Geijerbrod-1024x887.jpeg 1024w, https:\/\/sven-ove.nu\/wp-content\/uploads\/2023\/01\/Geijerbrod-300x260.jpeg 300w, https:\/\/sven-ove.nu\/wp-content\/uploads\/2023\/01\/Geijerbrod-768x665.jpeg 768w, https:\/\/sven-ove.nu\/wp-content\/uploads\/2023\/01\/Geijerbrod-1536x1330.jpeg 1536w, https:\/\/sven-ove.nu\/wp-content\/uploads\/2023\/01\/Geijerbrod-2048x1773.jpeg 2048w\" sizes=\"auto, (max-width: 1024px) 100vw, 1024px\" \/><\/a><\/figure>\n\n\n\n<p class=\"has-light-blue-background-color has-background wp-block-paragraph\"><a href=\"https:\/\/sven-ove.nu\/\">Hem<\/a>&nbsp;|&nbsp;<a href=\"https:\/\/sven-ove.nu\/?page_id=170\">Om mig<\/a>&nbsp;|&nbsp;<a href=\"https:\/\/sven-ove.nu\/?page_id=1385\">Skriva &amp; prata<\/a>&nbsp;|&nbsp;<a href=\"https:\/\/sven-ove.nu\/?page_id=100\">Politik<\/a>&nbsp;|&nbsp;<a href=\"https:\/\/sven-ove.nu\/?page_id=102\">L\u00f6pa<\/a>&nbsp;|&nbsp;<a href=\"https:\/\/sven-ove.nu\/?page_id=108\">Viktor Root<\/a>&nbsp;&nbsp;<br><em>Inl\u00e4gg nr 2 238. (c) Sven-Ove Svensson (men dela g\u00e4rna).<\/em><\/p>\n","protected":false},"excerpt":{"rendered":"<p>Varf\u00f6r liberalismen och arbetarr\u00f6relsen gl\u00f6mt honom \u00e4r en g\u00e5ta. I dag fyller han 240 \u00e5r. Det handlar om Erik Gustaf Geijer. Mannen som betytt mer f\u00f6r liberalismen och sm\u00e5ningom den framv\u00e4xande arbetarr\u00f6relsen \u00e4n de sj\u00e4lva minns. P\u00e5 l\u00f6rdagen fick jag och 70 andra chansen att m\u00f6ta honom hel och levande i Rans\u00e4ter. Geijerska sl\u00e4ktf\u00f6reningen, Geijerskolan &hellip; <a href=\"https:\/\/sven-ove.nu\/?p=25041\" class=\"more-link\">Forts\u00e4tt l\u00e4sa <span class=\"screen-reader-text\">En hel och levande karl<\/span><\/a><\/p>\n","protected":false},"author":1,"featured_media":0,"comment_status":"closed","ping_status":"open","sticky":false,"template":"","format":"standard","meta":{"_crdt_document":"","_monsterinsights_skip_tracking":false,"_monsterinsights_sitenote_active":false,"_monsterinsights_sitenote_note":"","_monsterinsights_sitenote_category":0,"footnotes":""},"categories":[28,9,4],"tags":[8,18,14],"class_list":["post-25041","post","type-post","status-publish","format-standard","hentry","category-kreativt-folk","category-politik","category-skrivande","tag-historia","tag-lardomar","tag-lasning"],"_links":{"self":[{"href":"https:\/\/sven-ove.nu\/index.php?rest_route=\/wp\/v2\/posts\/25041","targetHints":{"allow":["GET"]}}],"collection":[{"href":"https:\/\/sven-ove.nu\/index.php?rest_route=\/wp\/v2\/posts"}],"about":[{"href":"https:\/\/sven-ove.nu\/index.php?rest_route=\/wp\/v2\/types\/post"}],"author":[{"embeddable":true,"href":"https:\/\/sven-ove.nu\/index.php?rest_route=\/wp\/v2\/users\/1"}],"replies":[{"embeddable":true,"href":"https:\/\/sven-ove.nu\/index.php?rest_route=%2Fwp%2Fv2%2Fcomments&post=25041"}],"version-history":[{"count":6,"href":"https:\/\/sven-ove.nu\/index.php?rest_route=\/wp\/v2\/posts\/25041\/revisions"}],"predecessor-version":[{"id":25053,"href":"https:\/\/sven-ove.nu\/index.php?rest_route=\/wp\/v2\/posts\/25041\/revisions\/25053"}],"wp:attachment":[{"href":"https:\/\/sven-ove.nu\/index.php?rest_route=%2Fwp%2Fv2%2Fmedia&parent=25041"}],"wp:term":[{"taxonomy":"category","embeddable":true,"href":"https:\/\/sven-ove.nu\/index.php?rest_route=%2Fwp%2Fv2%2Fcategories&post=25041"},{"taxonomy":"post_tag","embeddable":true,"href":"https:\/\/sven-ove.nu\/index.php?rest_route=%2Fwp%2Fv2%2Ftags&post=25041"}],"curies":[{"name":"wp","href":"https:\/\/api.w.org\/{rel}","templated":true}]}}