{"id":25055,"date":"2023-01-16T04:53:00","date_gmt":"2023-01-16T03:53:00","guid":{"rendered":"https:\/\/sven-ove.nu\/?p=25055"},"modified":"2023-01-15T10:01:18","modified_gmt":"2023-01-15T09:01:18","slug":"25055","status":"publish","type":"post","link":"https:\/\/sven-ove.nu\/?p=25055","title":{"rendered":"En ber\u00e4ttelse om goda m\u00e4nniskor och om ondska"},"content":{"rendered":"\n<figure class=\"wp-block-image size-large is-resized\"><a href=\"https:\/\/sven-ove.nu\/wp-content\/uploads\/2023\/01\/Dumasteberatta-scaled.jpg\"><img loading=\"lazy\" decoding=\"async\" src=\"https:\/\/sven-ove.nu\/wp-content\/uploads\/2023\/01\/Dumasteberatta-710x1024.jpg\" alt=\"\" class=\"wp-image-25059\" width=\"355\" height=\"512\" srcset=\"https:\/\/sven-ove.nu\/wp-content\/uploads\/2023\/01\/Dumasteberatta-710x1024.jpg 710w, https:\/\/sven-ove.nu\/wp-content\/uploads\/2023\/01\/Dumasteberatta-208x300.jpg 208w, https:\/\/sven-ove.nu\/wp-content\/uploads\/2023\/01\/Dumasteberatta-768x1107.jpg 768w, https:\/\/sven-ove.nu\/wp-content\/uploads\/2023\/01\/Dumasteberatta-1066x1536.jpg 1066w, https:\/\/sven-ove.nu\/wp-content\/uploads\/2023\/01\/Dumasteberatta-1421x2048.jpg 1421w, https:\/\/sven-ove.nu\/wp-content\/uploads\/2023\/01\/Dumasteberatta-scaled.jpg 1776w\" sizes=\"auto, (max-width: 355px) 100vw, 355px\" \/><\/a><\/figure>\n\n\n\n<blockquote class=\"wp-block-quote is-layout-flow wp-block-quote-is-layout-flow\">\n<p class=\"wp-block-paragraph\">Den h\u00e4r recensionen har tidigare varit publicerad i F\u00f6reningen V\u00e4rmlandslitteraturs tidskrift Wermlandiana. Ann-Katrin Majbrittsdotters bok om flyktingpojken Amir \u00e4r en ber\u00e4ttelse om goda m\u00e4nniskor &#8211; och om ondska.<\/p>\n<\/blockquote>\n\n\n\n<p class=\"wp-block-paragraph\"><strong>Recension<\/strong>. Det finns b\u00f6cker och f\u00f6rfattare som f\u00e5r of\u00f6rtj\u00e4nt mycket uppm\u00e4rksamhet. Vissa skribenter \u00e4r helt enkelt b\u00e4ttre p\u00e5 att s\u00e4lja \u00e4n att skriva.<\/p>\n\n\n\n<p class=\"wp-block-paragraph\">Det finns b\u00f6cker och f\u00f6rfattare som \u00e4r tv\u00e4rt om ocks\u00e5. De f\u00e5r of\u00f6rtj\u00e4nt lite uppm\u00e4rksamhet. En s\u00e5dan bok \u00e4r Ann-Katrin Majbrittsdotters ber\u00e4ttelse om hur hon tar hand om flyktingpojken Amir. Jag kan inte f\u00f6r mitt liv begripa varf\u00f6r v\u00e4rml\u00e4ndska medier inte uppm\u00e4rksammat den h\u00e4r v\u00e4lskrivna skildringen av hur 16-\u00e5ringen med sina f\u00f6rf\u00e4rliga erfarenheter bakom sig hamnar i Edeby. Han som tvingats fly i tre m\u00e5nader under hemska strapatser men till slut lyckas med det han f\u00f6resatt sig, n\u00e4r det nu inte gick att bo kvar levande i hemlandet. N\u00e4mligen att l\u00e4ra sig svenska, utbilda sig, f\u00e5 ett jobb och b\u00f6rja betala skatt.<\/p>\n\n\n\n<p class=\"wp-block-paragraph\">Varf\u00f6r finns denna skrift p\u00e5 Bokus men inte i VF och NWT?<\/p>\n\n\n\n<p class=\"wp-block-paragraph\">Boken \u00e4r inte tjock men f\u00f6rfattaren lyckas skickligt varva skildringen av Amirs och Afghanistans \u00f6den med gripande t\u00e4nkta personliga meddelanden till hans mor Khadidja. Under l\u00e4sningen l\u00e4r jag mig mycket om Afghanistan utan att researchen k\u00e4nns p\u00e5klistrad. Allt belagt med trov\u00e4rdiga k\u00e4llor.<\/p>\n\n\n\n<p class=\"wp-block-paragraph\">Landet som Amir f\u00f6ddes i har 29-37 miljoner inv\u00e5nare, \u00e4r v\u00e4rldens farligaste land f\u00f6r kvinnor och 70 procent av dess befolkning \u00e4r under 25 \u00e5r. I vissa omr\u00e5den \u00e4r det bara tv\u00e5 procent av kvinnorna som kan l\u00e4sa och det \u00e4r vanligt med tv\u00e5ngsgifte och barn\u00e4ktenskap. 2018 sv\u00e4lter tv\u00e5 miljoner barn i landet. \u00c5ret d\u00e4rp\u00e5 d\u00f6r eller skadas mer \u00e4n 4&nbsp;000 personer i attacker mot civila. Folkgruppen hazarer utg\u00f6r 10-15 procent av befolkningen och har f\u00f6rf\u00f6ljts sedan slutet av 1800-talet. D\u00e5 och d\u00e5 har de utsatts f\u00f6r massavr\u00e4ttningar. Allt detta g\u00f6r att n\u00e4ra tre miljoner afghaner flytt in i grannlandet Pakistan, m\u00e5nga av dem unga.<\/p>\n\n\n\n<p class=\"wp-block-paragraph\">Varf\u00f6r flyr han? Hans mor tar beslutet hemma i byn n\u00e4r talibanerna kastar av hennes make fr\u00e5n en lastbil, skjuten genom huvudet. Hon s\u00e4ljer sina smycken, pengarna r\u00e4cker s\u00e5 att en av dem kan fly. Det f\u00e5r bli \u00e4ldste sonen, han som talibanerna vill rekrytera som soldat.<\/p>\n\n\n\n<p class=\"wp-block-paragraph\">Hur flyr han? Under s\u00e4tena i en lastbil. I flyktingsmugglarnas personbilar. Till fots. I en sexpersoners gummib\u00e5t tillsammans med fjorton andra flyktingar. Till fots. I bil igen. Slutligen via en l\u00e5ng bilf\u00e4rd genom Europa innan f\u00f6raren ruskar om honom i Malm\u00f6, r\u00e4dd att han ska d\u00f6: \u201dG\u00e5 ur, det h\u00e4r \u00e4r Sverige.\u201d Amir sjunker ihop p\u00e5 gatan, gr\u00e5ter och somnar. V\u00e4cks av en polis som ger honom vatten.<\/p>\n\n\n\n<p class=\"wp-block-paragraph\">Vad upplever han under flykten? Tillr\u00e4ckligt f\u00f6r att dr\u00f6mma mardr\u00f6mmar varje natt efter\u00e5t. N\u00e5gra pojkar som har mindre gott om pengar v\u00e5ldtas. I 24 timmar tvingas han sj\u00e4lv f\u00e4rdas med en d\u00f6d pojke bredvid sig. Denne har d\u00f6tt n\u00e4r inte syret r\u00e4ckt till och liket stj\u00e4lps av i ett vattendrag efter ett dygn.<\/p>\n\n\n\n<p class=\"wp-block-paragraph\">Amir hamnar p\u00e5 en flyktingf\u00f6rl\u00e4ggning n\u00e4ra Ann-Katrin Majbrittsdotters by i V\u00e4rmland. Hon har anm\u00e4lt sig som god man n\u00e4r hon f\u00e5r kontakt med Amir p\u00e5 f\u00f6rl\u00e4ggningen. Efter ett tag flyttar han hem i hennes familj.<\/p>\n\n\n\n<p class=\"wp-block-paragraph\">Nu b\u00f6rjar en ny kamp. Den som slutar med att Amir blir utbildad undersk\u00f6terska. \u201dJag fick aldrig ta hand om mina f\u00f6r\u00e4ldrar, s\u00e5 nu kan jag hj\u00e4lpa era gamla!\u201d.<\/p>\n\n\n\n<p class=\"wp-block-paragraph\">Beskrivningen av f\u00f6rh\u00e5llandena i Afghanistan och om Amirs flykt \u00e4r gripande. Allra mest ber\u00f6rs jag \u00e4nd\u00e5 av Ann-Katrin Majbrittsdotters m\u00e5nga t\u00e4nkta h\u00e4lsningar till hans mamma. \u201dJag vet vad som h\u00e4nde din son, och jag ville s\u00e5 g\u00e4rna f\u00e5 ber\u00e4tta det f\u00f6r dig. Hur han kom till oss i v\u00e5r familj och blev en s\u00e5dan viktig och \u00e4lskad person i v\u00e5ra liv. Kommer du och jag n\u00e5gonsin att m\u00f6tas?\u201d.<\/p>\n\n\n\n<p class=\"wp-block-paragraph\">Detta \u00e4r en ber\u00e4ttelse om goda m\u00e4nniskor &#8211; och om ondska. L\u00e4s den.<\/p>\n\n\n\n<p class=\"has-medium-pink-color has-text-color wp-block-paragraph\">***<\/p>\n\n\n\n<p class=\"wp-block-paragraph\"><strong>###<\/strong> Ann-Katrin Majbrittsdotter: <strong><em>Du m\u00e5ste ber\u00e4tta allt.<\/em><\/strong> Recito f\u00f6rlag 2021. 93 sidor.<br><strong>###<\/strong> Sedan recensionen skrevs har V\u00e4rmlands Folkblad publicerat en intervju med Ann-Katrin Majbrittsdotter.<\/p>\n\n\n\n<p class=\"has-light-gray-background-color has-background wp-block-paragraph\"><a href=\"https:\/\/sven-ove.nu\/\">Hem<\/a>&nbsp;|&nbsp;<a href=\"https:\/\/sven-ove.nu\/?page_id=170\">Om mig<\/a>&nbsp;|&nbsp;<a href=\"https:\/\/sven-ove.nu\/?page_id=1385\">Skriva &amp; prata<\/a>&nbsp;|&nbsp;<a href=\"https:\/\/sven-ove.nu\/?page_id=100\">Politik<\/a>&nbsp;|&nbsp;<a href=\"https:\/\/sven-ove.nu\/?page_id=102\">L\u00f6pa<\/a>&nbsp;|&nbsp;<a href=\"https:\/\/sven-ove.nu\/?page_id=108\">Viktor Root<\/a>&nbsp;&nbsp;<br><em>Inl\u00e4gg nr 2 239. (c) Sven-Ove Svensson (men dela g\u00e4rna).<\/em><\/p>\n","protected":false},"excerpt":{"rendered":"<p>Den h\u00e4r recensionen har tidigare varit publicerad i F\u00f6reningen V\u00e4rmlandslitteraturs tidskrift Wermlandiana. Ann-Katrin Majbrittsdotters bok om flyktingpojken Amir \u00e4r en ber\u00e4ttelse om goda m\u00e4nniskor &#8211; och om ondska. Recension. Det finns b\u00f6cker och f\u00f6rfattare som f\u00e5r of\u00f6rtj\u00e4nt mycket uppm\u00e4rksamhet. Vissa skribenter \u00e4r helt enkelt b\u00e4ttre p\u00e5 att s\u00e4lja \u00e4n att skriva. Det finns b\u00f6cker och &hellip; <a href=\"https:\/\/sven-ove.nu\/?p=25055\" class=\"more-link\">Forts\u00e4tt l\u00e4sa <span class=\"screen-reader-text\">En ber\u00e4ttelse om goda m\u00e4nniskor och om ondska<\/span><\/a><\/p>\n","protected":false},"author":1,"featured_media":0,"comment_status":"closed","ping_status":"open","sticky":false,"template":"","format":"standard","meta":{"_crdt_document":"","_monsterinsights_skip_tracking":false,"_monsterinsights_sitenote_active":false,"_monsterinsights_sitenote_note":"","_monsterinsights_sitenote_category":0,"footnotes":""},"categories":[28,4],"tags":[8,14,17],"class_list":["post-25055","post","type-post","status-publish","format-standard","hentry","category-kreativt-folk","category-skrivande","tag-historia","tag-lasning","tag-solidaritet"],"_links":{"self":[{"href":"https:\/\/sven-ove.nu\/index.php?rest_route=\/wp\/v2\/posts\/25055","targetHints":{"allow":["GET"]}}],"collection":[{"href":"https:\/\/sven-ove.nu\/index.php?rest_route=\/wp\/v2\/posts"}],"about":[{"href":"https:\/\/sven-ove.nu\/index.php?rest_route=\/wp\/v2\/types\/post"}],"author":[{"embeddable":true,"href":"https:\/\/sven-ove.nu\/index.php?rest_route=\/wp\/v2\/users\/1"}],"replies":[{"embeddable":true,"href":"https:\/\/sven-ove.nu\/index.php?rest_route=%2Fwp%2Fv2%2Fcomments&post=25055"}],"version-history":[{"count":6,"href":"https:\/\/sven-ove.nu\/index.php?rest_route=\/wp\/v2\/posts\/25055\/revisions"}],"predecessor-version":[{"id":25063,"href":"https:\/\/sven-ove.nu\/index.php?rest_route=\/wp\/v2\/posts\/25055\/revisions\/25063"}],"wp:attachment":[{"href":"https:\/\/sven-ove.nu\/index.php?rest_route=%2Fwp%2Fv2%2Fmedia&parent=25055"}],"wp:term":[{"taxonomy":"category","embeddable":true,"href":"https:\/\/sven-ove.nu\/index.php?rest_route=%2Fwp%2Fv2%2Fcategories&post=25055"},{"taxonomy":"post_tag","embeddable":true,"href":"https:\/\/sven-ove.nu\/index.php?rest_route=%2Fwp%2Fv2%2Ftags&post=25055"}],"curies":[{"name":"wp","href":"https:\/\/api.w.org\/{rel}","templated":true}]}}