{"id":25129,"date":"2023-01-25T04:21:00","date_gmt":"2023-01-25T03:21:00","guid":{"rendered":"https:\/\/sven-ove.nu\/?p=25129"},"modified":"2023-01-25T08:10:26","modified_gmt":"2023-01-25T07:10:26","slug":"nu-vet-jag-hur-vi-ska-fa-ordning-pa-elpriserna","status":"publish","type":"post","link":"https:\/\/sven-ove.nu\/?p=25129","title":{"rendered":"Nu vet jag hur vi ska f\u00e5 ordning p\u00e5 elpriserna"},"content":{"rendered":"\n<figure class=\"wp-block-image size-large\"><a href=\"https:\/\/sven-ove.nu\/wp-content\/uploads\/2023\/01\/Forsen.jpg\"><img loading=\"lazy\" decoding=\"async\" width=\"1024\" height=\"768\" src=\"https:\/\/sven-ove.nu\/wp-content\/uploads\/2023\/01\/Forsen-1024x768.jpg\" alt=\"\" class=\"wp-image-25133\" srcset=\"https:\/\/sven-ove.nu\/wp-content\/uploads\/2023\/01\/Forsen-1024x768.jpg 1024w, https:\/\/sven-ove.nu\/wp-content\/uploads\/2023\/01\/Forsen-300x225.jpg 300w, https:\/\/sven-ove.nu\/wp-content\/uploads\/2023\/01\/Forsen-768x576.jpg 768w, https:\/\/sven-ove.nu\/wp-content\/uploads\/2023\/01\/Forsen.jpg 1280w\" sizes=\"auto, (max-width: 1024px) 100vw, 1024px\" \/><\/a><\/figure>\n\n\n\n<blockquote class=\"wp-block-quote is-layout-flow wp-block-quote-is-layout-flow\">\n<p class=\"wp-block-paragraph\">Jag har kommit p\u00e5 hur vi ska bli av med de f\u00f6rf\u00e4rliga elpriserna.<br>Vi ska g\u00e5 med i klubben.<\/p>\n<\/blockquote>\n\n\n\n<p class=\"wp-block-paragraph\">Det finns tv\u00e5 problem med svensk eldebatt:<br>-Alldeles f\u00f6r m\u00e5nga tror att de h\u00f6ga elpriserna beror p\u00e5 elbrist. H\u00e4r.<br>-Alldeles f\u00f6r f\u00e5 retar sig p\u00e5 att bygderna d\u00e4r str\u00f6mmen produceras f\u00e5r s\u00e5 lite tillbaka.<\/p>\n\n\n\n<p class=\"wp-block-paragraph\">Sverige har inte brist p\u00e5 elstr\u00f6m. Tv\u00e4rt om, tack vare oss har kontinenten mycket mindre elbrist \u00e4n man annars skulle ha. Vi \u00e4r Europas st\u00f6rsta export\u00f6r av el. Varje g\u00e5ng jag tittar p\u00e5 <a href=\"https:\/\/www.svk.se\/om-kraftsystemet\/kontrollrummet\/\">produktionssiffrorna<\/a> s\u00e5 ser jag att vi skickar massor till andra l\u00e4nder. Vi g\u00f6r mer str\u00f6m \u00e4n vi beh\u00f6ver sj\u00e4lva.<\/p>\n\n\n\n<p class=\"wp-block-paragraph\">Bra.<\/p>\n\n\n\n<p class=\"wp-block-paragraph\">Vinterns problem har varit att i samma stund som vi exporterat v\u00e5rt el\u00f6verskott &#8211; s\u00e5 har vi importerat kontinentens fantasipriser. De putinpriser som bristen p\u00e5 gas st\u00e4llt till med d\u00e4r nere under Rysslands anfallskrig. Detta kallas marknadsekonomi och \u00e4r en s\u00e4rskild sorts finurlighet, som i det h\u00e4r fallet g\u00f6r att den som hj\u00e4lper sina grannar f\u00e5r betala dyrt f\u00f6r n\u00e5den att ha hj\u00e4lpt dem.<\/p>\n\n\n\n<p class=\"wp-block-paragraph\">Gillar du inte marknadsekonomi?! fr\u00e5gar en och annan v\u00e4n i sociala medier. Nja, inte den h\u00e4r speciella marknadseffekten.<\/p>\n\n\n\n<p class=\"wp-block-paragraph\"><strong>Bengt var f\u00f6rst<\/strong><br>Nu finns det en karl som heter Bengt Ekenstierna. Han vet en aning mer om elstr\u00f6m \u00e4n vad jag g\u00f6r. Karln har 40 \u00e5rs erfarenhet fr\u00e5n energibranschen, bland annat har han i mer \u00e4n 15 \u00e5r varit VD och dotterbolagschef f\u00f6r flera av Sydkrafts och d\u00e4refter EON:s dotterbolag i Norden. I dag \u00e4r han industriell r\u00e5dgivare.<\/p>\n\n\n\n<p class=\"wp-block-paragraph\">F\u00f6r mig har Bengt Ekenstierna en merit till. Det \u00e4r han som st\u00e5r bakom den s\u00e5 kallade Beken-modellen. F\u00f6rslaget inneb\u00e4r att den el vi f\u00f6rbrukar i Sverige ska priss\u00e4ttas efter vad den kostar att producera. L\u00e5gt pris, s\u00e5 som vi gjorde f\u00f6rr. D\u00e4remot ska den el som vi exporterar till utlandet f\u00e5 en annan priss\u00e4ttning.<\/p>\n\n\n\n<p class=\"wp-block-paragraph\">Bengt var f\u00f6rst. Sedan f\u00f6ljde V\u00e4nsterpartiet efter och d\u00f6pte det till Sverigepriser. Flera g\u00e5nger har partiet f\u00f6reslagit ungef\u00e4r samma sak, det vill s\u00e4ga ett inhemskt pris p\u00e5 elstr\u00f6mmen och ett annat f\u00f6r den el vi exporterar.<\/p>\n\n\n\n<p class=\"wp-block-paragraph\">Vare sig Bengt eller Nooshi har hittills f\u00e5tt som de vill.<br>Synd tycker jag.<\/p>\n\n\n\n<p class=\"wp-block-paragraph\"><strong>D\u00e5 kommer jag p\u00e5 l\u00f6sningen<\/strong><br>N\u00e4r \u00e4nnu en trevlig karl p\u00e5pekar att marknadsekonomi \u00e4r marknadsekonomi sl\u00e5r det mig hur vi kan slippa de f\u00f6rf\u00e4rliga \u00f6verpriserna. Vi kan l\u00f6sa fr\u00e5gan med hj\u00e4lp av marknadens egen metod.<\/p>\n\n\n\n<p class=\"wp-block-paragraph\">Det vet v\u00e4l alla som handlat en adapter p\u00e5 Kjell &amp; Company vilken fr\u00e5ga vi alltid f\u00e5r i kassan, n\u00e4r vi ska betala. Alla som k\u00f6pt l\u00f6parskor p\u00e5 Stadium eller bott p\u00e5 ett Clarion-hotell. Alla som inhandlat en bok p\u00e5 Akademibokhandeln, en eltandborste p\u00e5 Clas Ohlsson eller ett par solglas\u00f6gon p\u00e5 Synoptik.<br>&#8211; \u00c4r du medlem? &nbsp;<br>\u00c4r vi det s\u00e5 f\u00e5r vi rabatt. Marknaden tycker om medlemmar.<\/p>\n\n\n\n<p class=\"wp-block-paragraph\"><strong>Vi f\u00e5r bilda en kundklubb<\/strong><br>H\u00e4r \u00e4r allts\u00e5 mitt f\u00f6rslag till ny prismodell f\u00f6r elstr\u00f6m i fosterlandet. Modellen bygger p\u00e5 Bengt Ekenstiernas och V\u00e4nsterpartiets f\u00f6rslag men \u00e4r en vidareutveckling, helt inom marknadsekonomins gr\u00e4nser.<\/p>\n\n\n\n<p class=\"wp-block-paragraph\">Vi f\u00e5r bilda en kundklubb.<\/p>\n\n\n\n<p class=\"wp-block-paragraph\">Kalla den <strong>Str\u00f6mklubb Sverige<\/strong> och l\u00e5t den vara \u00f6ppen f\u00f6r var och en som bor intill ett elsk\u00e5p i detta land. Varje g\u00e5ng vi f\u00e5r en elr\u00e4kning f\u00f6r elstr\u00f6m producerad i riket s\u00e5 st\u00e5r det tv\u00e5 alternativa priser p\u00e5 den. Sedan \u00e4r det bara att v\u00e4lja.<br>&#8211; \u00c4r du medlem?<br>\u00c4r du det, d\u00e5 betalar du det l\u00e5ga priset.<\/p>\n\n\n\n<p class=\"wp-block-paragraph\">\u00c4r du inte medlem, s\u00e5 blir det tyv\u00e4rr en aning dyrare. \u00c5tminstone s\u00e5 l\u00e4nge Vladimir Putin, 70, bedriver anfallskrig i Ukraina och det d\u00e4rf\u00f6r r\u00e5der gasbrist p\u00e5 kontinenten. Gl\u00f6m inte skriva in din epostadress s\u00e5 klubben kan skicka dig nya billiga erbjudanden och fr\u00e5ga hur n\u00f6jd du \u00e4r p\u00e5 en skala.<\/p>\n\n\n\n<p class=\"wp-block-paragraph\">\u201dHade du en bra upplevelse med str\u00f6mmen vi skickade dig? Vad tyckte du om det h\u00e4r meddelandet? Hur upplevde du att vi fr\u00e5gade dig om hur du upplevde det? Var det en bra upplevelse att vi fr\u00e5gade dig om hur du upplevde upplevandet? Nej, inte det f\u00f6rsta upplevandet, det andra upplevandet.\u201d<\/p>\n\n\n\n<p class=\"wp-block-paragraph\"><strong>Vi tar swish<\/strong><br>S\u00e5 d\u00e4r, d\u00e5 var den fr\u00e5gan l\u00f6st. Kundklubb med rabatt. Nu ska jag fundera p\u00e5 hur de bygder d\u00e4r str\u00f6mmen produceras, som exempelvis Deje, Forshaga, Norrland och socknarna d\u00e4r omkring, ska f\u00e5 mycket mer \u00e4n bara n\u00e5gra ynka kronor i ers\u00e4ttning f\u00f6r att de sl\u00e4ppt till sina forsar och vattenfall.<\/p>\n\n\n\n<p class=\"wp-block-paragraph\">Jag kallar den Forsavgiften. <strong>Fors Masch\u00f6r. <\/strong>Den blir h\u00f6g.<\/p>\n\n\n\n<p class=\"wp-block-paragraph\">Kraftbolagen har surfat f\u00e4rdigt. De betalar inte marknadsm\u00e4ssigt f\u00f6r den natur de f\u00f6rst\u00f6rt, de guldtackor de plockar ut ur v\u00e5ra forna forsar och fall.<\/p>\n\n\n\n<p class=\"wp-block-paragraph\">Fram med pengarna, bolagsgubbar, en marknad \u00e4r en marknad. Vi tar swish.<\/p>\n\n\n\n<p class=\"has-light-gray-background-color has-background wp-block-paragraph\"><em>### Hur upplevde ni att vi sa att vi tar swish?<\/em><\/p>\n\n\n\n<p class=\"has-light-blue-background-color has-background wp-block-paragraph\"><a href=\"https:\/\/sven-ove.nu\/\">Hem<\/a>&nbsp;|&nbsp;<a href=\"https:\/\/sven-ove.nu\/?page_id=170\">Om mig<\/a>&nbsp;|&nbsp;<a href=\"https:\/\/sven-ove.nu\/?page_id=1385\">Skriva &amp; prata<\/a>&nbsp;|&nbsp;<a href=\"https:\/\/sven-ove.nu\/?page_id=100\">Politik<\/a>&nbsp;|&nbsp;<a href=\"https:\/\/sven-ove.nu\/?page_id=102\">L\u00f6pa<\/a>&nbsp;|&nbsp;<a href=\"https:\/\/sven-ove.nu\/?page_id=108\">Viktor Root<\/a>&nbsp;&nbsp;<br><em>Inl\u00e4gg nr 2 242. (c) Sven-Ove Svensson (men dela g\u00e4rna).<\/em><\/p>\n","protected":false},"excerpt":{"rendered":"<p>Jag har kommit p\u00e5 hur vi ska bli av med de f\u00f6rf\u00e4rliga elpriserna.Vi ska g\u00e5 med i klubben. Det finns tv\u00e5 problem med svensk eldebatt:-Alldeles f\u00f6r m\u00e5nga tror att de h\u00f6ga elpriserna beror p\u00e5 elbrist. H\u00e4r.-Alldeles f\u00f6r f\u00e5 retar sig p\u00e5 att bygderna d\u00e4r str\u00f6mmen produceras f\u00e5r s\u00e5 lite tillbaka. Sverige har inte brist p\u00e5 &hellip; <a href=\"https:\/\/sven-ove.nu\/?p=25129\" class=\"more-link\">Forts\u00e4tt l\u00e4sa <span class=\"screen-reader-text\">Nu vet jag hur vi ska f\u00e5 ordning p\u00e5 elpriserna<\/span><\/a><\/p>\n","protected":false},"author":1,"featured_media":0,"comment_status":"closed","ping_status":"open","sticky":false,"template":"","format":"standard","meta":{"_crdt_document":"","_monsterinsights_skip_tracking":false,"_monsterinsights_sitenote_active":false,"_monsterinsights_sitenote_note":"","_monsterinsights_sitenote_category":0,"footnotes":""},"categories":[28,6,9],"tags":[18],"class_list":["post-25129","post","type-post","status-publish","format-standard","hentry","category-kreativt-folk","category-natur","category-politik","tag-lardomar"],"_links":{"self":[{"href":"https:\/\/sven-ove.nu\/index.php?rest_route=\/wp\/v2\/posts\/25129","targetHints":{"allow":["GET"]}}],"collection":[{"href":"https:\/\/sven-ove.nu\/index.php?rest_route=\/wp\/v2\/posts"}],"about":[{"href":"https:\/\/sven-ove.nu\/index.php?rest_route=\/wp\/v2\/types\/post"}],"author":[{"embeddable":true,"href":"https:\/\/sven-ove.nu\/index.php?rest_route=\/wp\/v2\/users\/1"}],"replies":[{"embeddable":true,"href":"https:\/\/sven-ove.nu\/index.php?rest_route=%2Fwp%2Fv2%2Fcomments&post=25129"}],"version-history":[{"count":5,"href":"https:\/\/sven-ove.nu\/index.php?rest_route=\/wp\/v2\/posts\/25129\/revisions"}],"predecessor-version":[{"id":25136,"href":"https:\/\/sven-ove.nu\/index.php?rest_route=\/wp\/v2\/posts\/25129\/revisions\/25136"}],"wp:attachment":[{"href":"https:\/\/sven-ove.nu\/index.php?rest_route=%2Fwp%2Fv2%2Fmedia&parent=25129"}],"wp:term":[{"taxonomy":"category","embeddable":true,"href":"https:\/\/sven-ove.nu\/index.php?rest_route=%2Fwp%2Fv2%2Fcategories&post=25129"},{"taxonomy":"post_tag","embeddable":true,"href":"https:\/\/sven-ove.nu\/index.php?rest_route=%2Fwp%2Fv2%2Ftags&post=25129"}],"curies":[{"name":"wp","href":"https:\/\/api.w.org\/{rel}","templated":true}]}}