{"id":25137,"date":"2023-02-01T04:04:00","date_gmt":"2023-02-01T03:04:00","guid":{"rendered":"https:\/\/sven-ove.nu\/?p=25137"},"modified":"2023-01-31T09:13:49","modified_gmt":"2023-01-31T08:13:49","slug":"25137","status":"publish","type":"post","link":"https:\/\/sven-ove.nu\/?p=25137","title":{"rendered":"Jag l\u00e4ngtar efter en Olsson med sk\u00e4gget"},"content":{"rendered":"\n<figure class=\"wp-block-image size-full\"><a href=\"https:\/\/sven-ove.nu\/wp-content\/uploads\/2023\/01\/Olsson.png\"><img loading=\"lazy\" decoding=\"async\" width=\"261\" height=\"347\" src=\"https:\/\/sven-ove.nu\/wp-content\/uploads\/2023\/01\/Olsson.png\" alt=\"\" class=\"wp-image-25140\" srcset=\"https:\/\/sven-ove.nu\/wp-content\/uploads\/2023\/01\/Olsson.png 261w, https:\/\/sven-ove.nu\/wp-content\/uploads\/2023\/01\/Olsson-226x300.png 226w\" sizes=\"auto, (max-width: 261px) 100vw, 261px\" \/><\/a><\/figure>\n\n\n\n<blockquote class=\"wp-block-quote is-layout-flow wp-block-quote-is-layout-flow\">\n<p class=\"wp-block-paragraph\">Att kunna l\u00e4sa och f\u00f6rst\u00e5 v\u00e4rlden. En g\u00e5ng k\u00e4mpade man f\u00f6r den r\u00e4tten. Svenskarna fick folkskola, i kyrkb\u00f6ckerna noterade pr\u00e4sterna den \u00f6kande l\u00e4s- och skrivkunnigheten, i de framv\u00e4xande folkr\u00f6relserna slogs man f\u00f6r folkbildningen.<\/p>\n<\/blockquote>\n\n\n\n<p class=\"wp-block-paragraph\">1902 uppfann <a href=\"https:\/\/sv.wikipedia.org\/wiki\/Oscar_Olsson\" data-type=\"URL\" data-id=\"https:\/\/sv.wikipedia.org\/wiki\/Oscar_Olsson\">Oscar Olsson <\/a>studiecirkeln. Idealet var kamratcirkeln d\u00e4r man umgicks, studerade och diskuterade tillsammans. Ett ivrigt diskuterande folk som r\u00f6rde sig, det var vad pionj\u00e4rerna ville uppn\u00e5.<\/p>\n\n\n\n<p class=\"wp-block-paragraph\">Vissa \u00e5r n\u00e5dde Folket i Bild upplagor p\u00e5 \u00f6ver 200 000. Bakom tidningen stod bonde- och arbetarorganisationer liksom nykterister. FiB:s folkb\u00f6cker kunde s\u00e4lja \u00f6ver 100 000 exemplar av vissa utg\u00e5vor. Kvalitetsb\u00f6cker, ofta distribuerade av ett bokombud p\u00e5 arbetsplatsen. \u201dLjus \u00f6ver landet\u201d, det var tanken.<\/p>\n\n\n\n<p class=\"wp-block-paragraph\">Nej, alla gick v\u00e4l inte cirkel, alla l\u00e4ste inte FiB, alla gick inte p\u00e5 fackf\u00f6reningsm\u00f6tena. Men n\u00e5got h\u00e4nde. Sverige b\u00f6rjade r\u00f6ra sig fr\u00e5n fattigdom till folkhem. Sakta och medvetet krympte politiken och folkbildningen klyftorna. V\u00e4rlden gick mer och mer att f\u00f6rst\u00e5.<\/p>\n\n\n\n<p class=\"wp-block-paragraph\">S\u00e5 kan det se ut, n\u00e4r jag tittar i backspegeln.<\/p>\n\n\n\n<p class=\"wp-block-paragraph\"><strong>M\u00e5nga ord, mycken dumhet<\/strong><br>Hur ser d\u00e5 nuet ut? Jo tack, i dag kan svenska folket l\u00e4sa och man skriver mer \u00e4n n\u00e5gonsin. Sms, messengermeddelanden, inl\u00e4gg i sociala medier, kommentarer om allt fr\u00e5n lustiga katter till migration, ibland ett och annat mejl.<\/p>\n\n\n\n<p class=\"wp-block-paragraph\">Problemet \u00e4r att det finns ingen Oscar Olsson l\u00e4ngre, ingen <a href=\"https:\/\/sv.wikipedia.org\/wiki\/Ivar_%C3%96hman_(1914%E2%80%931989)\" data-type=\"URL\" data-id=\"https:\/\/sv.wikipedia.org\/wiki\/Ivar_%C3%96hman_(1914%E2%80%931989)\">Ivar \u00d6hman<\/a> eller <a href=\"https:\/\/www.aftonbladet.se\/kultur\/a\/41yAPR\/jag-ar-fri-brukade-han-saga-och-sa-var-det-nog\" data-type=\"URL\" data-id=\"https:\/\/www.aftonbladet.se\/kultur\/a\/41yAPR\/jag-ar-fri-brukade-han-saga-och-sa-var-det-nog\">Bengt G\u00f6ransson<\/a>. De forna folkr\u00f6relserna har f\u00f6r lite folk och f\u00f6r lite r\u00f6relse, ljuset \u00f6ver landet har m\u00f6rknat betydligt.<\/p>\n\n\n\n<p class=\"wp-block-paragraph\">I st\u00e4llet har vi fler kanaler i tv:n \u00e4n t\u00e4nder i k\u00e4ften och Facebook l\u00e4r ha f\u00e5tt s\u00e4tta en gr\u00e4ns vid 6 000 grupper. Fler f\u00e5r du inte vara med i. N\u00e5gra kanaler \u00e4r kloka, n\u00e5gra Facebookgrupper g\u00f6r nytta, men i m\u00e5nga h\u00e4rskar dumhet, vidskepelse och tokstolleri. Troll, kn\u00e4ppg\u00f6kar och h\u00f6gerextrema styr alldeles f\u00f6r mycket \u00f6ver dagordning och t\u00e4nkande.<\/p>\n\n\n\n<p class=\"wp-block-paragraph\">Resultatet \u00e4r att rasismen v\u00e4xt liksom exempelvis det h\u00e4lsov\u00e5dliga motst\u00e5ndet mot covidvaccinering. Alldeles f\u00f6r m\u00e5nga f\u00f6rnekar f\u00f6rintelsen och alldeles f\u00f6r m\u00e5nga unga m\u00e4n lyssnar p\u00e5 influencers som f\u00f6raktar kvinnor.<\/p>\n\n\n\n<p class=\"wp-block-paragraph\"><strong>Bli en Olsson<\/strong><br>Vad ska vi g\u00f6ra, n\u00e4r s\u00e5 m\u00e5nga anv\u00e4nder den underbara skrivkonsten och l\u00e4skonsten till att f\u00f6rdumma?<\/p>\n\n\n\n<p class=\"wp-block-paragraph\">Jag ser bara en l\u00f6sning. Arbetarr\u00f6relsen m\u00e5ste \u00e4n en g\u00e5ng l\u00e4ra sig hur viktig bra folkbildning och kultur \u00e4r. Precis som demokratin m\u00e5ste bildning och kultur \u00e4n en g\u00e5ng bli b\u00e5de medel och m\u00e5l. Det g\u00e4ller alla, fr\u00e5n h\u00f6gsta politiker till minsta fackf\u00f6reningstidning.<\/p>\n\n\n\n<p class=\"wp-block-paragraph\">Jag l\u00e4ngtar efter en Olsson med sk\u00e4gget igen. En som f\u00e5r oss att l\u00e4sa, f\u00f6rst\u00e5 v\u00e4rlden och f\u00f6r\u00e4ndra den. Ljus \u00f6ver landet, det \u00e4r vad vi vill.<\/p>\n\n\n\n<p class=\"wp-block-paragraph\">Vi m\u00e5ste alla bli en Olsson.<\/p>\n\n\n\n<p class=\"has-light-pink-background-color has-background wp-block-paragraph\"><a href=\"https:\/\/sven-ove.nu\/\">Hem<\/a>&nbsp;|&nbsp;<a href=\"https:\/\/sven-ove.nu\/?page_id=170\">Om mig<\/a>&nbsp;|&nbsp;<a href=\"https:\/\/sven-ove.nu\/?page_id=1385\">Skriva &amp; prata<\/a>&nbsp;|&nbsp;<a href=\"https:\/\/sven-ove.nu\/?page_id=100\">Politik<\/a>&nbsp;|&nbsp;<a href=\"https:\/\/sven-ove.nu\/?page_id=102\">L\u00f6pa<\/a>&nbsp;|&nbsp;<a href=\"https:\/\/sven-ove.nu\/?page_id=108\">Viktor Root<\/a>&nbsp;&nbsp;<br><em>Inl\u00e4gg nr 2 243. (c) Sven-Ove Svensson (men dela g\u00e4rna).<\/em><\/p>\n","protected":false},"excerpt":{"rendered":"<p>Att kunna l\u00e4sa och f\u00f6rst\u00e5 v\u00e4rlden. En g\u00e5ng k\u00e4mpade man f\u00f6r den r\u00e4tten. Svenskarna fick folkskola, i kyrkb\u00f6ckerna noterade pr\u00e4sterna den \u00f6kande l\u00e4s- och skrivkunnigheten, i de framv\u00e4xande folkr\u00f6relserna slogs man f\u00f6r folkbildningen. 1902 uppfann Oscar Olsson studiecirkeln. Idealet var kamratcirkeln d\u00e4r man umgicks, studerade och diskuterade tillsammans. Ett ivrigt diskuterande folk som r\u00f6rde sig, &hellip; <a href=\"https:\/\/sven-ove.nu\/?p=25137\" class=\"more-link\">Forts\u00e4tt l\u00e4sa <span class=\"screen-reader-text\">Jag l\u00e4ngtar efter en Olsson med sk\u00e4gget<\/span><\/a><\/p>\n","protected":false},"author":1,"featured_media":0,"comment_status":"closed","ping_status":"open","sticky":false,"template":"","format":"standard","meta":{"_crdt_document":"","_monsterinsights_skip_tracking":false,"_monsterinsights_sitenote_active":false,"_monsterinsights_sitenote_note":"","_monsterinsights_sitenote_category":0,"footnotes":""},"categories":[28,9,4],"tags":[16,8,18,14],"class_list":["post-25137","post","type-post","status-publish","format-standard","hentry","category-kreativt-folk","category-politik","category-skrivande","tag-dumheter","tag-historia","tag-lardomar","tag-lasning"],"_links":{"self":[{"href":"https:\/\/sven-ove.nu\/index.php?rest_route=\/wp\/v2\/posts\/25137","targetHints":{"allow":["GET"]}}],"collection":[{"href":"https:\/\/sven-ove.nu\/index.php?rest_route=\/wp\/v2\/posts"}],"about":[{"href":"https:\/\/sven-ove.nu\/index.php?rest_route=\/wp\/v2\/types\/post"}],"author":[{"embeddable":true,"href":"https:\/\/sven-ove.nu\/index.php?rest_route=\/wp\/v2\/users\/1"}],"replies":[{"embeddable":true,"href":"https:\/\/sven-ove.nu\/index.php?rest_route=%2Fwp%2Fv2%2Fcomments&post=25137"}],"version-history":[{"count":5,"href":"https:\/\/sven-ove.nu\/index.php?rest_route=\/wp\/v2\/posts\/25137\/revisions"}],"predecessor-version":[{"id":25145,"href":"https:\/\/sven-ove.nu\/index.php?rest_route=\/wp\/v2\/posts\/25137\/revisions\/25145"}],"wp:attachment":[{"href":"https:\/\/sven-ove.nu\/index.php?rest_route=%2Fwp%2Fv2%2Fmedia&parent=25137"}],"wp:term":[{"taxonomy":"category","embeddable":true,"href":"https:\/\/sven-ove.nu\/index.php?rest_route=%2Fwp%2Fv2%2Fcategories&post=25137"},{"taxonomy":"post_tag","embeddable":true,"href":"https:\/\/sven-ove.nu\/index.php?rest_route=%2Fwp%2Fv2%2Ftags&post=25137"}],"curies":[{"name":"wp","href":"https:\/\/api.w.org\/{rel}","templated":true}]}}