{"id":25157,"date":"2023-02-25T05:48:48","date_gmt":"2023-02-25T04:48:48","guid":{"rendered":"https:\/\/sven-ove.nu\/?p=25157"},"modified":"2023-02-25T05:57:30","modified_gmt":"2023-02-25T04:57:30","slug":"vaknar-och-far-lov-att-losa-varldsproblemen","status":"publish","type":"post","link":"https:\/\/sven-ove.nu\/?p=25157","title":{"rendered":"Vaknar och f\u00e5r lov att l\u00f6sa v\u00e4rldsproblemen"},"content":{"rendered":"\n<figure class=\"wp-block-image size-large is-resized\"><a href=\"https:\/\/sven-ove.nu\/wp-content\/uploads\/2023\/02\/Lasfatoljen.jpeg\"><img loading=\"lazy\" decoding=\"async\" src=\"https:\/\/sven-ove.nu\/wp-content\/uploads\/2023\/02\/Lasfatoljen-1001x1024.jpeg\" alt=\"\" class=\"wp-image-25159\" width=\"332\" height=\"339\" srcset=\"https:\/\/sven-ove.nu\/wp-content\/uploads\/2023\/02\/Lasfatoljen-1001x1024.jpeg 1001w, https:\/\/sven-ove.nu\/wp-content\/uploads\/2023\/02\/Lasfatoljen-293x300.jpeg 293w, https:\/\/sven-ove.nu\/wp-content\/uploads\/2023\/02\/Lasfatoljen-768x785.jpeg 768w, https:\/\/sven-ove.nu\/wp-content\/uploads\/2023\/02\/Lasfatoljen-1502x1536.jpeg 1502w, https:\/\/sven-ove.nu\/wp-content\/uploads\/2023\/02\/Lasfatoljen-2002x2048.jpeg 2002w\" sizes=\"auto, (max-width: 332px) 100vw, 332px\" \/><\/a><\/figure>\n\n\n\n<blockquote class=\"wp-block-quote is-layout-flow wp-block-quote-is-layout-flow\">\n<p class=\"wp-block-paragraph\">Vaknar mitt i natten, vet inte varf\u00f6r. Hj\u00e4rtat har br\u00e5ttom men inte jag. Det \u00e4r l\u00f6gn att somna om fast kroppen vill.<\/p>\n\n\n\n<p class=\"wp-block-paragraph\">D\u00e5 kokar jag kaffe, brer en kaviarsm\u00f6rg\u00e5s och s\u00e4tter mig i l\u00e4sf\u00e5t\u00f6ljen tillsammans med flimmerhj\u00e4rtat, Vi-tidningen och mobilen.<\/p>\n<\/blockquote>\n\n\n\n<p class=\"wp-block-paragraph\">L\u00e4ser. T\u00e4nker. 03.49 ska man t\u00e4nka stora tankar, annars f\u00e5r det vara. D\u00e5 n\u00e4r m\u00f6rkret och tystnaden g\u00f6r varje id\u00e9 avskalad, tydlig.<br>&#8211; L\u00f6s v\u00e4rldsproblemen! viskar narren p\u00e5 min h\u00f6gra axel. Det \u00e4r hans f\u00f6rslag.<br>&#8211; N\u00e4men, det kan du inte \u2026 svarar en liten vitkl\u00e4dd figur p\u00e5 axeln mitt emot. Det \u00e4r vad hon tror.<br>Till sist f\u00e5r jag sluta tvisten mellan de b\u00e5da, n\u00e4r de inte klarar det sj\u00e4lva.<br>&#8211; KLART JAG KAN!<\/p>\n\n\n\n<p class=\"wp-block-paragraph\">V\u00e4rldsproblemen \u00e4r den enklaste sak i v\u00e4rlden. Jag har vetat sedan jag var 17 \u00e5r hur de ska l\u00f6sas. Stora delar av m\u00e4nskligheten har vetat det \u00e4nnu l\u00e4ngre.<\/p>\n\n\n\n<p class=\"wp-block-paragraph\"><strong>Punkt 1. Det ska va\u2019 r\u00e4ttvist<\/strong><br>Det d\u00e4r visste vi redan n\u00e4r vi var sm\u00e5 och delade en flaska sockerdricka n\u00e5gon lycklig l\u00f6rdag. R\u00e4ttvisa betyder inte att alla ska ha ha exakt lika mycket sockerdricka, men det \u00e4r en annan sak. 1961 \u00f6verdrev vi millimeterm\u00e4tningen.<\/p>\n\n\n\n<p class=\"wp-block-paragraph\">I dag \u00e4ger en procent av jordens befolkning 46 procent av dess tillg\u00e5ngar. I Sverige kr\u00e4vs det 93 st\u00e4dare f\u00f6r att sopa ihop lika mycket pengar som en av v\u00e5ra 50 rikaste b\u00f6rbolagsdirekt\u00f6rer. Detta \u00e4r skamligt.<\/p>\n\n\n\n<p class=\"wp-block-paragraph\">Ta bort klyftorna, d\u00e4r har du stor del av l\u00f6sningen. B\u00f6rja med de ekonomiska, sedan kan du forts\u00e4tta med or\u00e4ttvisorna mellan k\u00f6nen, mellan folk med olika f\u00e4rg p\u00e5 skinnet, mellan olika delar av v\u00e4rlden och olika tro. Utbildningen, n\u00e4mnde jag den? Tillg\u00e5ngen till bra sjukv\u00e5rd? Tillg\u00e5ngen till kloka granskande medier? R\u00e4tten att bli kallad till en anst\u00e4llningsintervju, \u00e4ven om du inte heter Persson?<\/p>\n\n\n\n<p class=\"wp-block-paragraph\">Alla ska ha r\u00e4tt att tro p\u00e5 framtiden.<\/p>\n\n\n\n<p class=\"wp-block-paragraph\"><strong>Punkt 2. Alla ska ha r\u00e4tt att s\u00e4ga ifr\u00e5n och att r\u00f6sta i demokratiska val<\/strong><br><strong>Punkt 3. Alla folks frihet, hela v\u00e4rldens fred<\/strong><br><strong>Punkt 4. Alla m\u00e5ste s\u00e4tta sig en stund ibland och f\u00e5 distans till sig sj\u00e4lva<\/strong><br><strong>Punkt 5. Den jag inte kan skratta ihop med kan jag heller inte prata allvar med<\/strong><\/p>\n\n\n\n<p class=\"wp-block-paragraph\">S\u00e5 d\u00e4r, d\u00e5 var den saken klar. Det d\u00e4r \u00e4r de grova dragen. B\u00f6rja med klyftorna.<\/p>\n\n\n\n<p class=\"wp-block-paragraph\"><strong>Rousseaus gr\u00e4nsp\u00e5lar<\/strong><br>Nu vill jag inte upph\u00e4va privategendomen, folk m\u00e5ste f\u00e5 \u00e4ga sin egen tandborste och sin egen l\u00e4sf\u00e5t\u00f6lj med om de vill. Fast det h\u00e4nder att jag t\u00e4nker p\u00e5 upplysningsfilosofen Jean-Jacques Rousseau. Hur var det han skrev i \u201d<em>Om samh\u00e4llsf\u00f6rdraget<\/em>\u201d fr\u00e5n 1762?<\/p>\n\n\n\n<p class=\"wp-block-paragraph\">Den f\u00f6rsta m\u00e4nniska som inh\u00e4gnade ett stycke jord och f\u00f6rklarade: detta tillh\u00f6r mig, den m\u00e4nniskan lade grunden till det borgerliga samh\u00e4llet och gav upphov till en rad strider, vilka hade kunnat besparas m\u00e4nskligheten om n\u00e5gon ryckt upp gr\u00e4nsp\u00e5larna och f\u00f6rklarat att jorden tillh\u00f6r ingen, det vill s\u00e4ga alla.<\/p>\n\n\n\n<p class=\"wp-block-paragraph\">Har han r\u00e4tt? Var det i \u00f6verg\u00e5ngen fr\u00e5n j\u00e4gare-samlarsamh\u00e4llet till jordbrukarsamh\u00e4llet som det b\u00f6rjade g\u00e5 snett? D\u00e5, n\u00e4r m\u00e4nniskan p\u00e5 allvar kunde b\u00f6rja samla ihop till ett \u00f6verskott som gick att spara och sm\u00e5ningom anv\u00e4nda till att f\u00f6rs\u00f6rja en elit.<\/p>\n\n\n\n<p class=\"wp-block-paragraph\">Jag \u00e4r son av en sm\u00e5brukare och stolt \u00f6ver min bonde- och arbetarbakgrund. Men nuf\u00f6rtiden t\u00e4nker jag ofta p\u00e5 Rousseaus gr\u00e4nsp\u00e5lar, medan bomberna faller \u00f6ver Ukraina.<\/p>\n\n\n\n<p class=\"wp-block-paragraph\">Sj\u00e4lvklart m\u00e5ste vi se till att Putin inte f\u00e5r best\u00e4mma Europas och v\u00e4rldens gr\u00e4nser. Inte han, inte andra f\u00f6rtryckare och imperialister. Ukrainas frihet m\u00e5ste f\u00f6rsvaras om vi alla ska f\u00e5 vara fria.<\/p>\n\n\n\n<p class=\"wp-block-paragraph\">\u00c4nd\u00e5. Jag hoppas att en dag ska gr\u00e4nser bara vara kulturella och historiska, inte fysiska. Som n\u00e4r du reser v\u00e4sterut in i J\u00f6sse h\u00e4rad och uppt\u00e4cker hur de pratar d\u00e4r p\u00e5 trakten.<\/p>\n\n\n\n<p class=\"wp-block-paragraph\">Och skrattar.<\/p>\n\n\n\n<p class=\"has-light-blue-background-color has-background wp-block-paragraph\"><em>### L\u00e4s mer om klyftorna i Sverige i dag i LO:s \u00e5rliga unders\u00f6kning av makteliten.<\/em><br><em>### Den senaste kom nyss och heter \u201d<a href=\"https:\/\/www.lo.se\/home\/lo\/res.nsf\/vRes\/lo_fakta_1366027478784_makteliten_skillnaderna_eskalerar_2023_pdf\/$File\/Makteliten_skillnaderna_eskalerar_2023.pdf\">Makteliten &#8211; skillnaderna eskalerar<\/a>\u201d.<\/em><br><em>### Klicka p\u00e5 l\u00e4nken. L\u00e4s.<\/em><br><br><em>Det ska va\u2019 r\u00e4ttvist.<\/em><\/p>\n\n\n\n<p class=\"has-light-gray-background-color has-background wp-block-paragraph\"><a href=\"https:\/\/sven-ove.nu\/\">Hem<\/a>&nbsp;|&nbsp;<a href=\"https:\/\/sven-ove.nu\/?page_id=170\">Om mig<\/a>&nbsp;|&nbsp;<a href=\"https:\/\/sven-ove.nu\/?page_id=1385\">Skriva &amp; prata<\/a>&nbsp;|&nbsp;<a href=\"https:\/\/sven-ove.nu\/?page_id=100\">Politik<\/a>&nbsp;|&nbsp;<a href=\"https:\/\/sven-ove.nu\/?page_id=102\">L\u00f6pa<\/a>&nbsp;|&nbsp;<a href=\"https:\/\/sven-ove.nu\/?page_id=108\">Viktor Root<\/a>&nbsp;&nbsp;<br><em>Inl\u00e4gg nr 2 245. (c) Sven-Ove Svensson (men dela g\u00e4rna).<\/em><\/p>\n","protected":false},"excerpt":{"rendered":"<p>Vaknar mitt i natten, vet inte varf\u00f6r. Hj\u00e4rtat har br\u00e5ttom men inte jag. Det \u00e4r l\u00f6gn att somna om fast kroppen vill. D\u00e5 kokar jag kaffe, brer en kaviarsm\u00f6rg\u00e5s och s\u00e4tter mig i l\u00e4sf\u00e5t\u00f6ljen tillsammans med flimmerhj\u00e4rtat, Vi-tidningen och mobilen. L\u00e4ser. T\u00e4nker. 03.49 ska man t\u00e4nka stora tankar, annars f\u00e5r det vara. D\u00e5 n\u00e4r m\u00f6rkret &hellip; <a href=\"https:\/\/sven-ove.nu\/?p=25157\" class=\"more-link\">Forts\u00e4tt l\u00e4sa <span class=\"screen-reader-text\">Vaknar och f\u00e5r lov att l\u00f6sa v\u00e4rldsproblemen<\/span><\/a><\/p>\n","protected":false},"author":1,"featured_media":0,"comment_status":"closed","ping_status":"open","sticky":false,"template":"","format":"standard","meta":{"_crdt_document":"","_monsterinsights_skip_tracking":false,"_monsterinsights_sitenote_active":false,"_monsterinsights_sitenote_note":"","_monsterinsights_sitenote_category":0,"footnotes":""},"categories":[9],"tags":[3,16,18,14,17],"class_list":["post-25157","post","type-post","status-publish","format-standard","hentry","category-politik","tag-arbete","tag-dumheter","tag-lardomar","tag-lasning","tag-solidaritet"],"_links":{"self":[{"href":"https:\/\/sven-ove.nu\/index.php?rest_route=\/wp\/v2\/posts\/25157","targetHints":{"allow":["GET"]}}],"collection":[{"href":"https:\/\/sven-ove.nu\/index.php?rest_route=\/wp\/v2\/posts"}],"about":[{"href":"https:\/\/sven-ove.nu\/index.php?rest_route=\/wp\/v2\/types\/post"}],"author":[{"embeddable":true,"href":"https:\/\/sven-ove.nu\/index.php?rest_route=\/wp\/v2\/users\/1"}],"replies":[{"embeddable":true,"href":"https:\/\/sven-ove.nu\/index.php?rest_route=%2Fwp%2Fv2%2Fcomments&post=25157"}],"version-history":[{"count":5,"href":"https:\/\/sven-ove.nu\/index.php?rest_route=\/wp\/v2\/posts\/25157\/revisions"}],"predecessor-version":[{"id":25165,"href":"https:\/\/sven-ove.nu\/index.php?rest_route=\/wp\/v2\/posts\/25157\/revisions\/25165"}],"wp:attachment":[{"href":"https:\/\/sven-ove.nu\/index.php?rest_route=%2Fwp%2Fv2%2Fmedia&parent=25157"}],"wp:term":[{"taxonomy":"category","embeddable":true,"href":"https:\/\/sven-ove.nu\/index.php?rest_route=%2Fwp%2Fv2%2Fcategories&post=25157"},{"taxonomy":"post_tag","embeddable":true,"href":"https:\/\/sven-ove.nu\/index.php?rest_route=%2Fwp%2Fv2%2Ftags&post=25157"}],"curies":[{"name":"wp","href":"https:\/\/api.w.org\/{rel}","templated":true}]}}