{"id":2524,"date":"2012-06-23T04:00:53","date_gmt":"2012-06-23T03:00:53","guid":{"rendered":"http:\/\/sven-ove.nu\/?p=2524"},"modified":"2012-06-22T14:31:51","modified_gmt":"2012-06-22T13:31:51","slug":"helgdagssvenska-for-invandrare-hfi","status":"publish","type":"post","link":"https:\/\/sven-ove.nu\/?p=2524","title":{"rendered":"Helgdagssvenska f\u00f6r invandrare, HFI"},"content":{"rendered":"<p><a href=\"https:\/\/sven-ove.nu\/wp-content\/uploads\/2012\/06\/Trevlig.jpg\"><img loading=\"lazy\" decoding=\"async\" class=\"alignleft size-medium wp-image-2525\" title=\"Trevlig\" src=\"https:\/\/sven-ove.nu\/wp-content\/uploads\/2012\/06\/Trevlig-300x233.jpg\" alt=\"\" width=\"300\" height=\"233\" srcset=\"https:\/\/sven-ove.nu\/wp-content\/uploads\/2012\/06\/Trevlig-300x233.jpg 300w, https:\/\/sven-ove.nu\/wp-content\/uploads\/2012\/06\/Trevlig-1024x795.jpg 1024w, https:\/\/sven-ove.nu\/wp-content\/uploads\/2012\/06\/Trevlig.jpg 1537w\" sizes=\"auto, (max-width: 300px) 100vw, 300px\" \/><\/a><\/p>\n<p>&nbsp;<\/p>\n<p>&nbsp;<\/p>\n<p>&nbsp;<\/p>\n<p>&nbsp;<\/p>\n<p>&nbsp;<\/p>\n<p>Julen \u00e4r <em>god<\/em>.<br \/>\nP\u00e5sken \u00e4r <em>glad<\/em>.<br \/>\nMidsommaren \u00e4r <em>trevlig<\/em>.<\/p>\n<p>Varje helg sitt eget ord.<\/p>\n<p>V\u00e5r fj\u00e4rde st\u00f6rsta svenska h\u00f6gtid kallas <a href=\"http:\/\/sv.wikipedia.org\/wiki\/Kl\u00e4mdag\" target=\"_blank\">Kl\u00e4mdagen<\/a>.<br \/>\nDen har inget eget ord.<\/p>\n<p>&nbsp;<\/p>\n<p><em>(Det skulle v\u00e4l vara <strong>kompar<\/strong> i s\u00e5 fall. Kanske kan vi en dag skicka vackra vykort med h\u00e4lsningen: Kompensationsledig Kl\u00e4mdag! \u00f6nskar familjen Svensson &amp; Nilsson).<\/em><\/p>\n","protected":false},"excerpt":{"rendered":"<p>&nbsp; &nbsp; &nbsp; &nbsp; &nbsp; Julen \u00e4r god. P\u00e5sken \u00e4r glad. Midsommaren \u00e4r trevlig. Varje helg sitt eget ord. V\u00e5r fj\u00e4rde st\u00f6rsta svenska h\u00f6gtid kallas Kl\u00e4mdagen. Den har inget eget ord. &nbsp; (Det skulle v\u00e4l vara kompar i s\u00e5 fall. Kanske kan vi en dag skicka vackra vykort med h\u00e4lsningen: Kompensationsledig Kl\u00e4mdag! \u00f6nskar familjen Svensson &hellip; <a href=\"https:\/\/sven-ove.nu\/?p=2524\" class=\"more-link\">Forts\u00e4tt l\u00e4sa <span class=\"screen-reader-text\">Helgdagssvenska f\u00f6r invandrare, HFI<\/span><\/a><\/p>\n","protected":false},"author":1,"featured_media":0,"comment_status":"open","ping_status":"open","sticky":false,"template":"","format":"standard","meta":{"_crdt_document":"","_monsterinsights_skip_tracking":false,"_monsterinsights_sitenote_active":false,"_monsterinsights_sitenote_note":"","_monsterinsights_sitenote_category":0,"footnotes":""},"categories":[10,4],"tags":[21],"class_list":["post-2524","post","type-post","status-publish","format-standard","hentry","category-familjen","category-skrivande","tag-ord"],"_links":{"self":[{"href":"https:\/\/sven-ove.nu\/index.php?rest_route=\/wp\/v2\/posts\/2524","targetHints":{"allow":["GET"]}}],"collection":[{"href":"https:\/\/sven-ove.nu\/index.php?rest_route=\/wp\/v2\/posts"}],"about":[{"href":"https:\/\/sven-ove.nu\/index.php?rest_route=\/wp\/v2\/types\/post"}],"author":[{"embeddable":true,"href":"https:\/\/sven-ove.nu\/index.php?rest_route=\/wp\/v2\/users\/1"}],"replies":[{"embeddable":true,"href":"https:\/\/sven-ove.nu\/index.php?rest_route=%2Fwp%2Fv2%2Fcomments&post=2524"}],"version-history":[{"count":7,"href":"https:\/\/sven-ove.nu\/index.php?rest_route=\/wp\/v2\/posts\/2524\/revisions"}],"predecessor-version":[{"id":2527,"href":"https:\/\/sven-ove.nu\/index.php?rest_route=\/wp\/v2\/posts\/2524\/revisions\/2527"}],"wp:attachment":[{"href":"https:\/\/sven-ove.nu\/index.php?rest_route=%2Fwp%2Fv2%2Fmedia&parent=2524"}],"wp:term":[{"taxonomy":"category","embeddable":true,"href":"https:\/\/sven-ove.nu\/index.php?rest_route=%2Fwp%2Fv2%2Fcategories&post=2524"},{"taxonomy":"post_tag","embeddable":true,"href":"https:\/\/sven-ove.nu\/index.php?rest_route=%2Fwp%2Fv2%2Ftags&post=2524"}],"curies":[{"name":"wp","href":"https:\/\/api.w.org\/{rel}","templated":true}]}}