{"id":25258,"date":"2023-04-16T04:09:00","date_gmt":"2023-04-16T03:09:00","guid":{"rendered":"https:\/\/sven-ove.nu\/?p=25258"},"modified":"2023-04-15T20:27:41","modified_gmt":"2023-04-15T19:27:41","slug":"den-digitale-tar-klubban-och-gar","status":"publish","type":"post","link":"https:\/\/sven-ove.nu\/?p=25258","title":{"rendered":"Den digitale tar klubban och g\u00e5r"},"content":{"rendered":"\n<figure class=\"wp-block-image size-large\"><a href=\"https:\/\/sven-ove.nu\/wp-content\/uploads\/2023\/04\/Skogisol-scaled.jpeg\"><img loading=\"lazy\" decoding=\"async\" width=\"1002\" height=\"1024\" src=\"https:\/\/sven-ove.nu\/wp-content\/uploads\/2023\/04\/Skogisol-1002x1024.jpeg\" alt=\"\" class=\"wp-image-25259\" srcset=\"https:\/\/sven-ove.nu\/wp-content\/uploads\/2023\/04\/Skogisol-1002x1024.jpeg 1002w, https:\/\/sven-ove.nu\/wp-content\/uploads\/2023\/04\/Skogisol-294x300.jpeg 294w, https:\/\/sven-ove.nu\/wp-content\/uploads\/2023\/04\/Skogisol-768x785.jpeg 768w, https:\/\/sven-ove.nu\/wp-content\/uploads\/2023\/04\/Skogisol-1503x1536.jpeg 1503w, https:\/\/sven-ove.nu\/wp-content\/uploads\/2023\/04\/Skogisol-2004x2048.jpeg 2004w\" sizes=\"auto, (max-width: 1002px) 100vw, 1002px\" \/><\/a><\/figure>\n\n\n\n<blockquote class=\"wp-block-quote is-layout-flow wp-block-quote-is-layout-flow\">\n<p class=\"wp-block-paragraph\">L\u00f6rdag morgon p\u00e5 Grossbolstorps h\u00f6jder. Vaknar av att den k\u00e4ra v\u00e4nnen kommer och kryper ner, efter att hon varit uppe en stund.<br>Kramas.<br>L\u00e4ser mobilen.<\/p>\n<\/blockquote>\n\n\n\n<p class=\"wp-block-paragraph\">D\u00e5 f\u00e5r jag en h\u00e4lsning fr\u00e5n Twitter. Just i dag \u00e4r det 14 \u00e5r sedan jag gick med d\u00e4r. \u00c4n har inte Elon Musk klagat, men det \u00e4r s\u00e4llan jag kvittrar numera. N\u00e4r jag nu f\u00e5r f\u00f6r mig att g\u00e5 in och l\u00e4sa n\u00e5gra tweets tvingas jag rota fram l\u00f6senordet f\u00f6rst. S\u00e5 l\u00e4nge sedan \u00e4r det.<\/p>\n\n\n\n<p class=\"wp-block-paragraph\">Mitt liv som digital har sina milstolpar.<br><strong>1986<\/strong>: blir motvilligt tvingad att byta fr\u00e5n skrivmaskin till dator p\u00e5 jobbet. (Fr\u00e4lst p\u00e5 strax under 30 minuter).<br><strong>1994<\/strong>: lotsas tursamt nog ut p\u00e5 Internet av tv\u00e5 framsynta arbetskamrater p\u00e5 R\u00e4ddningsverket. (Ja, internet stavades med stort I d\u00e5, ty det var ett namn. Mmm, jag har vistats 6 timmar om dagen p\u00e5 n\u00e4tet sedan dess. Nej, Google fanns inte).<br><strong>2009<\/strong>: g\u00e5r med p\u00e5 Twitter.<br><strong>2009<\/strong>: g\u00e5r med p\u00e5 Facebook. (Men var passiv s\u00e5 l\u00e4nge att en v\u00e4n trodde jag skulle bli utesluten).<br><strong>2011<\/strong>: startar bloggen Svenssons sl\u00e4ng, d\u00f6pt efter mina forna kr\u00f6nikor i radion. (Sedan dess har Facebook \u00e4ndrat sina algoritmer flera g\u00e5nger f\u00f6r att den ska f\u00e5 f\u00e4rre bes\u00f6kare. Ty hur skulle det se ut om hela v\u00e4rlden fick se hur vi lever livet p\u00e5 Grossbolstorp?).<br><strong>2023<\/strong>: kan swisha, g\u00f6r det motvilligt men l\u00e4ser digital karta varje dag.<\/p>\n\n\n\n<p class=\"wp-block-paragraph\"><strong>En guillousk \u00f6stergrenare<\/strong><br>Det d\u00e4r var en \u201d\u00f6stergrenare\u201d f\u00f6r att citera Jan Guillou. Han kallar sina utvikningar i senaste romanen s\u00e5. V\u00e4nta, jag skaffade l\u00e4splatta i vinter ocks\u00e5, n\u00e4r jag fick n\u00e5gra ov\u00e4ntade kronor. I kv\u00e4ll ska jag testa den i direkt solljus i hammocken, s\u00e5 snart jag kommer hem fr\u00e5n skogen efter 10,3 kilometers eftert\u00e4nksam vandring. <\/p>\n\n\n\n<p class=\"wp-block-paragraph\">Men det vet jag inte \u00e4n.<\/p>\n\n\n\n<p class=\"wp-block-paragraph\">Jag vet bara att magen vill ha frukost och att l\u00e4ttfilen \u00e4r morgonl\u00e4cker \u00e4ven denna dag. Sju mediciner bredvid sm\u00f6rg\u00e5sen, ack ja, denne digitalist b\u00f6rjar bli b\u00e5de 50, 60 och 70, k\u00e4nns det som.<\/p>\n\n\n\n<p class=\"wp-block-paragraph\">Snart.<\/p>\n\n\n\n<p class=\"wp-block-paragraph\"><strong>Mandarin, f\u00f6rstoringsglas och uteliggare<\/strong><br>D\u00e5 finns det bara en sak att g\u00f6ra. Jag packar dagtursryggs\u00e4cken med kaffe, sm\u00f6rg\u00e5s, sockerkaka och annat som en man beh\u00f6ver f\u00f6r en enkel sextimmars vandring hit och dit kring Grossbolstorps h\u00f6jder. Mandarin, gummiklubba och f\u00f6rstoringsglas f\u00f6ljer ocks\u00e5 med.<\/p>\n\n\n\n<p class=\"wp-block-paragraph\">Mandarin smakar alltid b\u00e4st p\u00e5 mossig stenh\u00e4ll mellan tallar, det \u00e4r sen gammalt.<br>Bra d\u00e4r, som vi digitala s\u00e4ger.<\/p>\n\n\n\n<p class=\"wp-block-paragraph\">Det blir en s\u00e5 lugn och behaglig promenad mellan punkth\u00f6jder, sm\u00e5mossar, stenar, stigf\u00f6rgreningar, branter, kolbottnar och s\u00e4nkor. Bofinkar sjunger, korpar kraxar, fj\u00e4rilar fladdrar och kompassen drar mig l\u00e4ngre och l\u00e4ngre norrut, bortom \u00c4ngbr\u00e5ten, Piskenhus och den mobilmast med vars hj\u00e4lp dessa rader \u00e4r skickade.<\/p>\n\n\n\n<p class=\"wp-block-paragraph\">Tv\u00e5 fikastunder r\u00e4cker min vandring till. F\u00f6rst en med frallor i l\u00e4tt duggregn. N\u00e5gra timmar senare en med solsken, kaka och uppfriskande mandarinklyftor. \u00c4r det l\u00f6rdag s\u00e5 \u00e4r det.<\/p>\n\n\n\n<p class=\"wp-block-paragraph\">Stenh\u00e4ll.<\/p>\n\n\n\n<p class=\"wp-block-paragraph\">N\u00e4r jag kommer hem har jag g\u00e5tt drygt en mil, h\u00e4vdar mobilen. Hur l\u00e5ngt citronfj\u00e4rilarna har flugit n\u00e4r de skuggat mig hela dagen, en och en, det vet jag inte. Allra mest imponerad \u00e4r jag \u00f6ver att de har \u00f6vervintrat. Utomhus.<\/p>\n\n\n\n<p class=\"wp-block-paragraph\">Bra d\u00e4r.<\/p>\n\n\n\n<figure class=\"wp-block-image size-large\"><a href=\"https:\/\/sven-ove.nu\/wp-content\/uploads\/2023\/04\/Andrafikat-1-scaled.jpeg\"><img loading=\"lazy\" decoding=\"async\" width=\"768\" height=\"1024\" src=\"https:\/\/sven-ove.nu\/wp-content\/uploads\/2023\/04\/Andrafikat-1-768x1024.jpeg\" alt=\"\" class=\"wp-image-25268\" srcset=\"https:\/\/sven-ove.nu\/wp-content\/uploads\/2023\/04\/Andrafikat-1-768x1024.jpeg 768w, https:\/\/sven-ove.nu\/wp-content\/uploads\/2023\/04\/Andrafikat-1-225x300.jpeg 225w, https:\/\/sven-ove.nu\/wp-content\/uploads\/2023\/04\/Andrafikat-1-1152x1536.jpeg 1152w, https:\/\/sven-ove.nu\/wp-content\/uploads\/2023\/04\/Andrafikat-1-1536x2048.jpeg 1536w, https:\/\/sven-ove.nu\/wp-content\/uploads\/2023\/04\/Andrafikat-1-scaled.jpeg 1920w\" sizes=\"auto, (max-width: 768px) 100vw, 768px\" \/><\/a><\/figure>\n\n\n\n<p class=\"wp-block-paragraph\"><\/p>\n\n\n\n<figure class=\"wp-block-image size-large\"><a href=\"https:\/\/sven-ove.nu\/wp-content\/uploads\/2023\/04\/Dengule.png\"><img loading=\"lazy\" decoding=\"async\" width=\"1024\" height=\"750\" src=\"https:\/\/sven-ove.nu\/wp-content\/uploads\/2023\/04\/Dengule-1024x750.png\" alt=\"\" class=\"wp-image-25269\" srcset=\"https:\/\/sven-ove.nu\/wp-content\/uploads\/2023\/04\/Dengule-1024x750.png 1024w, https:\/\/sven-ove.nu\/wp-content\/uploads\/2023\/04\/Dengule-300x220.png 300w, https:\/\/sven-ove.nu\/wp-content\/uploads\/2023\/04\/Dengule-768x563.png 768w, https:\/\/sven-ove.nu\/wp-content\/uploads\/2023\/04\/Dengule.png 1310w\" sizes=\"auto, (max-width: 1024px) 100vw, 1024px\" \/><\/a><\/figure>\n\n\n\n<p class=\"wp-block-paragraph\"><\/p>\n\n\n\n<figure class=\"wp-block-image size-large\"><a href=\"https:\/\/sven-ove.nu\/wp-content\/uploads\/2023\/04\/14-500-steg-1-scaled.jpeg\"><img loading=\"lazy\" decoding=\"async\" width=\"1024\" height=\"745\" src=\"https:\/\/sven-ove.nu\/wp-content\/uploads\/2023\/04\/14-500-steg-1-1024x745.jpeg\" alt=\"\" class=\"wp-image-25271\" srcset=\"https:\/\/sven-ove.nu\/wp-content\/uploads\/2023\/04\/14-500-steg-1-1024x745.jpeg 1024w, https:\/\/sven-ove.nu\/wp-content\/uploads\/2023\/04\/14-500-steg-1-300x218.jpeg 300w, https:\/\/sven-ove.nu\/wp-content\/uploads\/2023\/04\/14-500-steg-1-768x559.jpeg 768w, https:\/\/sven-ove.nu\/wp-content\/uploads\/2023\/04\/14-500-steg-1-1536x1117.jpeg 1536w, https:\/\/sven-ove.nu\/wp-content\/uploads\/2023\/04\/14-500-steg-1-2048x1489.jpeg 2048w\" sizes=\"auto, (max-width: 1024px) 100vw, 1024px\" \/><\/a><\/figure>\n\n\n\n<p class=\"has-text-align-right wp-block-paragraph\"><em>14 548 analoga steg.<\/em><\/p>\n\n\n\n<p class=\"has-background wp-block-paragraph\" style=\"background-color:#a4eba8\"><em>### B\u00e4r inte ni ocks\u00e5 gummiklubba n\u00e4r ni vandrar runt kring opasserbara branter och s\u00f6ta tv\u00e5strecksmossar?<\/em><br><em>### Konstigt.<\/em><br><em>### Man vet aldrig n\u00e4r klubba beh\u00f6vs.<\/em><\/p>\n\n\n\n<p class=\"has-light-blue-background-color has-background wp-block-paragraph\"><a href=\"https:\/\/sven-ove.nu\/\">Hem<\/a>&nbsp;|&nbsp;<a href=\"https:\/\/sven-ove.nu\/?page_id=170\">Om mig<\/a>&nbsp;|&nbsp;<a href=\"https:\/\/sven-ove.nu\/?page_id=1385\">Skriva &amp; prata<\/a>&nbsp;|&nbsp;<a href=\"https:\/\/sven-ove.nu\/?page_id=100\">Politik<\/a>&nbsp;|&nbsp;<a href=\"https:\/\/sven-ove.nu\/?page_id=102\">L\u00f6pa<\/a>&nbsp;|&nbsp;<a href=\"https:\/\/sven-ove.nu\/?page_id=108\">Viktor Root<\/a>&nbsp;&nbsp;<br><em>Inl\u00e4gg nr 2 252. (c) Sven-Ove Svensson (men dela g\u00e4rna).<\/em><\/p>\n","protected":false},"excerpt":{"rendered":"<p>L\u00f6rdag morgon p\u00e5 Grossbolstorps h\u00f6jder. Vaknar av att den k\u00e4ra v\u00e4nnen kommer och kryper ner, efter att hon varit uppe en stund.Kramas.L\u00e4ser mobilen. D\u00e5 f\u00e5r jag en h\u00e4lsning fr\u00e5n Twitter. Just i dag \u00e4r det 14 \u00e5r sedan jag gick med d\u00e4r. \u00c4n har inte Elon Musk klagat, men det \u00e4r s\u00e4llan jag kvittrar numera. &hellip; <a href=\"https:\/\/sven-ove.nu\/?p=25258\" class=\"more-link\">Forts\u00e4tt l\u00e4sa <span class=\"screen-reader-text\">Den digitale tar klubban och g\u00e5r<\/span><\/a><\/p>\n","protected":false},"author":1,"featured_media":0,"comment_status":"closed","ping_status":"open","sticky":false,"template":"","format":"standard","meta":{"_crdt_document":"","_monsterinsights_skip_tracking":false,"_monsterinsights_sitenote_active":false,"_monsterinsights_sitenote_note":"","_monsterinsights_sitenote_category":0,"footnotes":""},"categories":[34,6,4],"tags":[8,24,15,13],"class_list":["post-25258","post","type-post","status-publish","format-standard","hentry","category-foto","category-natur","category-skrivande","tag-historia","tag-karlek","tag-mediedjungeln","tag-utrustning"],"_links":{"self":[{"href":"https:\/\/sven-ove.nu\/index.php?rest_route=\/wp\/v2\/posts\/25258","targetHints":{"allow":["GET"]}}],"collection":[{"href":"https:\/\/sven-ove.nu\/index.php?rest_route=\/wp\/v2\/posts"}],"about":[{"href":"https:\/\/sven-ove.nu\/index.php?rest_route=\/wp\/v2\/types\/post"}],"author":[{"embeddable":true,"href":"https:\/\/sven-ove.nu\/index.php?rest_route=\/wp\/v2\/users\/1"}],"replies":[{"embeddable":true,"href":"https:\/\/sven-ove.nu\/index.php?rest_route=%2Fwp%2Fv2%2Fcomments&post=25258"}],"version-history":[{"count":10,"href":"https:\/\/sven-ove.nu\/index.php?rest_route=\/wp\/v2\/posts\/25258\/revisions"}],"predecessor-version":[{"id":25275,"href":"https:\/\/sven-ove.nu\/index.php?rest_route=\/wp\/v2\/posts\/25258\/revisions\/25275"}],"wp:attachment":[{"href":"https:\/\/sven-ove.nu\/index.php?rest_route=%2Fwp%2Fv2%2Fmedia&parent=25258"}],"wp:term":[{"taxonomy":"category","embeddable":true,"href":"https:\/\/sven-ove.nu\/index.php?rest_route=%2Fwp%2Fv2%2Fcategories&post=25258"},{"taxonomy":"post_tag","embeddable":true,"href":"https:\/\/sven-ove.nu\/index.php?rest_route=%2Fwp%2Fv2%2Ftags&post=25258"}],"curies":[{"name":"wp","href":"https:\/\/api.w.org\/{rel}","templated":true}]}}