{"id":25288,"date":"2023-04-28T15:15:28","date_gmt":"2023-04-28T14:15:28","guid":{"rendered":"https:\/\/sven-ove.nu\/?p=25288"},"modified":"2023-04-28T15:15:28","modified_gmt":"2023-04-28T14:15:28","slug":"ett-hedrande-uppdrag","status":"publish","type":"post","link":"https:\/\/sven-ove.nu\/?p=25288","title":{"rendered":"Ett hedrande uppdrag"},"content":{"rendered":"\n<figure class=\"wp-block-image size-large\"><a href=\"https:\/\/sven-ove.nu\/wp-content\/uploads\/2023\/04\/IMG_6423.jpeg\"><img loading=\"lazy\" decoding=\"async\" width=\"1024\" height=\"737\" src=\"https:\/\/sven-ove.nu\/wp-content\/uploads\/2023\/04\/IMG_6423-1024x737.jpeg\" alt=\"\" class=\"wp-image-25289\" srcset=\"https:\/\/sven-ove.nu\/wp-content\/uploads\/2023\/04\/IMG_6423-1024x737.jpeg 1024w, https:\/\/sven-ove.nu\/wp-content\/uploads\/2023\/04\/IMG_6423-300x216.jpeg 300w, https:\/\/sven-ove.nu\/wp-content\/uploads\/2023\/04\/IMG_6423-768x553.jpeg 768w, https:\/\/sven-ove.nu\/wp-content\/uploads\/2023\/04\/IMG_6423-1536x1105.jpeg 1536w, https:\/\/sven-ove.nu\/wp-content\/uploads\/2023\/04\/IMG_6423.jpeg 1816w\" sizes=\"auto, (max-width: 1024px) 100vw, 1024px\" \/><\/a><\/figure>\n\n\n\n<p class=\"has-text-align-right wp-block-paragraph\"><em>Annons i Forshaga-Deje-bladet.<\/em><\/p>\n\n\n\n<p class=\"wp-block-paragraph\">Jag blev s\u00e5 glad n\u00e4r de ringde fr\u00e5n Hembygdsf\u00f6reningen. Det uppdraget \u00e4r ett hedersuppdrag. <\/p>\n\n\n\n<p class=\"wp-block-paragraph\">Talet \u00e4r f\u00e4rdigskrivet nu. Kom g\u00e4rna och lyssna, ni som bor p\u00e5 trakten.<\/p>\n\n\n\n<p class=\"has-light-blue-background-color has-background wp-block-paragraph\"><a href=\"https:\/\/sven-ove.nu\/\">Hem<\/a>&nbsp;|&nbsp;<a href=\"https:\/\/sven-ove.nu\/?page_id=170\">Om mig<\/a>&nbsp;|&nbsp;<a href=\"https:\/\/sven-ove.nu\/?page_id=1385\">Skriva &amp; prata<\/a>&nbsp;|&nbsp;<a href=\"https:\/\/sven-ove.nu\/?page_id=100\">Politik<\/a>&nbsp;|&nbsp;<a href=\"https:\/\/sven-ove.nu\/?page_id=102\">L\u00f6pa<\/a>&nbsp;|&nbsp;<a href=\"https:\/\/sven-ove.nu\/?page_id=108\">Viktor Root<\/a>&nbsp;&nbsp;<br><em>Inl\u00e4gg nr 2 254. (c) Sven-Ove Svensson (men dela g\u00e4rna).<\/em><\/p>\n","protected":false},"excerpt":{"rendered":"<p>Annons i Forshaga-Deje-bladet. Jag blev s\u00e5 glad n\u00e4r de ringde fr\u00e5n Hembygdsf\u00f6reningen. Det uppdraget \u00e4r ett hedersuppdrag. Talet \u00e4r f\u00e4rdigskrivet nu. Kom g\u00e4rna och lyssna, ni som bor p\u00e5 trakten. Hem&nbsp;|&nbsp;Om mig&nbsp;|&nbsp;Skriva &amp; prata&nbsp;|&nbsp;Politik&nbsp;|&nbsp;L\u00f6pa&nbsp;|&nbsp;Viktor Root&nbsp;&nbsp;Inl\u00e4gg nr 2 254. (c) Sven-Ove Svensson (men dela g\u00e4rna).<\/p>\n","protected":false},"author":1,"featured_media":0,"comment_status":"closed","ping_status":"open","sticky":false,"template":"","format":"standard","meta":{"_crdt_document":"","_monsterinsights_skip_tracking":false,"_monsterinsights_sitenote_active":false,"_monsterinsights_sitenote_note":"","_monsterinsights_sitenote_category":0,"footnotes":""},"categories":[4],"tags":[8,24,21],"class_list":["post-25288","post","type-post","status-publish","format-standard","hentry","category-skrivande","tag-historia","tag-karlek","tag-ord"],"_links":{"self":[{"href":"https:\/\/sven-ove.nu\/index.php?rest_route=\/wp\/v2\/posts\/25288","targetHints":{"allow":["GET"]}}],"collection":[{"href":"https:\/\/sven-ove.nu\/index.php?rest_route=\/wp\/v2\/posts"}],"about":[{"href":"https:\/\/sven-ove.nu\/index.php?rest_route=\/wp\/v2\/types\/post"}],"author":[{"embeddable":true,"href":"https:\/\/sven-ove.nu\/index.php?rest_route=\/wp\/v2\/users\/1"}],"replies":[{"embeddable":true,"href":"https:\/\/sven-ove.nu\/index.php?rest_route=%2Fwp%2Fv2%2Fcomments&post=25288"}],"version-history":[{"count":3,"href":"https:\/\/sven-ove.nu\/index.php?rest_route=\/wp\/v2\/posts\/25288\/revisions"}],"predecessor-version":[{"id":25292,"href":"https:\/\/sven-ove.nu\/index.php?rest_route=\/wp\/v2\/posts\/25288\/revisions\/25292"}],"wp:attachment":[{"href":"https:\/\/sven-ove.nu\/index.php?rest_route=%2Fwp%2Fv2%2Fmedia&parent=25288"}],"wp:term":[{"taxonomy":"category","embeddable":true,"href":"https:\/\/sven-ove.nu\/index.php?rest_route=%2Fwp%2Fv2%2Fcategories&post=25288"},{"taxonomy":"post_tag","embeddable":true,"href":"https:\/\/sven-ove.nu\/index.php?rest_route=%2Fwp%2Fv2%2Ftags&post=25288"}],"curies":[{"name":"wp","href":"https:\/\/api.w.org\/{rel}","templated":true}]}}