{"id":25293,"date":"2023-04-30T21:16:04","date_gmt":"2023-04-30T20:16:04","guid":{"rendered":"https:\/\/sven-ove.nu\/?p=25293"},"modified":"2023-05-01T05:00:54","modified_gmt":"2023-05-01T04:00:54","slug":"25293","status":"publish","type":"post","link":"https:\/\/sven-ove.nu\/?p=25293","title":{"rendered":"Mitt v\u00e5rtal"},"content":{"rendered":"\n<figure class=\"wp-block-image size-large is-resized\"><a href=\"https:\/\/sven-ove.nu\/wp-content\/uploads\/2023\/04\/Vartal-2023-scaled.jpg\"><img loading=\"lazy\" decoding=\"async\" src=\"https:\/\/sven-ove.nu\/wp-content\/uploads\/2023\/04\/Vartal-2023-768x1024.jpg\" alt=\"\" class=\"wp-image-25296\" width=\"384\" height=\"512\" srcset=\"https:\/\/sven-ove.nu\/wp-content\/uploads\/2023\/04\/Vartal-2023-768x1024.jpg 768w, https:\/\/sven-ove.nu\/wp-content\/uploads\/2023\/04\/Vartal-2023-225x300.jpg 225w, https:\/\/sven-ove.nu\/wp-content\/uploads\/2023\/04\/Vartal-2023-1152x1536.jpg 1152w, https:\/\/sven-ove.nu\/wp-content\/uploads\/2023\/04\/Vartal-2023-1536x2048.jpg 1536w, https:\/\/sven-ove.nu\/wp-content\/uploads\/2023\/04\/Vartal-2023-scaled.jpg 1920w\" sizes=\"auto, (max-width: 384px) 100vw, 384px\" \/><\/a><\/figure>\n\n\n\n<p class=\"wp-block-paragraph\"><\/p>\n\n\n\n<p class=\"wp-block-paragraph\"><strong>1. Tre v\u00e5gor<\/strong><br>Hej, jag t\u00e4nkte prata om hembygder i dag.<\/p>\n\n\n\n<p class=\"wp-block-paragraph\">F\u00f6r s\u00e5d\u00e4r en 12 &#8211; 15&nbsp;000 \u00e5r sen var det tv\u00e5 kilometer tjock is h\u00e4r. D\u00e5 var Sverige inte mycket till hembygd. Men &#8211; isen sm\u00e4lte och strax d\u00e4refter kom dom.<\/p>\n\n\n\n<p class=\"wp-block-paragraph\">Dom f\u00f6rsta som kom var j\u00e4gare-samlare. J\u00e4gare-samlare: den andan lever kvar. Det kan vem som helst se, som finns p\u00e5 Facebook eller Instagram en normal h\u00f6stm\u00e5nad h\u00e4r p\u00e5 trakten.<\/p>\n\n\n\n<p class=\"wp-block-paragraph\">Hink efter hink med bl\u00e5b\u00e4r och lingon. Korg efter korg med kantareller. Skogskant efter skogskant med nyskjutna \u00e4lgar. Vissa skjuter till och med vildsvin, tack f\u00f6r det<\/p>\n\n\n\n<p class=\"wp-block-paragraph\">N\u00e5gra f\u00e5 av oss i Sverige har fortfarande gener efter j\u00e4garna-samlarna. Beteendet \u2013 \u00e4r vi fler som har.<\/p>\n\n\n\n<p class=\"wp-block-paragraph\">N\u00e5gra tusen \u00e5r senare kom b\u00f6nderna. Jordbruket hade uppst\u00e5tt i norra Syrien och \u00f6stra Turkiet och spritt sig. Nu n\u00e5dde det Sverige.<\/p>\n\n\n\n<p class=\"wp-block-paragraph\">Det bor en bonde i varje svensk, heter det. \u00c4ven den saken bevisas l\u00e4tt av n\u00e5gra minuters enklare Facebook-forskning. Varenda v\u00e5r ser vi hur folk \u201dplanter sk\u00f4t i b\u00f4rker\u201d som Fr\u00f6ding sa. Pelargoner, persilja, b\u00f6nor och tomater. B\u00f4rker, pallkragar \u2013 och blomster\u00e4ngar, g\u00e4rna hemma p\u00e5 tomten eller p\u00e5 kommuns mark. Det bor en bonde i varje svensk.<\/p>\n\n\n\n<p class=\"wp-block-paragraph\">Det bor en invandrare i varje svensk ocks\u00e5. De f\u00f6rsta j\u00e4garna som kom var inte direkt kritvita, f\u00f6rresten. DNA-forskningen visar att de troligen var m\u00f6rkhyade och bl\u00e5\u00f6gda.<\/p>\n\n\n\n<p class=\"wp-block-paragraph\">Efter j\u00e4garna och b\u00f6nderna kom den tredje v\u00e5gen. De kom fr\u00e5n de st\u00e4pper \u00f6sterut som nu heter Ukraina och Ryssland. <br>Indoeuropeerna. Det var dom som gav oss grunden till det spr\u00e5k vi talar h\u00e4r p\u00e5 trakten, nu f\u00f6r tiden.<\/p>\n\n\n\n<p class=\"wp-block-paragraph\">Indoeurop\u00e9erna var herdar och hade l\u00e4ttare att r\u00f6ra p\u00e5 sig, eftersom dom l\u00e4mpligt nog hade uppfunnit hjulet och b\u00f6rjat anv\u00e4nda vagnar. Det \u00e4r fr\u00e5n dom sl\u00e4ktingarna vi har ord som ko, f\u00e4, axel, v\u00e4va och sy. Eller syster.<\/p>\n\n\n\n<p class=\"wp-block-paragraph\">Min mormor kom fr\u00e5n finnskogen i Tyngsj\u00f6 i Dalarna. Sl\u00e4ktnamnet var K\u00e4\u00e4ri\u00e4inen. Svepare p\u00e5 svenska. F\u00f6r vi har ju den invandringen ocks\u00e5, \u00e4ven om den kom l\u00e5ngt senare. Ibland h\u00f6r jag sl\u00e4ktforskare som s\u00e4ger att var femte v\u00e4rml\u00e4nning \u00e4r finn\u00e4ttling.<br>Kanske, det beror p\u00e5 hur man r\u00e4knar antar jag.<br><br>Jag trivs i skogen i alla fall, det vet jag. Om det \u00e4r en gen eller en ana, vet jag inte, men det \u00e4r definitivt en vana. G\u00e4rna bl\u00e5nande milsvida barrskogar med inspr\u00e4ngda sj\u00f6ar och byar, precis som i Mattila. Eller som i Rautalampi i Finland, uppt\u00e4ckte vi p\u00e5 80-talet n\u00e4r vi for dit.<\/p>\n\n\n\n<p class=\"wp-block-paragraph\">Hemma har jag en gammal tr\u00e4sked sparad. Den kommer fr\u00e5n Andina, st\u00e4llet d\u00e4r mormor var f\u00f6dd. Tr\u00e4skeden \u00e4r efter mormors mor. Hon var inte glad n\u00e4r metallskedarna kom. Hon br\u00e4nde sig.<\/p>\n\n\n\n<p class=\"wp-block-paragraph\"><strong>2. Mina hembygder<\/strong><br>Sj\u00e4lv d\u00e5? Jo tack, jag \u00e4r f\u00f6dd p\u00e5 Almar, uppv\u00e4xt p\u00e5 ett sm\u00e5jordbruk l\u00e5ngt bort\u2019i skogen i \u00f6stra Nyed, har jobbat p\u00e5 s\u00e5ga i Molkom &#8211; och sen har jag f\u00f6rs\u00f6rjt mig med hj\u00e4lp av det d\u00e4r spr\u00e5ket som indoeurop\u00e9erna tog med sig hit.<\/p>\n\n\n\n<p class=\"wp-block-paragraph\">Sedan april 1983 har jag bott i Forshaga. 27 april, vi hade 40-\u00e5rsjubileum i torsdags. Nu \u00e4r detta min hembygd, precis som Almar, \u00c4ngeb\u00e4ckstorp och Molkom \u00e4r det.<\/p>\n\n\n\n<p class=\"wp-block-paragraph\">Vi trivs. Vi har boat oss. Numera vet vi var Nisse Nilsson l\u00e4rde sig \u00e5ka skridskor, var \u00c4tter\u00f6sera ligger och vart h\u00e4stj\u00e4rnv\u00e4gen f\u00f6rbi forsen i Forshaga gick, innan kanalen byggdes.<\/p>\n\n\n\n<p class=\"wp-block-paragraph\">Jag har allts\u00e5 m\u00e5nga hembygder. Det \u00e4r vi fler som har. Jordklotet \u00e4r runt och vi m\u00e4nniskor h\u00f6r ihop och beh\u00f6ver varandra.<\/p>\n\n\n\n<p class=\"wp-block-paragraph\">En viktig del i min hembygdsk\u00e4nsla \u00e4r att h\u00e4r f\u00e5r man sl\u00e4nga k\u00e4ft. F\u00e5r? Man b\u00f6r g\u00f6ra det. Som n\u00e4r vi skulle \u00e5ka utomlands och trodde att vi beh\u00f6vde adapter till h\u00e5rbl\u00e5sen. Inger, min fru, gick till Stenbergs lampaff\u00e4r:<br><em>&#8211; Jo, det \u00e4r s\u00e5 att vi ska \u00e5ka till Grekland, sa hon.<\/em><br><em>D\u00e5 titta Stenberg eftert\u00e4nksamt p\u00e5 henne.<\/em><br><em>&#8211; \u00c5 nu vill du ha ett intyg, f\u00f6rst\u00e5r jag.<\/em><\/p>\n\n\n\n<p class=\"wp-block-paragraph\">Det \u00e4r s\u00e5nt som g\u00f6r att v\u00e5ra dagar blir roligare.<\/p>\n\n\n\n<p class=\"wp-block-paragraph\">Som n\u00e4r jag var 16 \u00e5r, p\u00e5 friarf\u00e4rd in till centralorten Molkom, och kom l\u00e5\u00e5\u00e5ngsamt l\u00e5\u00e5\u00e5ngsamt segande med min klena moped uppf\u00f6r Mejeribacken d\u00e4r. D\u00e5 ropa dom lokala rivalerna till mig:<br><em>&#8211; Ska\u2019ru l\u00e5ngt? Ha\u2019lu mass\u00e4ck m\u00e4rr\u00e4j?<\/em><\/p>\n\n\n\n<p class=\"wp-block-paragraph\">Som i en annons f\u00f6r loppisen i By Folkets Hus i Skymn\u00e4s f\u00f6r n\u00e5gra \u00e5r sedan:<br><em>\u201dDe 50 f\u00f6rst f\u00e5r en gratisl\u00f4tt.<\/em><br><em>Den som har otur vinner ett badkar. (Pr\u00f4ppen saknes).\u201d<\/em><\/p>\n\n\n\n<p class=\"wp-block-paragraph\">Jag har en liten serie p\u00e5 Facebook. \u201dDen lilla ortens f\u00f6rdel\u201d kallar jag den. Liten \u00e5 liten, det \u00e4r \u00f6ver 50 inl\u00e4gg nu. H\u00e4r \u00e4r ett av dom:<br><em>\u201dDen lilla ortens f\u00f6rdel. Ska l\u00e5na bok p\u00e5 biblioteket, d\u00e5 finns den inte inlagd i systemet och g\u00e5r inte att l\u00e5na digitalt. Raskt skriver bibliotekarien en postit-lapp. \u201925\/4 -19\u2019 skriver hon.<\/em> <br><em>&#8211; Minns du detta nu, menar du?<\/em><br><em>&#8211; Nej men jag litar p\u00e5 dig.\u201d<\/em><\/p>\n\n\n\n<p class=\"wp-block-paragraph\">En annan f\u00f6rdel \u00e4r f\u00f6rst\u00e5s att h\u00e4r f\u00e5r vi 10 och en kvarts villa till priset av en enda villa i Danderyd.<\/p>\n\n\n\n<p class=\"wp-block-paragraph\">Hur var det di skrev i By Folkets hus?<br>Pr\u00f4ppen saknes.<\/p>\n\n\n\n<p class=\"wp-block-paragraph\"><strong>3. Tycker om mina hembygder<\/strong><br>Vad vill jag ha sagt med allt detta?<br>Att jag tycker om mina hembygder. Orrarna som spelar p\u00e5 Stormossen i \u00f6stra Nyed. Utsikten \u00f6ver Molkomsj\u00f6n fr\u00e5n riksv\u00e4g 63. En kopp kaffe ur termos vid h\u00f6gsta punkten p\u00e5 femkilometern vid Sisug\u00e5rden. Sju pension\u00e4rer i vandrargruppen Gryningspatrullen som k\u00e4ftar sn\u00e4llt vid en fikastund i Skivedsskogen.<\/p>\n\n\n\n<p class=\"wp-block-paragraph\">Eller det vemodiga ljudet av en storspov som landar i ljungen vid Norra Hyn.<\/p>\n\n\n\n<p class=\"has-medium-pink-color has-text-color wp-block-paragraph\"><strong><em>SPELA UPP fr\u00e5n mobilen: <a href=\"https:\/\/www.xn--fgelsng-exae.se\/storspov\/?type1585\">l\u00e4tet av storspov<\/a><\/em><\/strong><\/p>\n\n\n\n<p class=\"wp-block-paragraph\">Det d\u00e4r \u00e4r ett av dom vackraste f\u00e5gell\u00e4ten jag vet. Det \u00e4r barndomsminne &#8211; och framtidstro p\u00e5 samma g\u00e5ng.<br>Storspoven kan bli 30 \u00e5r. Och varje \u00e5r kommer han tillbaka.<br>Han och v\u00e5ren.<\/p>\n\n\n\n<p class=\"wp-block-paragraph\">\u00c4r det n\u00e5\u2019n som hurrar f\u00f6r v\u00e5ren s\u00e5 \u00e4r det storspoven.<br>Nu f\u00f6resl\u00e5r jag att vi ocks\u00e5 g\u00f6r det.<\/p>\n\n\n\n<p class=\"wp-block-paragraph\">Ett fyrfaldigt leve f\u00f6r v\u00e5ren. Den leve!<\/p>\n\n\n\n<p class=\"wp-block-paragraph\">HURRA HURRA HURRA HURRA<\/p>\n\n\n\n<p class=\"wp-block-paragraph\">Tack f\u00f6r mig!<\/p>\n\n\n\n<p class=\"wp-block-paragraph\">(<em>V\u00e5rtal vid Forshaga hembygdsg\u00e5rd, 30 april 2023.<\/em>)<\/p>\n\n\n\n<p class=\"has-light-blue-background-color has-background wp-block-paragraph\"><a href=\"https:\/\/sven-ove.nu\/\">Hem<\/a>&nbsp;|&nbsp;<a href=\"https:\/\/sven-ove.nu\/?page_id=170\">Om mig<\/a>&nbsp;|&nbsp;<a href=\"https:\/\/sven-ove.nu\/?page_id=1385\">Skriva &amp; prata<\/a>&nbsp;|&nbsp;<a href=\"https:\/\/sven-ove.nu\/?page_id=100\">Politik<\/a>&nbsp;|&nbsp;<a href=\"https:\/\/sven-ove.nu\/?page_id=102\">L\u00f6pa<\/a>&nbsp;|&nbsp;<a href=\"https:\/\/sven-ove.nu\/?page_id=108\">Viktor Root<\/a>&nbsp;&nbsp;<br><em>Inl\u00e4gg nr 2 255. (c) Sven-Ove Svensson (men dela g\u00e4rna).<\/em><\/p>\n","protected":false},"excerpt":{"rendered":"<p>1. Tre v\u00e5gorHej, jag t\u00e4nkte prata om hembygder i dag. F\u00f6r s\u00e5d\u00e4r en 12 &#8211; 15&nbsp;000 \u00e5r sen var det tv\u00e5 kilometer tjock is h\u00e4r. D\u00e5 var Sverige inte mycket till hembygd. Men &#8211; isen sm\u00e4lte och strax d\u00e4refter kom dom. Dom f\u00f6rsta som kom var j\u00e4gare-samlare. J\u00e4gare-samlare: den andan lever kvar. Det kan vem &hellip; <a href=\"https:\/\/sven-ove.nu\/?p=25293\" class=\"more-link\">Forts\u00e4tt l\u00e4sa <span class=\"screen-reader-text\">Mitt v\u00e5rtal<\/span><\/a><\/p>\n","protected":false},"author":1,"featured_media":0,"comment_status":"closed","ping_status":"open","sticky":false,"template":"","format":"standard","meta":{"_crdt_document":"","_monsterinsights_skip_tracking":false,"_monsterinsights_sitenote_active":false,"_monsterinsights_sitenote_note":"","_monsterinsights_sitenote_category":0,"footnotes":""},"categories":[10,28,6],"tags":[8,24,18,21],"class_list":["post-25293","post","type-post","status-publish","format-standard","hentry","category-familjen","category-kreativt-folk","category-natur","tag-historia","tag-karlek","tag-lardomar","tag-ord"],"_links":{"self":[{"href":"https:\/\/sven-ove.nu\/index.php?rest_route=\/wp\/v2\/posts\/25293","targetHints":{"allow":["GET"]}}],"collection":[{"href":"https:\/\/sven-ove.nu\/index.php?rest_route=\/wp\/v2\/posts"}],"about":[{"href":"https:\/\/sven-ove.nu\/index.php?rest_route=\/wp\/v2\/types\/post"}],"author":[{"embeddable":true,"href":"https:\/\/sven-ove.nu\/index.php?rest_route=\/wp\/v2\/users\/1"}],"replies":[{"embeddable":true,"href":"https:\/\/sven-ove.nu\/index.php?rest_route=%2Fwp%2Fv2%2Fcomments&post=25293"}],"version-history":[{"count":5,"href":"https:\/\/sven-ove.nu\/index.php?rest_route=\/wp\/v2\/posts\/25293\/revisions"}],"predecessor-version":[{"id":25300,"href":"https:\/\/sven-ove.nu\/index.php?rest_route=\/wp\/v2\/posts\/25293\/revisions\/25300"}],"wp:attachment":[{"href":"https:\/\/sven-ove.nu\/index.php?rest_route=%2Fwp%2Fv2%2Fmedia&parent=25293"}],"wp:term":[{"taxonomy":"category","embeddable":true,"href":"https:\/\/sven-ove.nu\/index.php?rest_route=%2Fwp%2Fv2%2Fcategories&post=25293"},{"taxonomy":"post_tag","embeddable":true,"href":"https:\/\/sven-ove.nu\/index.php?rest_route=%2Fwp%2Fv2%2Ftags&post=25293"}],"curies":[{"name":"wp","href":"https:\/\/api.w.org\/{rel}","templated":true}]}}