{"id":25319,"date":"2023-05-12T04:29:00","date_gmt":"2023-05-12T03:29:00","guid":{"rendered":"https:\/\/sven-ove.nu\/?p=25319"},"modified":"2023-05-12T05:43:33","modified_gmt":"2023-05-12T04:43:33","slug":"spokrosten-igen","status":"publish","type":"post","link":"https:\/\/sven-ove.nu\/?p=25319","title":{"rendered":"Nu h\u00f6r jag sp\u00f6kr\u00f6sten igen"},"content":{"rendered":"\n<figure class=\"wp-block-image size-full\"><a href=\"https:\/\/sven-ove.nu\/wp-content\/uploads\/2023\/05\/Skarmavbild-2023-05-11-kl.-09.35.46.png\"><img loading=\"lazy\" decoding=\"async\" width=\"712\" height=\"866\" src=\"https:\/\/sven-ove.nu\/wp-content\/uploads\/2023\/05\/Skarmavbild-2023-05-11-kl.-09.35.46.png\" alt=\"\" class=\"wp-image-25324\" srcset=\"https:\/\/sven-ove.nu\/wp-content\/uploads\/2023\/05\/Skarmavbild-2023-05-11-kl.-09.35.46.png 712w, https:\/\/sven-ove.nu\/wp-content\/uploads\/2023\/05\/Skarmavbild-2023-05-11-kl.-09.35.46-247x300.png 247w\" sizes=\"auto, (max-width: 712px) 100vw, 712px\" \/><\/a><\/figure>\n\n\n\n<p class=\"wp-block-paragraph\">K\u00e4re Gud, schl\u00e4pp \u00e4tter. Nu \u00e4r det oftare och oftare jag h\u00f6r en sp\u00f6kr\u00f6st inom mig:<\/p>\n\n\n\n<p class=\"wp-block-paragraph\">&#8211; Dermot Clemenger! ropar den.<\/p>\n\n\n\n<p class=\"wp-block-paragraph\">K\u00e4re v\u00e4rld, jag vill inte ha n\u00e5n po\u00e4ng. Inte 10 ens. Jag har \u201dtr\u00e4ben\u201d och dansgolvsskr\u00e4ck.<\/p>\n\n\n\n<p class=\"has-light-gray-background-color has-background wp-block-paragraph\"><a href=\"https:\/\/sven-ove.nu\/\">Hem<\/a>&nbsp;|&nbsp;<a href=\"https:\/\/sven-ove.nu\/?page_id=170\">Om mig<\/a>&nbsp;|&nbsp;<a href=\"https:\/\/sven-ove.nu\/?page_id=1385\">Skriva &amp; prata<\/a>&nbsp;|&nbsp;<a href=\"https:\/\/sven-ove.nu\/?page_id=100\">Politik<\/a>&nbsp;|&nbsp;<a href=\"https:\/\/sven-ove.nu\/?page_id=102\">L\u00f6pa<\/a>&nbsp;|&nbsp;<a href=\"https:\/\/sven-ove.nu\/?page_id=108\">Viktor Root<\/a>&nbsp;&nbsp;<br><em>Inl\u00e4gg nr 2 259. (c) Sven-Ove Svensson (men dela g\u00e4rna).<\/em><\/p>\n","protected":false},"excerpt":{"rendered":"<p>K\u00e4re Gud, schl\u00e4pp \u00e4tter. Nu \u00e4r det oftare och oftare jag h\u00f6r en sp\u00f6kr\u00f6st inom mig: &#8211; Dermot Clemenger! ropar den. K\u00e4re v\u00e4rld, jag vill inte ha n\u00e5n po\u00e4ng. Inte 10 ens. Jag har \u201dtr\u00e4ben\u201d och dansgolvsskr\u00e4ck. Hem&nbsp;|&nbsp;Om mig&nbsp;|&nbsp;Skriva &amp; prata&nbsp;|&nbsp;Politik&nbsp;|&nbsp;L\u00f6pa&nbsp;|&nbsp;Viktor Root&nbsp;&nbsp;Inl\u00e4gg nr 2 259. (c) Sven-Ove Svensson (men dela g\u00e4rna).<\/p>\n","protected":false},"author":1,"featured_media":0,"comment_status":"closed","ping_status":"open","sticky":false,"template":"","format":"standard","meta":{"_crdt_document":"","_monsterinsights_skip_tracking":false,"_monsterinsights_sitenote_active":false,"_monsterinsights_sitenote_note":"","_monsterinsights_sitenote_category":0,"footnotes":""},"categories":[28],"tags":[16],"class_list":["post-25319","post","type-post","status-publish","format-standard","hentry","category-kreativt-folk","tag-dumheter"],"_links":{"self":[{"href":"https:\/\/sven-ove.nu\/index.php?rest_route=\/wp\/v2\/posts\/25319","targetHints":{"allow":["GET"]}}],"collection":[{"href":"https:\/\/sven-ove.nu\/index.php?rest_route=\/wp\/v2\/posts"}],"about":[{"href":"https:\/\/sven-ove.nu\/index.php?rest_route=\/wp\/v2\/types\/post"}],"author":[{"embeddable":true,"href":"https:\/\/sven-ove.nu\/index.php?rest_route=\/wp\/v2\/users\/1"}],"replies":[{"embeddable":true,"href":"https:\/\/sven-ove.nu\/index.php?rest_route=%2Fwp%2Fv2%2Fcomments&post=25319"}],"version-history":[{"count":3,"href":"https:\/\/sven-ove.nu\/index.php?rest_route=\/wp\/v2\/posts\/25319\/revisions"}],"predecessor-version":[{"id":25326,"href":"https:\/\/sven-ove.nu\/index.php?rest_route=\/wp\/v2\/posts\/25319\/revisions\/25326"}],"wp:attachment":[{"href":"https:\/\/sven-ove.nu\/index.php?rest_route=%2Fwp%2Fv2%2Fmedia&parent=25319"}],"wp:term":[{"taxonomy":"category","embeddable":true,"href":"https:\/\/sven-ove.nu\/index.php?rest_route=%2Fwp%2Fv2%2Fcategories&post=25319"},{"taxonomy":"post_tag","embeddable":true,"href":"https:\/\/sven-ove.nu\/index.php?rest_route=%2Fwp%2Fv2%2Ftags&post=25319"}],"curies":[{"name":"wp","href":"https:\/\/api.w.org\/{rel}","templated":true}]}}