{"id":25338,"date":"2023-05-23T04:36:00","date_gmt":"2023-05-23T03:36:00","guid":{"rendered":"https:\/\/sven-ove.nu\/?p=25338"},"modified":"2023-05-22T09:43:44","modified_gmt":"2023-05-22T08:43:44","slug":"min-trollfabriktext-i-varmlandsk-industrimiljo","status":"publish","type":"post","link":"https:\/\/sven-ove.nu\/?p=25338","title":{"rendered":"Min trollfabriktext i v\u00e4rml\u00e4ndsk industrimilj\u00f6"},"content":{"rendered":"\n<figure class=\"wp-block-image size-large\"><a href=\"https:\/\/sven-ove.nu\/wp-content\/uploads\/2023\/05\/Trollfabriker.jpeg\"><img loading=\"lazy\" decoding=\"async\" width=\"1024\" height=\"642\" src=\"https:\/\/sven-ove.nu\/wp-content\/uploads\/2023\/05\/Trollfabriker-1024x642.jpeg\" alt=\"\" class=\"wp-image-25339\" srcset=\"https:\/\/sven-ove.nu\/wp-content\/uploads\/2023\/05\/Trollfabriker-1024x642.jpeg 1024w, https:\/\/sven-ove.nu\/wp-content\/uploads\/2023\/05\/Trollfabriker-300x188.jpeg 300w, https:\/\/sven-ove.nu\/wp-content\/uploads\/2023\/05\/Trollfabriker-768x481.jpeg 768w, https:\/\/sven-ove.nu\/wp-content\/uploads\/2023\/05\/Trollfabriker-1536x963.jpeg 1536w, https:\/\/sven-ove.nu\/wp-content\/uploads\/2023\/05\/Trollfabriker-2048x1284.jpeg 2048w\" sizes=\"auto, (max-width: 1024px) 100vw, 1024px\" \/><\/a><\/figure>\n\n\n\n<blockquote class=\"wp-block-quote is-layout-flow wp-block-quote-is-layout-flow\">\n<p class=\"wp-block-paragraph\">I \u00e5r \u00e4r det andra sommaren jag f\u00e5r delta med en text p\u00e5 deras temautst\u00e4llning. Det k\u00e4nns bra.<br>Klicka p\u00e5 bilden och fundera \u00f6ver vem H\u00e5kan \u00e4r.<\/p>\n<\/blockquote>\n\n\n\n<p class=\"wp-block-paragraph\">S\u00e5 h\u00e4r skriver Gamla Kraftstationen i Deje p\u00e5 sin webbplats:<\/p>\n\n\n\n<p class=\"wp-block-paragraph\"><em>\u201dKonsten och texten har alltid varit en viktig r\u00f6st i samh\u00e4llsdebatten. Konstn\u00e4ren och f\u00f6rfattaren har friheten att provocera och peka ut riktningar. Konsten liksom ordet har kraften att ber\u00f6ra, p\u00e5verka och f\u00f6r\u00e4ndra. Gamla Kraftstationen bj\u00f6d in n\u00e5gra konstn\u00e4rer och skribenter att tolka p\u00e5 temat N\u00e4ttroll och Trollsvans.<\/em><\/p>\n\n\n\n<p class=\"wp-block-paragraph\"><em>V\u00e5rt hopp \u00e4r att Temasalongens verk ska inbjuda till samtal och eftertanke.\u201d<\/em><\/p>\n\n\n\n<p class=\"wp-block-paragraph\">Min text ser du som sagt om du klickar.<br>Om de har bra mat, glass och gofika ocks\u00e5?<\/p>\n\n\n\n<p class=\"wp-block-paragraph\">Jo du.<\/p>\n\n\n\n<p class=\"has-light-blue-background-color has-text-color has-background wp-block-paragraph\" style=\"color:#eb804b\"><strong>L\u00e4nk<\/strong>: <a href=\"https:\/\/www.gamlakraftstationen.se\/\">Gamla Kraftstationen<\/a><\/p>\n\n\n\n<p class=\"has-light-blue-background-color has-background wp-block-paragraph\"><a href=\"https:\/\/sven-ove.nu\/\">Hem<\/a>&nbsp;|&nbsp;<a href=\"https:\/\/sven-ove.nu\/?page_id=170\">Om mig<\/a>&nbsp;|&nbsp;<a href=\"https:\/\/sven-ove.nu\/?page_id=1385\">Skriva &amp; prata<\/a>&nbsp;|&nbsp;<a href=\"https:\/\/sven-ove.nu\/?page_id=100\">Politik<\/a>&nbsp;|&nbsp;<a href=\"https:\/\/sven-ove.nu\/?page_id=102\">L\u00f6pa<\/a>&nbsp;|&nbsp;<a href=\"https:\/\/sven-ove.nu\/?page_id=108\">Viktor Root<\/a>&nbsp;&nbsp;<br><em>Inl\u00e4gg nr 2 261. (c) Sven-Ove Svensson (men dela g\u00e4rna).<\/em><\/p>\n","protected":false},"excerpt":{"rendered":"<p>I \u00e5r \u00e4r det andra sommaren jag f\u00e5r delta med en text p\u00e5 deras temautst\u00e4llning. Det k\u00e4nns bra.Klicka p\u00e5 bilden och fundera \u00f6ver vem H\u00e5kan \u00e4r. S\u00e5 h\u00e4r skriver Gamla Kraftstationen i Deje p\u00e5 sin webbplats: \u201dKonsten och texten har alltid varit en viktig r\u00f6st i samh\u00e4llsdebatten. Konstn\u00e4ren och f\u00f6rfattaren har friheten att provocera och &hellip; <a href=\"https:\/\/sven-ove.nu\/?p=25338\" class=\"more-link\">Forts\u00e4tt l\u00e4sa <span class=\"screen-reader-text\">Min trollfabriktext i v\u00e4rml\u00e4ndsk industrimilj\u00f6<\/span><\/a><\/p>\n","protected":false},"author":1,"featured_media":0,"comment_status":"closed","ping_status":"open","sticky":false,"template":"","format":"standard","meta":{"_crdt_document":"","_monsterinsights_skip_tracking":false,"_monsterinsights_sitenote_active":false,"_monsterinsights_sitenote_note":"","_monsterinsights_sitenote_category":0,"footnotes":""},"categories":[9,4],"tags":[15,21],"class_list":["post-25338","post","type-post","status-publish","format-standard","hentry","category-politik","category-skrivande","tag-mediedjungeln","tag-ord"],"_links":{"self":[{"href":"https:\/\/sven-ove.nu\/index.php?rest_route=\/wp\/v2\/posts\/25338","targetHints":{"allow":["GET"]}}],"collection":[{"href":"https:\/\/sven-ove.nu\/index.php?rest_route=\/wp\/v2\/posts"}],"about":[{"href":"https:\/\/sven-ove.nu\/index.php?rest_route=\/wp\/v2\/types\/post"}],"author":[{"embeddable":true,"href":"https:\/\/sven-ove.nu\/index.php?rest_route=\/wp\/v2\/users\/1"}],"replies":[{"embeddable":true,"href":"https:\/\/sven-ove.nu\/index.php?rest_route=%2Fwp%2Fv2%2Fcomments&post=25338"}],"version-history":[{"count":3,"href":"https:\/\/sven-ove.nu\/index.php?rest_route=\/wp\/v2\/posts\/25338\/revisions"}],"predecessor-version":[{"id":25344,"href":"https:\/\/sven-ove.nu\/index.php?rest_route=\/wp\/v2\/posts\/25338\/revisions\/25344"}],"wp:attachment":[{"href":"https:\/\/sven-ove.nu\/index.php?rest_route=%2Fwp%2Fv2%2Fmedia&parent=25338"}],"wp:term":[{"taxonomy":"category","embeddable":true,"href":"https:\/\/sven-ove.nu\/index.php?rest_route=%2Fwp%2Fv2%2Fcategories&post=25338"},{"taxonomy":"post_tag","embeddable":true,"href":"https:\/\/sven-ove.nu\/index.php?rest_route=%2Fwp%2Fv2%2Ftags&post=25338"}],"curies":[{"name":"wp","href":"https:\/\/api.w.org\/{rel}","templated":true}]}}