{"id":25345,"date":"2023-05-25T04:21:00","date_gmt":"2023-05-25T03:21:00","guid":{"rendered":"https:\/\/sven-ove.nu\/?p=25345"},"modified":"2023-05-24T17:03:50","modified_gmt":"2023-05-24T16:03:50","slug":"glo-svensson-glo","status":"publish","type":"post","link":"https:\/\/sven-ove.nu\/?p=25345","title":{"rendered":"Glo, Svensson. Glo!"},"content":{"rendered":"\n<figure class=\"wp-block-image size-large\"><a href=\"https:\/\/sven-ove.nu\/wp-content\/uploads\/2023\/05\/Stolen-scaled.jpeg\"><img loading=\"lazy\" decoding=\"async\" width=\"979\" height=\"1024\" src=\"https:\/\/sven-ove.nu\/wp-content\/uploads\/2023\/05\/Stolen-979x1024.jpeg\" alt=\"\" class=\"wp-image-25349\" srcset=\"https:\/\/sven-ove.nu\/wp-content\/uploads\/2023\/05\/Stolen-979x1024.jpeg 979w, https:\/\/sven-ove.nu\/wp-content\/uploads\/2023\/05\/Stolen-287x300.jpeg 287w, https:\/\/sven-ove.nu\/wp-content\/uploads\/2023\/05\/Stolen-768x803.jpeg 768w, https:\/\/sven-ove.nu\/wp-content\/uploads\/2023\/05\/Stolen-1469x1536.jpeg 1469w, https:\/\/sven-ove.nu\/wp-content\/uploads\/2023\/05\/Stolen-1959x2048.jpeg 1959w\" sizes=\"auto, (max-width: 979px) 100vw, 979px\" \/><\/a><\/figure>\n\n\n\n<blockquote class=\"wp-block-quote is-layout-flow wp-block-quote-is-layout-flow\">\n<p class=\"wp-block-paragraph\">Det p\u00e5g\u00e5r grundforskning i v\u00e5r tr\u00e4dg\u00e5rd. Just nu sitter vi mest och glor.<br>Damen vi forskar p\u00e5 jobbar desto mer intensivt.<\/p>\n<\/blockquote>\n\n\n\n<p class=\"wp-block-paragraph\">S\u00e5 h\u00e4r \u00e4r det. Vi tycker om pollinerare, \u00e4ven getingar. Det \u00e4r trevliga djur som \u00e4r bra att bo ihop med. F\u00f6rst flyger de omkring med pollen, sedan matar de barna\u2019 sina med larver fr\u00e5n skadeinsekter.<\/p>\n\n\n\n<p class=\"wp-block-paragraph\">Jag vet. Det \u00e4r inte den gr\u00f6tfrukost som en f\u00f6re detta elev vid skidgymnasiet i Torsby g\u00e4rna g\u00f6r reklam f\u00f6r i Svenska Dagbladet, men det \u00e4r dock en frukost. <br><em>(Det f\u00f6rsta man f\u00e5r l\u00e4ra sig p\u00e5 ett skidgymnasium \u00e4r ordet gr\u00f6tmyndig. Det kommer av l\u00e5gtyska grotm\u00fcndig, dvs stor i munnen. S\u00e5nt l\u00e4r de sig f\u00f6rsta dagen, det \u00e4r vad jag tror).<\/em><\/p>\n\n\n\n<p class=\"wp-block-paragraph\"><strong>En 20 millimeters Vespa vulgaris<\/strong><br>Hon \u00e4r en geting. Nej, inte gr\u00f6ttanten med skidorna och kulturmannen, jag menar damen vi forskar p\u00e5. Damen \u00e4r en 20 millimeters drottning av arten Vespa vulgaris, ivrigt sysselsatt med att bygga ett runt och fint litet bo under v\u00e5rt altantak.<\/p>\n\n\n\n<p class=\"wp-block-paragraph\">Hade hon byggt i f\u00f6rr\u00e5det hade hon f\u00e5tt vara i fred.<br>Hade hon byggt i vedskjulet hade hon troligen f\u00e5tt vara i fred. Jag tycker om djur.<br>Men nu byggde hon under altantaket.<\/p>\n\n\n\n<p class=\"wp-block-paragraph\">Vi var bortresta n\u00e5gra dagar. N\u00e4r vi kom hem h\u00e4ngde boet d\u00e4r, gr\u00e5tt, fint och fullt synligt. Under en dag hann hon bygga ett helt lager till utanp\u00e5 det f\u00f6rra. P\u00e5 tolv timmar v\u00e4xte hennes bygge fr\u00e5n pingisboll till \u00e4gg.<\/p>\n\n\n\n<p class=\"wp-block-paragraph\"><strong>Hon \u00e4r inte r\u00e4dd f\u00f6r n\u00e5\u2019t<\/strong><br>Jag \u00e4r en f\u00f6rsiktig person. Jag har g\u00e5tt kriskurser, jobbat p\u00e5 SOS-centralen samt R\u00e4ddningsverket och b\u00e4r g\u00e4rna flytv\u00e4st, skriver packlingslistor och skaffar \u00f6verlevnadsl\u00e5dor. Allts\u00e5 googlar jag och t\u00e4nker\u2026<\/p>\n\n\n\n<p class=\"wp-block-paragraph\">&#8211; \u2026s\u00e5d\u00e4r, det var det, s\u00e4ger den k\u00e4ra v\u00e4nnen innan jag ens hunnit skriva \u201dgetingb\u2026\u201d i min datamaskin. D\u00e5 har hon redan perkat ner boet i en konsumkasse, knutit ihop kassen och g\u00e5tt till soptunnan.<\/p>\n\n\n\n<p class=\"wp-block-paragraph\">Gud st\u00e5r den modige bi \u00e4r allt jag hinner t\u00e4nka innan drottningen kommer tillbaka. Vespan. Snopet far hon runt i en kvart och letar efter sitt fina bo uppe under taket. Sedan b\u00f6rjar hon bygga igen. Det \u00e4r ju det hon \u00e4r programmerad att g\u00f6ra.<\/p>\n\n\n\n<p class=\"wp-block-paragraph\">&#8211; \u2026s\u00e5d\u00e4r, s\u00e4ger den k\u00e4ra v\u00e4nnen en g\u00e5ng till, och skrapar bort det lilla fundament som getingen hunnit skapa i sitt \u00e5teruppbyggnadsprojekt.<\/p>\n\n\n\n<p class=\"wp-block-paragraph\"><strong>Var h\u00e4mtar hon massan?<\/strong><br>D\u00e5 \u00e4r det jag som blir snopen. Ska vi inte studera hur fort hon hinner bygga upp ett litet bo igen? Vi kan v\u00e4l titta ett tag i alla fall?<\/p>\n\n\n\n<p class=\"wp-block-paragraph\">S\u00e5 det g\u00f6r vi nu. Sj\u00e4lv sitter jag p\u00e5 en bl\u00e5 stol ute i gr\u00f6ngr\u00e4set och f\u00f6rs\u00f6ker se vart hon flyger f\u00f6r att h\u00e4mta pappersmassa till tredje bygget p\u00e5 samma plats. Hon flyger j\u00e4drigt fort och jag ser j\u00e4drigt sakta men jag t-r-o-r att hon \u00e4r i lekstugan och gnager.<\/p>\n\n\n\n<p class=\"wp-block-paragraph\">Glo, Svensson. Glo.<br>Detta \u00e4r viktig grundforskning.<\/p>\n\n\n\n<p class=\"has-light-blue-background-color has-background wp-block-paragraph\"><a href=\"https:\/\/sven-ove.nu\/\">Hem<\/a>&nbsp;|&nbsp;<a href=\"https:\/\/sven-ove.nu\/?page_id=170\">Om mig<\/a>&nbsp;|&nbsp;<a href=\"https:\/\/sven-ove.nu\/?page_id=1385\">Skriva &amp; prata<\/a>&nbsp;|&nbsp;<a href=\"https:\/\/sven-ove.nu\/?page_id=100\">Politik<\/a>&nbsp;|&nbsp;<a href=\"https:\/\/sven-ove.nu\/?page_id=102\">L\u00f6pa<\/a>&nbsp;|&nbsp;<a href=\"https:\/\/sven-ove.nu\/?page_id=108\">Viktor Root<\/a>&nbsp;&nbsp;<br><em>Inl\u00e4gg nr 2 262. (c) Sven-Ove Svensson (men dela g\u00e4rna).<\/em><\/p>\n","protected":false},"excerpt":{"rendered":"<p>Det p\u00e5g\u00e5r grundforskning i v\u00e5r tr\u00e4dg\u00e5rd. Just nu sitter vi mest och glor.Damen vi forskar p\u00e5 jobbar desto mer intensivt. S\u00e5 h\u00e4r \u00e4r det. Vi tycker om pollinerare, \u00e4ven getingar. Det \u00e4r trevliga djur som \u00e4r bra att bo ihop med. F\u00f6rst flyger de omkring med pollen, sedan matar de barna\u2019 sina med larver fr\u00e5n &hellip; <a href=\"https:\/\/sven-ove.nu\/?p=25345\" class=\"more-link\">Forts\u00e4tt l\u00e4sa <span class=\"screen-reader-text\">Glo, Svensson. Glo!<\/span><\/a><\/p>\n","protected":false},"author":1,"featured_media":0,"comment_status":"closed","ping_status":"open","sticky":false,"template":"","format":"standard","meta":{"_crdt_document":"","_monsterinsights_skip_tracking":false,"_monsterinsights_sitenote_active":false,"_monsterinsights_sitenote_note":"","_monsterinsights_sitenote_category":0,"footnotes":""},"categories":[28,6],"tags":[18],"class_list":["post-25345","post","type-post","status-publish","format-standard","hentry","category-kreativt-folk","category-natur","tag-lardomar"],"_links":{"self":[{"href":"https:\/\/sven-ove.nu\/index.php?rest_route=\/wp\/v2\/posts\/25345","targetHints":{"allow":["GET"]}}],"collection":[{"href":"https:\/\/sven-ove.nu\/index.php?rest_route=\/wp\/v2\/posts"}],"about":[{"href":"https:\/\/sven-ove.nu\/index.php?rest_route=\/wp\/v2\/types\/post"}],"author":[{"embeddable":true,"href":"https:\/\/sven-ove.nu\/index.php?rest_route=\/wp\/v2\/users\/1"}],"replies":[{"embeddable":true,"href":"https:\/\/sven-ove.nu\/index.php?rest_route=%2Fwp%2Fv2%2Fcomments&post=25345"}],"version-history":[{"count":7,"href":"https:\/\/sven-ove.nu\/index.php?rest_route=\/wp\/v2\/posts\/25345\/revisions"}],"predecessor-version":[{"id":25355,"href":"https:\/\/sven-ove.nu\/index.php?rest_route=\/wp\/v2\/posts\/25345\/revisions\/25355"}],"wp:attachment":[{"href":"https:\/\/sven-ove.nu\/index.php?rest_route=%2Fwp%2Fv2%2Fmedia&parent=25345"}],"wp:term":[{"taxonomy":"category","embeddable":true,"href":"https:\/\/sven-ove.nu\/index.php?rest_route=%2Fwp%2Fv2%2Fcategories&post=25345"},{"taxonomy":"post_tag","embeddable":true,"href":"https:\/\/sven-ove.nu\/index.php?rest_route=%2Fwp%2Fv2%2Ftags&post=25345"}],"curies":[{"name":"wp","href":"https:\/\/api.w.org\/{rel}","templated":true}]}}