{"id":25371,"date":"2023-05-27T09:44:10","date_gmt":"2023-05-27T08:44:10","guid":{"rendered":"https:\/\/sven-ove.nu\/?p=25371"},"modified":"2023-05-27T09:50:44","modified_gmt":"2023-05-27T08:50:44","slug":"utan-draghjalp-av-malad-trahast","status":"publish","type":"post","link":"https:\/\/sven-ove.nu\/?p=25371","title":{"rendered":"Utan draghj\u00e4lp av m\u00e5lad tr\u00e4h\u00e4st"},"content":{"rendered":"\n<figure class=\"wp-block-image size-full\"><a href=\"https:\/\/sven-ove.nu\/wp-content\/uploads\/2023\/05\/Varmland-my-love.jpeg\"><img loading=\"lazy\" decoding=\"async\" width=\"600\" height=\"605\" src=\"https:\/\/sven-ove.nu\/wp-content\/uploads\/2023\/05\/Varmland-my-love.jpeg\" alt=\"\" class=\"wp-image-25372\" srcset=\"https:\/\/sven-ove.nu\/wp-content\/uploads\/2023\/05\/Varmland-my-love.jpeg 600w, https:\/\/sven-ove.nu\/wp-content\/uploads\/2023\/05\/Varmland-my-love-298x300.jpeg 298w, https:\/\/sven-ove.nu\/wp-content\/uploads\/2023\/05\/Varmland-my-love-150x150.jpeg 150w\" sizes=\"auto, (max-width: 600px) 100vw, 600px\" \/><\/a><\/figure>\n\n\n\n<blockquote class=\"wp-block-quote is-layout-flow wp-block-quote-is-layout-flow\">\n<p class=\"wp-block-paragraph\">S\u00e4ga vad man vill om V\u00e4rmland, men f\u00f6rfattare p\u00e5 La och Fr och konstn\u00e4rer p\u00e5 Fj och Le har sannerligen gett oss sj\u00e4lvk\u00e4nsla. En blyg liten kulturell sj\u00e4lvk\u00e4nsla.<\/p>\n<\/blockquote>\n\n\n\n<p class=\"wp-block-paragraph\">Nu har en artist som heter Louise Weibull gett ut en l\u00e5t i samma anda. Bolaget heter H\u00f6pptorn music, bara en s\u00e5\u2019n sak.<\/p>\n\n\n\n<p class=\"wp-block-paragraph\">H\u00e4r beh\u00f6ver vi inte \u201ddraghj\u00e4lp av n\u00e5n m\u00e5lad tr\u00e4h\u00e4st\u201d sjunger hon och forts\u00e4tter fint med snart lokalt bevingade rader som:<\/p>\n\n\n\n<p class=\"wp-block-paragraph\"><em>\u201dDet skorrar s\u00e5 vackert i konstn\u00e4rernas fiol,<\/em><br><em>fr\u00e5n Racksta och Sandgrund &#8211; till Alma L\u00f6v och Osebol.<\/em><br><em>All bilburen ungdom p\u00e5 Torsbys stenlagda gator,<\/em><br><em>jag ger er min morgon &#8211; och min katalysator\u201d.<\/em><\/p>\n\n\n\n<p class=\"has-text-color wp-block-paragraph\" style=\"color:#f17a18\"><strong>Lyssna sj\u00e4lv: <a href=\"https:\/\/youtu.be\/urTqSRuYx88\">V\u00e4rmland my love<\/a><\/strong><\/p>\n\n\n\n<p class=\"wp-block-paragraph\">Trevlig pingst!<\/p>\n\n\n\n<p class=\"has-light-blue-background-color has-background wp-block-paragraph\"><a href=\"https:\/\/sven-ove.nu\/\">Hem<\/a>&nbsp;|&nbsp;<a href=\"https:\/\/sven-ove.nu\/?page_id=170\">Om mig<\/a>&nbsp;|&nbsp;<a href=\"https:\/\/sven-ove.nu\/?page_id=1385\">Skriva &amp; prata<\/a>&nbsp;|&nbsp;<a href=\"https:\/\/sven-ove.nu\/?page_id=100\">Politik<\/a>&nbsp;|&nbsp;<a href=\"https:\/\/sven-ove.nu\/?page_id=102\">L\u00f6pa<\/a>&nbsp;|&nbsp;<a href=\"https:\/\/sven-ove.nu\/?page_id=108\">Viktor Root<\/a>&nbsp;&nbsp;<br><em>Inl\u00e4gg nr 2 265. (c) Sven-Ove Svensson (men dela g\u00e4rna<\/em>).<\/p>\n","protected":false},"excerpt":{"rendered":"<p>S\u00e4ga vad man vill om V\u00e4rmland, men f\u00f6rfattare p\u00e5 La och Fr och konstn\u00e4rer p\u00e5 Fj och Le har sannerligen gett oss sj\u00e4lvk\u00e4nsla. En blyg liten kulturell sj\u00e4lvk\u00e4nsla. Nu har en artist som heter Louise Weibull gett ut en l\u00e5t i samma anda. Bolaget heter H\u00f6pptorn music, bara en s\u00e5\u2019n sak. H\u00e4r beh\u00f6ver vi inte &hellip; <a href=\"https:\/\/sven-ove.nu\/?p=25371\" class=\"more-link\">Forts\u00e4tt l\u00e4sa <span class=\"screen-reader-text\">Utan draghj\u00e4lp av m\u00e5lad tr\u00e4h\u00e4st<\/span><\/a><\/p>\n","protected":false},"author":1,"featured_media":0,"comment_status":"closed","ping_status":"open","sticky":false,"template":"","format":"standard","meta":{"_crdt_document":"","_monsterinsights_skip_tracking":false,"_monsterinsights_sitenote_active":false,"_monsterinsights_sitenote_note":"","_monsterinsights_sitenote_category":0,"footnotes":""},"categories":[28],"tags":[8,24,21],"class_list":["post-25371","post","type-post","status-publish","format-standard","hentry","category-kreativt-folk","tag-historia","tag-karlek","tag-ord"],"_links":{"self":[{"href":"https:\/\/sven-ove.nu\/index.php?rest_route=\/wp\/v2\/posts\/25371","targetHints":{"allow":["GET"]}}],"collection":[{"href":"https:\/\/sven-ove.nu\/index.php?rest_route=\/wp\/v2\/posts"}],"about":[{"href":"https:\/\/sven-ove.nu\/index.php?rest_route=\/wp\/v2\/types\/post"}],"author":[{"embeddable":true,"href":"https:\/\/sven-ove.nu\/index.php?rest_route=\/wp\/v2\/users\/1"}],"replies":[{"embeddable":true,"href":"https:\/\/sven-ove.nu\/index.php?rest_route=%2Fwp%2Fv2%2Fcomments&post=25371"}],"version-history":[{"count":5,"href":"https:\/\/sven-ove.nu\/index.php?rest_route=\/wp\/v2\/posts\/25371\/revisions"}],"predecessor-version":[{"id":25378,"href":"https:\/\/sven-ove.nu\/index.php?rest_route=\/wp\/v2\/posts\/25371\/revisions\/25378"}],"wp:attachment":[{"href":"https:\/\/sven-ove.nu\/index.php?rest_route=%2Fwp%2Fv2%2Fmedia&parent=25371"}],"wp:term":[{"taxonomy":"category","embeddable":true,"href":"https:\/\/sven-ove.nu\/index.php?rest_route=%2Fwp%2Fv2%2Fcategories&post=25371"},{"taxonomy":"post_tag","embeddable":true,"href":"https:\/\/sven-ove.nu\/index.php?rest_route=%2Fwp%2Fv2%2Ftags&post=25371"}],"curies":[{"name":"wp","href":"https:\/\/api.w.org\/{rel}","templated":true}]}}