{"id":2538,"date":"2012-06-25T04:00:57","date_gmt":"2012-06-25T03:00:57","guid":{"rendered":"http:\/\/sven-ove.nu\/?p=2538"},"modified":"2012-06-24T10:09:23","modified_gmt":"2012-06-24T09:09:23","slug":"personalvard-by-leaving-the-room","status":"publish","type":"post","link":"https:\/\/sven-ove.nu\/?p=2538","title":{"rendered":"Personalv\u00e5rd by leaving the room"},"content":{"rendered":"<p>En vacker dag blev jag chef. Det var intressant. Fem och ett halvt \u00e5r senare bad jag att f\u00e5 sluta. Det beviljades.<\/p>\n<p>Nu \u00e4r jag tillf\u00e4lligt tillbaka som vikarie i tv\u00e5 m\u00e5nader. Sagt och gjort, i dag m\u00e5ste jag \u00e4gna mig \u00e5t <strong>personalv\u00e5rd<\/strong>, t\u00e4nkte jag, n\u00e4r de goda medarbetarna och jag hade slitit hund ett tag. S\u00e5 jag pratade med en av dem. Ber\u00e4ttade, t\u00f6lade, resonerade, samspr\u00e5kade, snackade och pladdrade \u2013 om allt annat \u00e4n jobbet. En l\u00e5ng stund gjorde jag detta, uppgiften var viktig.<\/p>\n<p>Sedan l\u00e4mnade jag medarbetarens rum. D\u00e5 s\u00e5g vederb\u00f6rande s\u00e5 glad ut.<\/p>\n<p style=\"padding-left: 30px;\"><strong>Efter\u00e5t inser jag att nu har den h\u00e4r \u00e5terfallschefen uppfunnit en ny metod. Personalv\u00e5rd by leaving the room. F\u00f6rst tjatar jag \u00f6ronen av kamraterna genom att informera om mitt rika liv och olika on\u00f6diga kunskaper jag f\u00f6rv\u00e4rvat genom \u00e5ren. G\u00e4rna f\u00f6r tredje, fj\u00e4rde g\u00e5ngen, just den anekdoten. Och n\u00e4sta anekdot och n\u00e4sta. Femte, sj\u00e4tte g\u00e5ngen ibland, man kan ju inte minnas allt man sagt.<\/strong><\/p>\n<p>De ser j\u00e4ttelyckliga ut n\u00e4r jag l\u00e4mnar rummet. D\u00e5 har jag n\u00e5tt mitt m\u00e5l.<\/p>\n<p>Personalv\u00e5rd.<\/p>\n","protected":false},"excerpt":{"rendered":"<p>En vacker dag blev jag chef. Det var intressant. Fem och ett halvt \u00e5r senare bad jag att f\u00e5 sluta. Det beviljades. Nu \u00e4r jag tillf\u00e4lligt tillbaka som vikarie i tv\u00e5 m\u00e5nader. Sagt och gjort, i dag m\u00e5ste jag \u00e4gna mig \u00e5t personalv\u00e5rd, t\u00e4nkte jag, n\u00e4r de goda medarbetarna och jag hade slitit hund ett &hellip; <a href=\"https:\/\/sven-ove.nu\/?p=2538\" class=\"more-link\">Forts\u00e4tt l\u00e4sa <span class=\"screen-reader-text\">Personalv\u00e5rd by leaving the room<\/span><\/a><\/p>\n","protected":false},"author":1,"featured_media":0,"comment_status":"open","ping_status":"open","sticky":false,"template":"","format":"standard","meta":{"_crdt_document":"","_monsterinsights_skip_tracking":false,"_monsterinsights_sitenote_active":false,"_monsterinsights_sitenote_note":"","_monsterinsights_sitenote_category":0,"footnotes":""},"categories":[1],"tags":[3,24,20],"class_list":["post-2538","post","type-post","status-publish","format-standard","hentry","category-uncategorized","tag-arbete","tag-karlek","tag-rad"],"_links":{"self":[{"href":"https:\/\/sven-ove.nu\/index.php?rest_route=\/wp\/v2\/posts\/2538","targetHints":{"allow":["GET"]}}],"collection":[{"href":"https:\/\/sven-ove.nu\/index.php?rest_route=\/wp\/v2\/posts"}],"about":[{"href":"https:\/\/sven-ove.nu\/index.php?rest_route=\/wp\/v2\/types\/post"}],"author":[{"embeddable":true,"href":"https:\/\/sven-ove.nu\/index.php?rest_route=\/wp\/v2\/users\/1"}],"replies":[{"embeddable":true,"href":"https:\/\/sven-ove.nu\/index.php?rest_route=%2Fwp%2Fv2%2Fcomments&post=2538"}],"version-history":[{"count":1,"href":"https:\/\/sven-ove.nu\/index.php?rest_route=\/wp\/v2\/posts\/2538\/revisions"}],"predecessor-version":[{"id":2539,"href":"https:\/\/sven-ove.nu\/index.php?rest_route=\/wp\/v2\/posts\/2538\/revisions\/2539"}],"wp:attachment":[{"href":"https:\/\/sven-ove.nu\/index.php?rest_route=%2Fwp%2Fv2%2Fmedia&parent=2538"}],"wp:term":[{"taxonomy":"category","embeddable":true,"href":"https:\/\/sven-ove.nu\/index.php?rest_route=%2Fwp%2Fv2%2Fcategories&post=2538"},{"taxonomy":"post_tag","embeddable":true,"href":"https:\/\/sven-ove.nu\/index.php?rest_route=%2Fwp%2Fv2%2Ftags&post=2538"}],"curies":[{"name":"wp","href":"https:\/\/api.w.org\/{rel}","templated":true}]}}