{"id":25442,"date":"2023-05-31T04:14:00","date_gmt":"2023-05-31T03:14:00","guid":{"rendered":"https:\/\/sven-ove.nu\/?p=25442"},"modified":"2023-05-30T21:22:26","modified_gmt":"2023-05-30T20:22:26","slug":"en-stund-pa-komposten","status":"publish","type":"post","link":"https:\/\/sven-ove.nu\/?p=25442","title":{"rendered":"En stund p\u00e5 komposten"},"content":{"rendered":"\n<figure class=\"wp-block-image size-full\"><a href=\"https:\/\/sven-ove.nu\/wp-content\/uploads\/2023\/05\/Hammock.jpg\"><img loading=\"lazy\" decoding=\"async\" width=\"960\" height=\"960\" src=\"https:\/\/sven-ove.nu\/wp-content\/uploads\/2023\/05\/Hammock.jpg\" alt=\"\" class=\"wp-image-25443\" srcset=\"https:\/\/sven-ove.nu\/wp-content\/uploads\/2023\/05\/Hammock.jpg 960w, https:\/\/sven-ove.nu\/wp-content\/uploads\/2023\/05\/Hammock-300x300.jpg 300w, https:\/\/sven-ove.nu\/wp-content\/uploads\/2023\/05\/Hammock-150x150.jpg 150w, https:\/\/sven-ove.nu\/wp-content\/uploads\/2023\/05\/Hammock-768x768.jpg 768w\" sizes=\"auto, (max-width: 960px) 100vw, 960px\" \/><\/a><\/figure>\n\n\n\n<blockquote class=\"wp-block-quote is-layout-flow wp-block-quote-is-layout-flow\">\n<p class=\"wp-block-paragraph\">Om jag tappar enstaka ord vid fyllda 72? Nja, jag blandar ihop \u201dhammocken\u201d och \u201dkomposten\u201d bara.<br>Det g\u00f6r ju alla.<\/p>\n<\/blockquote>\n\n\n\n<p class=\"wp-block-paragraph\">&#8211; Du, ja&#8217; g\u00e5r \u00e5 l\u00e4gger mig p\u00e5 komposten en stund.<\/p>\n\n\n\n<p class=\"wp-block-paragraph\">I b\u00f6rjan s\u00e5g hon f\u00f6rv\u00e5nad ut.<br>Det g\u00f6r hon inte l\u00e4ngre.<\/p>\n\n\n\n<p class=\"wp-block-paragraph\">&#8211; Ja g\u00f6r du det. <\/p>\n\n\n\n<p class=\"has-light-blue-background-color has-background wp-block-paragraph\"><a href=\"https:\/\/sven-ove.nu\/\">Hem<\/a>&nbsp;|&nbsp;<a href=\"https:\/\/sven-ove.nu\/?page_id=170\">Om mig<\/a>&nbsp;|&nbsp;<a href=\"https:\/\/sven-ove.nu\/?page_id=1385\">Skriva &amp; prata<\/a>&nbsp;|&nbsp;<a href=\"https:\/\/sven-ove.nu\/?page_id=100\">Politik<\/a>&nbsp;|&nbsp;<a href=\"https:\/\/sven-ove.nu\/?page_id=102\">L\u00f6pa<\/a>&nbsp;|&nbsp;<a href=\"https:\/\/sven-ove.nu\/?page_id=108\">Viktor Root<\/a>&nbsp;&nbsp;<br><em>Inl\u00e4gg nr 2 267. (c) Sven-Ove Svensson (men dela g\u00e4rna<\/em>).<\/p>\n","protected":false},"excerpt":{"rendered":"<p>Om jag tappar enstaka ord vid fyllda 72? Nja, jag blandar ihop \u201dhammocken\u201d och \u201dkomposten\u201d bara.Det g\u00f6r ju alla. &#8211; Du, ja&#8217; g\u00e5r \u00e5 l\u00e4gger mig p\u00e5 komposten en stund. I b\u00f6rjan s\u00e5g hon f\u00f6rv\u00e5nad ut.Det g\u00f6r hon inte l\u00e4ngre. &#8211; Ja g\u00f6r du det. Hem&nbsp;|&nbsp;Om mig&nbsp;|&nbsp;Skriva &amp; prata&nbsp;|&nbsp;Politik&nbsp;|&nbsp;L\u00f6pa&nbsp;|&nbsp;Viktor Root&nbsp;&nbsp;Inl\u00e4gg nr 2 267. (c) Sven-Ove &hellip; <a href=\"https:\/\/sven-ove.nu\/?p=25442\" class=\"more-link\">Forts\u00e4tt l\u00e4sa <span class=\"screen-reader-text\">En stund p\u00e5 komposten<\/span><\/a><\/p>\n","protected":false},"author":1,"featured_media":0,"comment_status":"closed","ping_status":"open","sticky":false,"template":"","format":"standard","meta":{"_crdt_document":"","_monsterinsights_skip_tracking":false,"_monsterinsights_sitenote_active":false,"_monsterinsights_sitenote_note":"","_monsterinsights_sitenote_category":0,"footnotes":""},"categories":[10],"tags":[24,21],"class_list":["post-25442","post","type-post","status-publish","format-standard","hentry","category-familjen","tag-karlek","tag-ord"],"_links":{"self":[{"href":"https:\/\/sven-ove.nu\/index.php?rest_route=\/wp\/v2\/posts\/25442","targetHints":{"allow":["GET"]}}],"collection":[{"href":"https:\/\/sven-ove.nu\/index.php?rest_route=\/wp\/v2\/posts"}],"about":[{"href":"https:\/\/sven-ove.nu\/index.php?rest_route=\/wp\/v2\/types\/post"}],"author":[{"embeddable":true,"href":"https:\/\/sven-ove.nu\/index.php?rest_route=\/wp\/v2\/users\/1"}],"replies":[{"embeddable":true,"href":"https:\/\/sven-ove.nu\/index.php?rest_route=%2Fwp%2Fv2%2Fcomments&post=25442"}],"version-history":[{"count":4,"href":"https:\/\/sven-ove.nu\/index.php?rest_route=\/wp\/v2\/posts\/25442\/revisions"}],"predecessor-version":[{"id":25449,"href":"https:\/\/sven-ove.nu\/index.php?rest_route=\/wp\/v2\/posts\/25442\/revisions\/25449"}],"wp:attachment":[{"href":"https:\/\/sven-ove.nu\/index.php?rest_route=%2Fwp%2Fv2%2Fmedia&parent=25442"}],"wp:term":[{"taxonomy":"category","embeddable":true,"href":"https:\/\/sven-ove.nu\/index.php?rest_route=%2Fwp%2Fv2%2Fcategories&post=25442"},{"taxonomy":"post_tag","embeddable":true,"href":"https:\/\/sven-ove.nu\/index.php?rest_route=%2Fwp%2Fv2%2Ftags&post=25442"}],"curies":[{"name":"wp","href":"https:\/\/api.w.org\/{rel}","templated":true}]}}