{"id":25452,"date":"2023-06-02T04:12:00","date_gmt":"2023-06-02T03:12:00","guid":{"rendered":"https:\/\/sven-ove.nu\/?p=25452"},"modified":"2023-06-01T19:16:52","modified_gmt":"2023-06-01T18:16:52","slug":"glom-inte","status":"publish","type":"post","link":"https:\/\/sven-ove.nu\/?p=25452","title":{"rendered":"Gl\u00f6m inte"},"content":{"rendered":"\n<figure class=\"wp-block-image size-large\"><a href=\"https:\/\/sven-ove.nu\/wp-content\/uploads\/2023\/06\/IMG_6614.jpg\"><img loading=\"lazy\" decoding=\"async\" width=\"869\" height=\"1024\" src=\"https:\/\/sven-ove.nu\/wp-content\/uploads\/2023\/06\/IMG_6614-869x1024.jpg\" alt=\"\" class=\"wp-image-25453\" srcset=\"https:\/\/sven-ove.nu\/wp-content\/uploads\/2023\/06\/IMG_6614-869x1024.jpg 869w, https:\/\/sven-ove.nu\/wp-content\/uploads\/2023\/06\/IMG_6614-255x300.jpg 255w, https:\/\/sven-ove.nu\/wp-content\/uploads\/2023\/06\/IMG_6614-768x905.jpg 768w, https:\/\/sven-ove.nu\/wp-content\/uploads\/2023\/06\/IMG_6614.jpg 919w\" sizes=\"auto, (max-width: 869px) 100vw, 869px\" \/><\/a><\/figure>\n\n\n\n<blockquote class=\"wp-block-quote is-layout-flow wp-block-quote-is-layout-flow\">\n<p class=\"wp-block-paragraph\">Det var den resa d\u00e5 jag gr\u00e5tit mest men ocks\u00e5 k\u00e4nt mest v\u00e4rme. En hel buss full med solidaritet.<br>Vi for till Auschwitz. Med i bussen var Flora Gladh fr\u00e5n Deje som ber\u00e4ttade om sin tid i nazisternas l\u00e4ger.<br>I kv\u00e4ll har den premi\u00e4r, pj\u00e4sen om hennes liv.<\/p>\n<\/blockquote>\n\n\n\n<p class=\"wp-block-paragraph\">Resan skedde 1997. Jag skrev n\u00e5gra av mitt livs viktigare kr\u00f6nikor om f\u00e4rden, en av dem hamnade i antologi sedan. H\u00e4r \u00e4r ett utdrag ur den:<\/p>\n\n\n\n<p class=\"wp-block-paragraph\">\u201dDet slutgiltiga exemplet p\u00e5 ett or\u00e4ttvist samh\u00e4lle. Den yttersta konsekvensen av att l\u00e5tsas att folk \u00e4r olika mycket v\u00e4rda. Osolidaritetens och fr\u00e4mlingsfientlighetens politiska h\u00f6jdpunkt hittills i v\u00e4rlden.<\/p>\n\n\n\n<p class=\"wp-block-paragraph\">Auschwitz. Dit ska vi. Dit reser vi frivilligt.<\/p>\n\n\n\n<p class=\"wp-block-paragraph\"><strong>Tanken mal<\/strong><br>Det b\u00f6rjade i Forshaga med n\u00e5gra kloka l\u00e4rare som tyckte h\u00f6gstadieeleverna beh\u00f6vde \u00e5ka ner till f\u00f6rintelsel\u00e4gren f\u00f6r att se vad rasismen och nazisterna st\u00e4llde till med under kriget.<\/p>\n\n\n\n<p class=\"wp-block-paragraph\">Klasskamp kan vara att gr\u00e5ta tillsammans vid en gaskammare och sedan knyta n\u00e4ven i fickan. Fast just de orden kanske inte l\u00e4rarna anv\u00e4nde.<\/p>\n\n\n\n<p class=\"wp-block-paragraph\">Sedan spred den goda tanken sig. Fler elever for ner, fler vuxna blev ocks\u00e5 vaccinerade.<\/p>\n\n\n\n<p class=\"wp-block-paragraph\">En sommar blir det min tur. I augusti 1997 ska jag f\u00e5 plats i bussen till Auschwitz. Hela sommaren g\u00e5r jag med en tanke malande i huvudet:<\/p>\n\n\n\n<p class=\"wp-block-paragraph\">&#8211; Vad ska jag ta med mig?<\/p>\n\n\n\n<p class=\"wp-block-paragraph\">Missf\u00f6rst\u00e5 mig r\u00e4tt. Jag har liten men dock viss resvana. En g\u00e5ng har jag rapporterat fr\u00e5n norska s\u00e5gverk. En annan g\u00e5ng fr\u00e5n amerikanska brandm\u00e4n i Brooklyns slum. Lur\u00f6 fyr och Petter i Boa har jag ocks\u00e5 sett. Nog vet jag hur en v\u00e4ska ska packas.<\/p>\n\n\n\n<p class=\"wp-block-paragraph\">Men att f\u00e5 den uppgiften \u2013 s\u00e5 som de fick den. Kommunisterna, socialdemokraterna, fackf\u00f6reningsk\u00e4mparna, de handikappade, de homosexuella, zigenarna, de polska motst\u00e5ndsm\u00e4nnen och judarna.<\/p>\n\n\n\n<p class=\"wp-block-paragraph\">&#8211; Du ska p\u00e5 en l\u00e5ng resa till ditt nya liv. Packa ner 25 kilo. Mer f\u00e5r du inte ta med. Bara 25 kilo.<\/p>\n\n\n\n<p class=\"wp-block-paragraph\">Vad skulle du ta med av ditt gamla liv?<\/p>\n\n\n\n<p class=\"wp-block-paragraph\"><strong>Handen d\u00f6mer<\/strong><br>I sj\u00e4lva verket \u00e4r det ett koncentrationsl\u00e4ger som heter Auschwitz eller ett \u00e4nnu st\u00f6rre l\u00e4ger tre kilometer l\u00e4ngre bort som heter Birkenau du ska till.<\/p>\n\n\n\n<p class=\"wp-block-paragraph\">Sanningen \u00e4r att ni kommer att hamna framf\u00f6r en tysk h\u00f6gerhand, van att g\u00f6ra hitlerh\u00e4lsning. Men just den h\u00e4r dagen p\u00e5 resans sista perrong kommer handen mest att syssla med vad nazistiska spr\u00e5kv\u00e5rdare s\u00e5 prydligt kallar \u201dselektion\u201d.<\/p>\n\n\n\n<p class=\"wp-block-paragraph\">Gamla, halta, lytta, svaga, barn och m\u00e5nga kvinnor kommer att f\u00e5 se hur den handen pekar \u00e5t gaskammaren till, direkt. Med k\u00e4nnarmin v\u00e4ljer doktorn ut de svaga. Handen pekar:<\/p>\n\n\n\n<p class=\"wp-block-paragraph\">Du g\u00e5r dit. Du g\u00e5r dit. Du g\u00e5r till slavarbete, du g\u00e5r till gasen&#8230; d\u00f6mer handen.<\/p>\n\n\n\n<p class=\"wp-block-paragraph\">Fast de tror det \u00e4r en dusch. De \u00e4r v\u00e4rre svettiga \u00e4n en fullsatt O-ringenbuss, de som \u00f6verlevde resan i den tr\u00e5nga, fasansfulla godsfinkan.<\/p>\n\n\n\n<p class=\"wp-block-paragraph\">&#8211; Titta, vi f\u00e5r till och med en tv\u00e5lbit. Se, det \u00e4r fina duschmunstycken i taket. Det h\u00e4r blir inte s\u00e5 illa.<\/p>\n\n\n\n<p class=\"wp-block-paragraph\"><strong>V\u00e4rmen fr\u00e5n tusen<\/strong><br>Men det \u00e4r inget j\u00e4ttestort duschrum. Det \u00e4r en kammare att gasa ihj\u00e4l kommunister, socialdemokrater, fackf\u00f6reningsk\u00e4mpar, handikappade, homosexuella, zigenare, polska motst\u00e5ndsm\u00e4n och judar i.<\/p>\n\n\n\n<p class=\"wp-block-paragraph\">N\u00e5gon har r\u00e4knat ut att det beh\u00f6vs tusen personer, t\u00e4tt sammanpackade, f\u00f6r att v\u00e4rma upp pulvret till gas. D\u00e4rf\u00f6r \u00e4r ni tusen personer i rummet. T\u00e4tt sammanpackade.<\/p>\n\n\n\n<p class=\"wp-block-paragraph\">Vad skulle du packa ner f\u00f6r en s\u00e5dan resa? Smyckena? Resebrandvarnaren? Datorn? Tandborsten, trangiak\u00f6ket och kompassen?<\/p>\n\n\n\n<p class=\"wp-block-paragraph\">&#8211; St\u00e4ll v\u00e4skan h\u00e4r p\u00e5 perrongen. Ni f\u00e5r den tillbaka efter\u00e5t. Ni ska bara duscha f\u00f6rst.<\/p>\n\n\n\n<p class=\"wp-block-paragraph\">&#8211; Tjugofem kilo, herr doktor. Inte mer. Smart utr\u00e4knat. D\u00e5 tar de bara med sina v\u00e4rdefullaste saker, de d\u00e4r som vi ska gasa ihj\u00e4l eller ha som slavar, f\u00f6rst.<\/p>\n\n\n\n<p class=\"wp-block-paragraph\">&#8211; Trivsamt jobb h\u00e4r i Birkenau, soldat. Fick du ocks\u00e5 v\u00e4lja mellan detta och \u00f6stfronten?<\/p>\n\n\n\n<p class=\"wp-block-paragraph\">Allt det d\u00e4r vet vi inte s\u00e4rskilt mycket om, vi i Nilsby-bussen. Vi vet bara att vi ska till s\u00f6dra Polen och att det kommer att bli hemskt. Viktigt men hemskt.\u201d<\/p>\n\n\n\n<p class=\"wp-block-paragraph\"><strong>\u00c5ttondeklassare och andra<\/strong><br>Pj\u00e4sen bygger p\u00e5 Eva Thorstenssons bok om Flora Gladh, \u201dInte gl\u00f6mma, inte minnas\u201d. Rollen som Flora spelas av Sandra Backman, projektledare \u00e4r Pia Torstensson, Daniel Nystr\u00f6m har regisserat och projektet drivs av Kulturens Bildningsverksamhet med m\u00e5nga kommuner och sponsorer bakom.<\/p>\n\n\n\n<p class=\"wp-block-paragraph\">I g\u00e5r var det smygpremi\u00e4r f\u00f6r speciellt inbjudna och i kv\u00e4ll \u00e4r det premi\u00e4r i kulturhuset i Deje. Sedan ska pj\u00e4sen ut p\u00e5 turn\u00e9 bland \u00e5ttondeklassare och andra som beh\u00f6ver vaccineras.<\/p>\n\n\n\n<p class=\"wp-block-paragraph\">En fantastisk f\u00f6rest\u00e4llning. Undrar varf\u00f6r inte alla kommuner h\u00e4r i l\u00e4net vill vara med och l\u00e5ta sina \u00e5ttondeklassare ta del av ber\u00e4ttelsen om vad fr\u00e4mlingsfientlighet kan leda till, n\u00e4r det \u00e4r som v\u00e4rst?<\/p>\n\n\n\n<p class=\"has-text-color wp-block-paragraph\" style=\"color:#f0491e\"><strong>L\u00e4s mer: <a href=\"https:\/\/www.kulturens.se\/inte-glomma-inte-minnas\/\">Om pj\u00e4sen och demokratiprojektet<\/a><\/strong><\/p>\n\n\n\n<p class=\"wp-block-paragraph\">Gl\u00f6m inte.<br>Gl\u00f6m inte.<br>Gl\u00f6m inte.<\/p>\n\n\n\n<p class=\"has-light-gray-background-color has-background wp-block-paragraph\"><a href=\"https:\/\/sven-ove.nu\/\">Hem<\/a>&nbsp;|&nbsp;<a href=\"https:\/\/sven-ove.nu\/?page_id=170\">Om mig<\/a>&nbsp;|&nbsp;<a href=\"https:\/\/sven-ove.nu\/?page_id=1385\">Skriva &amp; prata<\/a>&nbsp;|&nbsp;<a href=\"https:\/\/sven-ove.nu\/?page_id=100\">Politik<\/a>&nbsp;|&nbsp;<a href=\"https:\/\/sven-ove.nu\/?page_id=102\">L\u00f6pa<\/a>&nbsp;|&nbsp;<a href=\"https:\/\/sven-ove.nu\/?page_id=108\">Viktor Root<\/a>&nbsp;&nbsp;<br><em>Inl\u00e4gg nr 2 268. (c) Sven-Ove Svensson (men dela g\u00e4rna<\/em>).<\/p>\n","protected":false},"excerpt":{"rendered":"<p>Det var den resa d\u00e5 jag gr\u00e5tit mest men ocks\u00e5 k\u00e4nt mest v\u00e4rme. En hel buss full med solidaritet.Vi for till Auschwitz. Med i bussen var Flora Gladh fr\u00e5n Deje som ber\u00e4ttade om sin tid i nazisternas l\u00e4ger.I kv\u00e4ll har den premi\u00e4r, pj\u00e4sen om hennes liv. Resan skedde 1997. Jag skrev n\u00e5gra av mitt livs &hellip; <a href=\"https:\/\/sven-ove.nu\/?p=25452\" class=\"more-link\">Forts\u00e4tt l\u00e4sa <span class=\"screen-reader-text\">Gl\u00f6m inte<\/span><\/a><\/p>\n","protected":false},"author":1,"featured_media":0,"comment_status":"closed","ping_status":"open","sticky":false,"template":"","format":"standard","meta":{"_crdt_document":"","_monsterinsights_skip_tracking":false,"_monsterinsights_sitenote_active":false,"_monsterinsights_sitenote_note":"","_monsterinsights_sitenote_category":0,"footnotes":""},"categories":[28,9,4],"tags":[8,18,17],"class_list":["post-25452","post","type-post","status-publish","format-standard","hentry","category-kreativt-folk","category-politik","category-skrivande","tag-historia","tag-lardomar","tag-solidaritet"],"_links":{"self":[{"href":"https:\/\/sven-ove.nu\/index.php?rest_route=\/wp\/v2\/posts\/25452","targetHints":{"allow":["GET"]}}],"collection":[{"href":"https:\/\/sven-ove.nu\/index.php?rest_route=\/wp\/v2\/posts"}],"about":[{"href":"https:\/\/sven-ove.nu\/index.php?rest_route=\/wp\/v2\/types\/post"}],"author":[{"embeddable":true,"href":"https:\/\/sven-ove.nu\/index.php?rest_route=\/wp\/v2\/users\/1"}],"replies":[{"embeddable":true,"href":"https:\/\/sven-ove.nu\/index.php?rest_route=%2Fwp%2Fv2%2Fcomments&post=25452"}],"version-history":[{"count":4,"href":"https:\/\/sven-ove.nu\/index.php?rest_route=\/wp\/v2\/posts\/25452\/revisions"}],"predecessor-version":[{"id":25459,"href":"https:\/\/sven-ove.nu\/index.php?rest_route=\/wp\/v2\/posts\/25452\/revisions\/25459"}],"wp:attachment":[{"href":"https:\/\/sven-ove.nu\/index.php?rest_route=%2Fwp%2Fv2%2Fmedia&parent=25452"}],"wp:term":[{"taxonomy":"category","embeddable":true,"href":"https:\/\/sven-ove.nu\/index.php?rest_route=%2Fwp%2Fv2%2Fcategories&post=25452"},{"taxonomy":"post_tag","embeddable":true,"href":"https:\/\/sven-ove.nu\/index.php?rest_route=%2Fwp%2Fv2%2Ftags&post=25452"}],"curies":[{"name":"wp","href":"https:\/\/api.w.org\/{rel}","templated":true}]}}