{"id":25460,"date":"2023-06-05T04:42:00","date_gmt":"2023-06-05T03:42:00","guid":{"rendered":"https:\/\/sven-ove.nu\/?p=25460"},"modified":"2023-06-04T09:53:33","modified_gmt":"2023-06-04T08:53:33","slug":"minst-en-ilska-per-sida","status":"publish","type":"post","link":"https:\/\/sven-ove.nu\/?p=25460","title":{"rendered":"Minst en ilska per sida"},"content":{"rendered":"\n<figure class=\"wp-block-image size-large\"><a href=\"https:\/\/sven-ove.nu\/wp-content\/uploads\/2023\/06\/Girig-Sverige-scaled.jpeg\"><img loading=\"lazy\" decoding=\"async\" width=\"756\" height=\"1024\" src=\"https:\/\/sven-ove.nu\/wp-content\/uploads\/2023\/06\/Girig-Sverige-756x1024.jpeg\" alt=\"\" class=\"wp-image-25461\" srcset=\"https:\/\/sven-ove.nu\/wp-content\/uploads\/2023\/06\/Girig-Sverige-756x1024.jpeg 756w, https:\/\/sven-ove.nu\/wp-content\/uploads\/2023\/06\/Girig-Sverige-222x300.jpeg 222w, https:\/\/sven-ove.nu\/wp-content\/uploads\/2023\/06\/Girig-Sverige-768x1040.jpeg 768w, https:\/\/sven-ove.nu\/wp-content\/uploads\/2023\/06\/Girig-Sverige-1134x1536.jpeg 1134w, https:\/\/sven-ove.nu\/wp-content\/uploads\/2023\/06\/Girig-Sverige-1512x2048.jpeg 1512w, https:\/\/sven-ove.nu\/wp-content\/uploads\/2023\/06\/Girig-Sverige-scaled.jpeg 1890w\" sizes=\"auto, (max-width: 756px) 100vw, 756px\" \/><\/a><\/figure>\n\n\n\n<blockquote class=\"wp-block-quote is-layout-flow wp-block-quote-is-layout-flow\">\n<p class=\"wp-block-paragraph\">Sommaren 2022 medverkade jag med n\u00e5gra egna texter vid en valupptakt i v\u00e5rt Folkets hus. Efter\u00e5t fick jag en bok i present.<br>Jag har dragit mig f\u00f6r att l\u00e4sa den.<\/p>\n<\/blockquote>\n\n\n\n<p class=\"wp-block-paragraph\">Sk\u00e4let \u00e4r detsamma som n\u00e4r jag tittar bort d\u00e5 det blir blodiga bilder p\u00e5 tv. Jag vill inte bli avtrubbad. Boken heter <strong>Girig-Sverige <\/strong>och \u00e4r skriven av ekonomijournalisten Andreas Cervenka. Jag visste fr\u00e5n b\u00f6rjan att han skulle g\u00f6ra mig f\u00f6rbannad.<\/p>\n\n\n\n<p class=\"wp-block-paragraph\">Nu har jag l\u00e4st hans bok. Det blev som jag trodde. Han \u00e4r oerh\u00f6rt skicklig och jag blev arg p\u00e5 varenda sida. \u00c4n \u00e4r jag inte avtrubbad.<\/p>\n\n\n\n<p class=\"wp-block-paragraph\"><strong>En f\u00f6rf\u00e4rlig bild av Sverige<\/strong><br>H\u00e4r \u00e4r n\u00e5gra exempel:<\/p>\n\n\n\n<p class=\"wp-block-paragraph\">1996 \u00e4gde 28 miljard\u00e4rer motsvarande 6 procent av Sveriges BNP. 2021 var miljard\u00e4rerna 542 stycken och \u00e4gde 68 procent.<\/p>\n\n\n\n<p class=\"wp-block-paragraph\">\u00c5r 2020 hade vi f\u00e5tt s\u00e5 m\u00e5nga superrika i Sverige att aff\u00e4rstidningarna slutade trycka listor \u00f6ver de mest f\u00f6rm\u00f6gna.<\/p>\n\n\n\n<p class=\"wp-block-paragraph\">\u201dEn jumbojetlast \u00e4ger lika mycket som 80 procent av svenskarna\u201d.<\/p>\n\n\n\n<p class=\"wp-block-paragraph\">2021 hade Astra Zenecas vd 184 miljoner kronor i \u00e5rsinkomst och Ericsons vd B\u00f6rje Ekholm tj\u00e4nade 170 g\u00e5nger mer \u00e4n fotfolket i \u201dsin\u201d firma.<\/p>\n\n\n\n<p class=\"wp-block-paragraph\">De forna politikerna G\u00f6ran Persson, Bj\u00f6rn Rosengren, P\u00e4r Nuder, Anders Borg och Fredrik Reinfeldt h\u00f6r i dag till Sveriges 0,5 procent rikaste.<\/p>\n\n\n\n<p class=\"wp-block-paragraph\">Rikast i Sverige \u00e4r H&amp;M:s huvud\u00e4gare Stefan Persson. Han \u00e4ger 150 miljarder.<\/p>\n\n\n\n<p class=\"wp-block-paragraph\">Den tiondel kvinnor i landet som tj\u00e4nar mest lever i snitt 7 \u00e5r l\u00e4ngre \u00e4n de 10 procent som \u00e4ger minst. F\u00f6r m\u00e4n \u00e4r skillnaden 9 \u00e5r. Slant l\u00f6nar sig.<\/p>\n\n\n\n<p class=\"wp-block-paragraph\"><strong>Aldrig lika djupa<\/strong><br>Under mitt liv har klyftorna i Sverige aldrig varit s\u00e5 djupa som nu. Jag ska aldrig mer g\u00f6ra narr av parollen \u00d6kad j\u00e4mlikhet om socialdemokratin tar upp den igen och b\u00f6rjar sl\u00e5ss f\u00f6r utj\u00e4mning.<\/p>\n\n\n\n<p class=\"wp-block-paragraph\">Sverige spricker. Det \u00e4r inte ens bra f\u00f6r tillv\u00e4xten.<\/p>\n\n\n\n<p class=\"wp-block-paragraph\">Nu blev jag arg igen.<\/p>\n\n\n\n<figure class=\"wp-block-image size-large\"><a href=\"https:\/\/sven-ove.nu\/wp-content\/uploads\/2023\/06\/Direktorsloner-scaled.jpeg\"><img loading=\"lazy\" decoding=\"async\" width=\"1024\" height=\"651\" src=\"https:\/\/sven-ove.nu\/wp-content\/uploads\/2023\/06\/Direktorsloner-1024x651.jpeg\" alt=\"\" class=\"wp-image-25463\" srcset=\"https:\/\/sven-ove.nu\/wp-content\/uploads\/2023\/06\/Direktorsloner-1024x651.jpeg 1024w, https:\/\/sven-ove.nu\/wp-content\/uploads\/2023\/06\/Direktorsloner-300x191.jpeg 300w, https:\/\/sven-ove.nu\/wp-content\/uploads\/2023\/06\/Direktorsloner-768x489.jpeg 768w, https:\/\/sven-ove.nu\/wp-content\/uploads\/2023\/06\/Direktorsloner-1536x977.jpeg 1536w, https:\/\/sven-ove.nu\/wp-content\/uploads\/2023\/06\/Direktorsloner-2048x1303.jpeg 2048w\" sizes=\"auto, (max-width: 1024px) 100vw, 1024px\" \/><\/a><\/figure>\n\n\n\n<p class=\"wp-block-paragraph\"><\/p>\n\n\n\n<figure class=\"wp-block-image size-large\"><a href=\"https:\/\/sven-ove.nu\/wp-content\/uploads\/2023\/06\/Dollarmiljardarsligan-scaled.jpeg\"><img loading=\"lazy\" decoding=\"async\" width=\"1024\" height=\"810\" src=\"https:\/\/sven-ove.nu\/wp-content\/uploads\/2023\/06\/Dollarmiljardarsligan-1024x810.jpeg\" alt=\"\" class=\"wp-image-25465\" srcset=\"https:\/\/sven-ove.nu\/wp-content\/uploads\/2023\/06\/Dollarmiljardarsligan-1024x810.jpeg 1024w, https:\/\/sven-ove.nu\/wp-content\/uploads\/2023\/06\/Dollarmiljardarsligan-300x237.jpeg 300w, https:\/\/sven-ove.nu\/wp-content\/uploads\/2023\/06\/Dollarmiljardarsligan-768x607.jpeg 768w, https:\/\/sven-ove.nu\/wp-content\/uploads\/2023\/06\/Dollarmiljardarsligan-1536x1214.jpeg 1536w, https:\/\/sven-ove.nu\/wp-content\/uploads\/2023\/06\/Dollarmiljardarsligan-2048x1619.jpeg 2048w\" sizes=\"auto, (max-width: 1024px) 100vw, 1024px\" \/><\/a><\/figure>\n\n\n\n<p class=\"wp-block-paragraph\"><\/p>\n\n\n\n<figure class=\"wp-block-image size-large\"><a href=\"https:\/\/sven-ove.nu\/wp-content\/uploads\/2023\/06\/Miljardarer-scaled.jpeg\"><img loading=\"lazy\" decoding=\"async\" width=\"780\" height=\"1024\" src=\"https:\/\/sven-ove.nu\/wp-content\/uploads\/2023\/06\/Miljardarer-780x1024.jpeg\" alt=\"\" class=\"wp-image-25466\" srcset=\"https:\/\/sven-ove.nu\/wp-content\/uploads\/2023\/06\/Miljardarer-780x1024.jpeg 780w, https:\/\/sven-ove.nu\/wp-content\/uploads\/2023\/06\/Miljardarer-228x300.jpeg 228w, https:\/\/sven-ove.nu\/wp-content\/uploads\/2023\/06\/Miljardarer-768x1009.jpeg 768w, https:\/\/sven-ove.nu\/wp-content\/uploads\/2023\/06\/Miljardarer-1170x1536.jpeg 1170w, https:\/\/sven-ove.nu\/wp-content\/uploads\/2023\/06\/Miljardarer-1559x2048.jpeg 1559w, https:\/\/sven-ove.nu\/wp-content\/uploads\/2023\/06\/Miljardarer-scaled.jpeg 1949w\" sizes=\"auto, (max-width: 780px) 100vw, 780px\" \/><\/a><\/figure>\n\n\n\n<p class=\"has-text-align-right wp-block-paragraph\"><em>N\u00e5gra exempel ur boken.<\/em><\/p>\n\n\n\n<p class=\"has-light-blue-background-color has-background wp-block-paragraph\"><a href=\"https:\/\/sven-ove.nu\/\">Hem<\/a>&nbsp;|&nbsp;<a href=\"https:\/\/sven-ove.nu\/?page_id=170\">Om mig<\/a>&nbsp;|&nbsp;<a href=\"https:\/\/sven-ove.nu\/?page_id=1385\">Skriva &amp; prata<\/a>&nbsp;|&nbsp;<a href=\"https:\/\/sven-ove.nu\/?page_id=100\">Politik<\/a>&nbsp;|&nbsp;<a href=\"https:\/\/sven-ove.nu\/?page_id=102\">L\u00f6pa<\/a>&nbsp;|&nbsp;<a href=\"https:\/\/sven-ove.nu\/?page_id=108\">Viktor Root<\/a>&nbsp;&nbsp;<br><em>Inl\u00e4gg nr 2 269. (c) Sven-Ove Svensson (men dela g\u00e4rna<\/em>).<\/p>\n","protected":false},"excerpt":{"rendered":"<p>Sommaren 2022 medverkade jag med n\u00e5gra egna texter vid en valupptakt i v\u00e5rt Folkets hus. Efter\u00e5t fick jag en bok i present.Jag har dragit mig f\u00f6r att l\u00e4sa den. Sk\u00e4let \u00e4r detsamma som n\u00e4r jag tittar bort d\u00e5 det blir blodiga bilder p\u00e5 tv. Jag vill inte bli avtrubbad. Boken heter Girig-Sverige och \u00e4r skriven &hellip; <a href=\"https:\/\/sven-ove.nu\/?p=25460\" class=\"more-link\">Forts\u00e4tt l\u00e4sa <span class=\"screen-reader-text\">Minst en ilska per sida<\/span><\/a><\/p>\n","protected":false},"author":1,"featured_media":0,"comment_status":"closed","ping_status":"open","sticky":false,"template":"","format":"standard","meta":{"_crdt_document":"","_monsterinsights_skip_tracking":false,"_monsterinsights_sitenote_active":false,"_monsterinsights_sitenote_note":"","_monsterinsights_sitenote_category":0,"footnotes":""},"categories":[9],"tags":[16],"class_list":["post-25460","post","type-post","status-publish","format-standard","hentry","category-politik","tag-dumheter"],"_links":{"self":[{"href":"https:\/\/sven-ove.nu\/index.php?rest_route=\/wp\/v2\/posts\/25460","targetHints":{"allow":["GET"]}}],"collection":[{"href":"https:\/\/sven-ove.nu\/index.php?rest_route=\/wp\/v2\/posts"}],"about":[{"href":"https:\/\/sven-ove.nu\/index.php?rest_route=\/wp\/v2\/types\/post"}],"author":[{"embeddable":true,"href":"https:\/\/sven-ove.nu\/index.php?rest_route=\/wp\/v2\/users\/1"}],"replies":[{"embeddable":true,"href":"https:\/\/sven-ove.nu\/index.php?rest_route=%2Fwp%2Fv2%2Fcomments&post=25460"}],"version-history":[{"count":5,"href":"https:\/\/sven-ove.nu\/index.php?rest_route=\/wp\/v2\/posts\/25460\/revisions"}],"predecessor-version":[{"id":25470,"href":"https:\/\/sven-ove.nu\/index.php?rest_route=\/wp\/v2\/posts\/25460\/revisions\/25470"}],"wp:attachment":[{"href":"https:\/\/sven-ove.nu\/index.php?rest_route=%2Fwp%2Fv2%2Fmedia&parent=25460"}],"wp:term":[{"taxonomy":"category","embeddable":true,"href":"https:\/\/sven-ove.nu\/index.php?rest_route=%2Fwp%2Fv2%2Fcategories&post=25460"},{"taxonomy":"post_tag","embeddable":true,"href":"https:\/\/sven-ove.nu\/index.php?rest_route=%2Fwp%2Fv2%2Ftags&post=25460"}],"curies":[{"name":"wp","href":"https:\/\/api.w.org\/{rel}","templated":true}]}}