{"id":25478,"date":"2023-06-13T06:34:36","date_gmt":"2023-06-13T05:34:36","guid":{"rendered":"https:\/\/sven-ove.nu\/?p=25478"},"modified":"2023-06-13T06:59:34","modified_gmt":"2023-06-13T05:59:34","slug":"nagra-blev-klokare-nagra-dummare","status":"publish","type":"post","link":"https:\/\/sven-ove.nu\/?p=25478","title":{"rendered":"N\u00e5gra blev klokare, n\u00e5gra dummare"},"content":{"rendered":"\n<figure class=\"wp-block-image size-large\"><a href=\"https:\/\/sven-ove.nu\/wp-content\/uploads\/2023\/06\/Tidningsmorgon-i-sol-scaled.jpeg\"><img loading=\"lazy\" decoding=\"async\" width=\"768\" height=\"1024\" src=\"https:\/\/sven-ove.nu\/wp-content\/uploads\/2023\/06\/Tidningsmorgon-i-sol-768x1024.jpeg\" alt=\"\" class=\"wp-image-25479\" srcset=\"https:\/\/sven-ove.nu\/wp-content\/uploads\/2023\/06\/Tidningsmorgon-i-sol-768x1024.jpeg 768w, https:\/\/sven-ove.nu\/wp-content\/uploads\/2023\/06\/Tidningsmorgon-i-sol-225x300.jpeg 225w, https:\/\/sven-ove.nu\/wp-content\/uploads\/2023\/06\/Tidningsmorgon-i-sol-1152x1536.jpeg 1152w, https:\/\/sven-ove.nu\/wp-content\/uploads\/2023\/06\/Tidningsmorgon-i-sol-1536x2048.jpeg 1536w, https:\/\/sven-ove.nu\/wp-content\/uploads\/2023\/06\/Tidningsmorgon-i-sol-scaled.jpeg 1920w\" sizes=\"auto, (max-width: 768px) 100vw, 768px\" \/><\/a><\/figure>\n\n\n\n<blockquote class=\"wp-block-quote is-layout-flow wp-block-quote-is-layout-flow\">\n<p class=\"wp-block-paragraph\">Det \u00e4r intressant att f\u00f6r ett \u00f6gonblick hamna i mediernas intresse. Pl\u00f6tsligt inser jag hur mycket mitt gamla journalistyrke f\u00f6r\u00e4ndrats.<\/p>\n<\/blockquote>\n\n\n\n<p class=\"wp-block-paragraph\">\u201dF\u00f6r\u00e4ndrat sig\u201d h\u00f6ll jag p\u00e5 att skriva. Det \u00e4r f\u00f6rst\u00e5s inte sant. F\u00f6r\u00e4ndringen st\u00e5r tekniken f\u00f6r.<\/p>\n\n\n\n<p class=\"wp-block-paragraph\">\u00d6verg\u00e5ngen till tabloid som \u00f6ver en natt gjorde alla nyhetsartiklar h\u00e4lften s\u00e5 l\u00e5nga och tidningssidorna mallade intill rationell n\u00f6\u2019tr\u00e5kighet.<\/p>\n\n\n\n<p class=\"wp-block-paragraph\">Internet som gjorde begreppet l\u00e4mningstid till en tidtabell, inte ett klockslag, och fick tidningsledningarna att l\u00e4ra n\u00e5gra generationer l\u00e4sare att artiklar \u00e4r gratis, betalar g\u00f6r bara boomers.<\/p>\n\n\n\n<p class=\"wp-block-paragraph\">De globala j\u00e4ttarna Google och Facebook som tog annonspengarna.<\/p>\n\n\n\n<p class=\"wp-block-paragraph\"><strong>M\u00e5ngfald och or\u00e4ttvisa<\/strong><br>Jag har gett ut en bok. Redaktionerna har haft v\u00e4nligheten att ber\u00e4tta om den. Tj\u00e4na pengar kommer jag inte att g\u00f6ra, inte g\u00e5 med plus, men jag hade n\u00e5got att s\u00e4ga och det ville jag f\u00e5 ut.<\/p>\n\n\n\n<p class=\"wp-block-paragraph\">Om m\u00e5ngfald.<br>Om en or\u00e4ttvis v\u00e4rld.<br>Om vikten f\u00f6r \u00e4ldre herrar av att l\u00e4mna PSA-prov och ha sjuk\/olycksfallsf\u00f6rs\u00e4kring.<br>Om att skratta lite grand ibland och ha distans till sig sj\u00e4lv.<\/p>\n\n\n\n<p class=\"wp-block-paragraph\"><strong>Den nya rollen<\/strong><br>Hade det h\u00e4nt n\u00e5got med yrkesrollen? Jo du. Tidningsreporter K fotograferade sj\u00e4lv &#8211; med mobil. (Och tog en genial bild). Radioreporter A filmade mig i alla t\u00e4nkbara vinklar och skrev text. TV-reporter M skrev text f\u00f6r publicering \u00e4ven hon. Webbredakt\u00f6r C skrev f\u00f6r n\u00e4tet, det hade ingen h\u00f6rt talas om p\u00e5 Journalisth\u00f6gskolan 1974.<\/p>\n\n\n\n<p class=\"wp-block-paragraph\">Alla kom ensamma, inga team.<br>Dubbla jobb, tredubbel stress (utan att det m\u00e4rktes p\u00e5 dem).<br>Som m\u00e5lgrupp fick vi m\u00e5nga s\u00e4tt att l\u00e4sa texten, m\u00e5nga s\u00e4tt att lyssna och se inslagen, \u00e4ven efter\u00e5t.<\/p>\n\n\n\n<p class=\"wp-block-paragraph\"><strong>Marginaliserat yrke: fotograf<\/strong><br>En g\u00e5ng i tiden var journalistk\u00e5ren teknikfientlig. Vem ville skriva p\u00e5 ordbehandlare n\u00e4r det fanns skrivmaskin?<br><br>Vem hade trott att yrket fotograf skulle marginaliseras s\u00e5?<br>Jag gillar internet och sociala medier och nyttjar dem st\u00e4ndigt. Men k\u00e4ra n\u00e5\u2019n vad de f\u00f6r\u00e4ndrat journalistrollen och krympt papperstidningarnas upplagor.<\/p>\n\n\n\n<p class=\"wp-block-paragraph\">N\u00e5gra l\u00e4sare blev klokare.<br>N\u00e5gra blev dummare.<\/p>\n\n\n\n<p class=\"has-light-blue-background-color has-background wp-block-paragraph\"><a href=\"https:\/\/sven-ove.nu\/\">Hem<\/a>&nbsp;|&nbsp;<a href=\"https:\/\/sven-ove.nu\/?page_id=170\">Om mig<\/a>&nbsp;|&nbsp;<a href=\"https:\/\/sven-ove.nu\/?page_id=1385\">Skriva &amp; prata<\/a>&nbsp;|&nbsp;<a href=\"https:\/\/sven-ove.nu\/?page_id=100\">Politik<\/a>&nbsp;|&nbsp;<a href=\"https:\/\/sven-ove.nu\/?page_id=102\">L\u00f6pa<\/a>&nbsp;|&nbsp;<a href=\"https:\/\/sven-ove.nu\/?page_id=108\">Viktor Root<\/a>&nbsp;&nbsp;<br><em>Inl\u00e4gg nr 2 271, (c) Sven-Ove Svensson (men dela g\u00e4rna<\/em>).<\/p>\n","protected":false},"excerpt":{"rendered":"<p>Det \u00e4r intressant att f\u00f6r ett \u00f6gonblick hamna i mediernas intresse. Pl\u00f6tsligt inser jag hur mycket mitt gamla journalistyrke f\u00f6r\u00e4ndrats. \u201dF\u00f6r\u00e4ndrat sig\u201d h\u00f6ll jag p\u00e5 att skriva. Det \u00e4r f\u00f6rst\u00e5s inte sant. F\u00f6r\u00e4ndringen st\u00e5r tekniken f\u00f6r. \u00d6verg\u00e5ngen till tabloid som \u00f6ver en natt gjorde alla nyhetsartiklar h\u00e4lften s\u00e5 l\u00e5nga och tidningssidorna mallade intill rationell n\u00f6\u2019tr\u00e5kighet. &hellip; <a href=\"https:\/\/sven-ove.nu\/?p=25478\" class=\"more-link\">Forts\u00e4tt l\u00e4sa <span class=\"screen-reader-text\">N\u00e5gra blev klokare, n\u00e5gra dummare<\/span><\/a><\/p>\n","protected":false},"author":1,"featured_media":0,"comment_status":"closed","ping_status":"open","sticky":false,"template":"","format":"standard","meta":{"_crdt_document":"","_monsterinsights_skip_tracking":false,"_monsterinsights_sitenote_active":false,"_monsterinsights_sitenote_note":"","_monsterinsights_sitenote_category":0,"footnotes":""},"categories":[28,4],"tags":[3,8,18,14,15,21,13],"class_list":["post-25478","post","type-post","status-publish","format-standard","hentry","category-kreativt-folk","category-skrivande","tag-arbete","tag-historia","tag-lardomar","tag-lasning","tag-mediedjungeln","tag-ord","tag-utrustning"],"_links":{"self":[{"href":"https:\/\/sven-ove.nu\/index.php?rest_route=\/wp\/v2\/posts\/25478","targetHints":{"allow":["GET"]}}],"collection":[{"href":"https:\/\/sven-ove.nu\/index.php?rest_route=\/wp\/v2\/posts"}],"about":[{"href":"https:\/\/sven-ove.nu\/index.php?rest_route=\/wp\/v2\/types\/post"}],"author":[{"embeddable":true,"href":"https:\/\/sven-ove.nu\/index.php?rest_route=\/wp\/v2\/users\/1"}],"replies":[{"embeddable":true,"href":"https:\/\/sven-ove.nu\/index.php?rest_route=%2Fwp%2Fv2%2Fcomments&post=25478"}],"version-history":[{"count":3,"href":"https:\/\/sven-ove.nu\/index.php?rest_route=\/wp\/v2\/posts\/25478\/revisions"}],"predecessor-version":[{"id":25483,"href":"https:\/\/sven-ove.nu\/index.php?rest_route=\/wp\/v2\/posts\/25478\/revisions\/25483"}],"wp:attachment":[{"href":"https:\/\/sven-ove.nu\/index.php?rest_route=%2Fwp%2Fv2%2Fmedia&parent=25478"}],"wp:term":[{"taxonomy":"category","embeddable":true,"href":"https:\/\/sven-ove.nu\/index.php?rest_route=%2Fwp%2Fv2%2Fcategories&post=25478"},{"taxonomy":"post_tag","embeddable":true,"href":"https:\/\/sven-ove.nu\/index.php?rest_route=%2Fwp%2Fv2%2Ftags&post=25478"}],"curies":[{"name":"wp","href":"https:\/\/api.w.org\/{rel}","templated":true}]}}