{"id":25485,"date":"2023-06-20T04:26:00","date_gmt":"2023-06-20T03:26:00","guid":{"rendered":"https:\/\/sven-ove.nu\/?p=25485"},"modified":"2023-06-20T11:36:59","modified_gmt":"2023-06-20T10:36:59","slug":"dagar-jag-vill-minnas","status":"publish","type":"post","link":"https:\/\/sven-ove.nu\/?p=25485","title":{"rendered":"Dagar jag vill minnas"},"content":{"rendered":"\n<figure class=\"wp-block-image size-large\"><a href=\"https:\/\/sven-ove.nu\/wp-content\/uploads\/2023\/06\/Anten-Grafsnas-scaled.jpeg\"><img loading=\"lazy\" decoding=\"async\" width=\"768\" height=\"1024\" src=\"https:\/\/sven-ove.nu\/wp-content\/uploads\/2023\/06\/Anten-Grafsnas-768x1024.jpeg\" alt=\"\" class=\"wp-image-25488\" srcset=\"https:\/\/sven-ove.nu\/wp-content\/uploads\/2023\/06\/Anten-Grafsnas-768x1024.jpeg 768w, https:\/\/sven-ove.nu\/wp-content\/uploads\/2023\/06\/Anten-Grafsnas-225x300.jpeg 225w, https:\/\/sven-ove.nu\/wp-content\/uploads\/2023\/06\/Anten-Grafsnas-1152x1536.jpeg 1152w, https:\/\/sven-ove.nu\/wp-content\/uploads\/2023\/06\/Anten-Grafsnas-1536x2048.jpeg 1536w, https:\/\/sven-ove.nu\/wp-content\/uploads\/2023\/06\/Anten-Grafsnas-scaled.jpeg 1920w\" sizes=\"auto, (max-width: 768px) 100vw, 768px\" \/><\/a><\/figure>\n\n\n\n<blockquote class=\"wp-block-quote is-layout-flow wp-block-quote-is-layout-flow\">\n<p class=\"wp-block-paragraph\">Det har varit dagar att minnas n\u00e4r h\u00f6sten kommer.<\/p>\n<\/blockquote>\n\n\n\n<p class=\"wp-block-paragraph\"><strong>Onsdag<\/strong>. Boksl\u00e4pp med hela mitt liv representerat i publiken, k\u00e4ndes det som. Kommer jag n\u00e5gonsin att gl\u00f6mma den kv\u00e4llen?<\/p>\n\n\n\n<p class=\"wp-block-paragraph\"><strong>Torsdag<\/strong>. Middag hos mellandotter, kramar \u00e4lskade barnbarn. Innan dess snabb bunkring av strumpor, kalsonger, t-tr\u00f6jor, springlinnen, gummist\u00f6vlar, sk\u00e4rp och shorts hos fritidsvaruhuset i Falkenberg.<\/p>\n\n\n\n<p class=\"wp-block-paragraph\"><strong>Fredag<\/strong>. Morgon hos mellandottern, fotograferar tv\u00e5 prydliga pojkar p\u00e5 v\u00e4g till skolavslutning. Kostym, slips och allm\u00e4n sommarlovsk\u00e4nsla. Forts\u00e4tter till \u00e4ldsta dottern, deltar i de barnbarnens avslutning, den \u00e4ldste g\u00e5r ur nian och h\u00e5ller tal som elevr\u00e5dsordf\u00f6rande. P\u00e5 kv\u00e4llen premi\u00e4r f\u00f6r Teaterhusets sommarf\u00f6rest\u00e4llning av klassiska proggpj\u00e4sen K\u00e5ldolmar &amp; Kalsipper i M\u00f6lndal med barnbarn b\u00e5de p\u00e5 och bakom scenen. I den jublande publiken sitter Nationalteaterns Hans Mosesson och Peter Wahlqvist fr\u00e5n originalupps\u00e4ttningen. Efter det invigning av pizzaugn hos mellandottern, \u00e4ter gudomliga pizzor inklusive efterr\u00e4ttspizza. Kramar \u00e4nnu ett barnbarn.<\/p>\n\n\n\n<p class=\"wp-block-paragraph\"><strong>L\u00f6rdag<\/strong>. Fikar i kaf\u00e9staden framf\u00f6r andra, Alings\u00e5s. Vi har lyckats hamna h\u00e4r lagom till dess potatisfestival. N\u00e4r jag springer p\u00e5 eftermiddagen passerar jag Nolhaga slott d\u00e4r Jonas Alstr\u00f6mer satte potatis s\u00e5 vi skulle ha.<\/p>\n\n\n\n<p class=\"wp-block-paragraph\"><strong>S\u00f6ndag<\/strong>. \u00c5ker med museij\u00e4rnv\u00e4gen Anten-Gr\u00e4fsn\u00e4s, vandrar runt i parken vid slottsruinen i Gr\u00e4fsn\u00e4s, den vi s\u00e5g i SVT p\u00e5 Lucia.<\/p>\n\n\n\n<p class=\"wp-block-paragraph\">\u00c5ker hem. Klipper stora m\u00e4ngder rotskott. De som alltid skjuter upp ur gr\u00e4smattan vid torka. H\u00f6r regnet smattra p\u00e5 taket. Somnar.<\/p>\n\n\n\n<p class=\"wp-block-paragraph\"><strong>M\u00e5ndag<\/strong>. Inleder det viktiga arbetet med att g\u00e5 in de nya st\u00f6vlarna fr\u00e5n Engelsons.<\/p>\n\n\n\n<p class=\"wp-block-paragraph\">Man f\u00e5r ta ett steg i taget.<\/p>\n\n\n\n<p class=\"has-light-blue-background-color has-background wp-block-paragraph\"><a href=\"https:\/\/sven-ove.nu\/\">Hem<\/a>\u00a0|\u00a0<a href=\"https:\/\/sven-ove.nu\/?page_id=170\">Om mig<\/a>\u00a0|\u00a0<a href=\"https:\/\/sven-ove.nu\/?page_id=1385\">Skriva &amp; prata<\/a>\u00a0|\u00a0<a href=\"https:\/\/sven-ove.nu\/?page_id=100\">Politik<\/a>\u00a0|\u00a0<a href=\"https:\/\/sven-ove.nu\/?page_id=102\">L\u00f6pa<\/a>\u00a0|\u00a0<a href=\"https:\/\/sven-ove.nu\/?page_id=108\">Viktor Root<\/a>\u00a0\u00a0<br><em>Inl\u00e4gg nr 2 272, (c) Sven-Ove Svensson (men dela g\u00e4rna<\/em>).<\/p>\n\n\n<p><span style=\"color: #ff6600;\"><strong>H\u00e4r kan du provl\u00e4sa ur min bok och best\u00e4lla den, b\u00e5de som tryckt bok och som e-bok. V\u00e4lkommen!<\/strong><\/span><\/p>\n<p><!-- ### Begin BoD ShopWidget --><\/p>\n<div id=\"bodShopWidget_4141158_print\" class=\"bodShopWidget\">&nbsp;<\/div>\n<p><script type=\"text\/javascript\">if(typeof checkLibExist == \"undefined\"){var script = document.createElement(\"script\");script.src =\"\/\/www.bod.se\/public\/js\/bod\/v1.1\/shopWidget.min.js\";script.type = \"text\/javascript\";document.head.appendChild(script);var checkLibExist = true;}if(typeof books === \"undefined\") var books=[];books.push({\"objID\":\"4141158\",\"swKey\":\"8545d47796f26f938202464032860f10\",\"type\":\"print\",\"size\":\"small\",\"font\":\"nonSerif\",\"shadow\":false,\"contour\":false,\"coverContour\":false,\"fontColor\":\"#212529\",\"contourColor\":\"#212529\",\"shadowBtn\":false,\"contourBtn\":true,\"bgColor\":\"#fff\",\"btnFontColor\":\"#fff\",\"btnColor\":\"#fd6041\",\"btnContourColor\":\"#fd6041\",\"shop\":\"se\",\"lang\":\"se\"});<\/script><br><!-- ### End BoD ShopWidget\n<\/p>\n\n\n\n\n\n\n\n\n\n\n\n\n\n\n\n\n\n\n\n\n\n\n\n\n\n--><\/p>\n\n\n<figure class=\"wp-block-image size-large is-resized\"><a href=\"https:\/\/sven-ove.nu\/wp-content\/uploads\/2023\/06\/Kaldolmar-scaled.jpeg\"><img loading=\"lazy\" decoding=\"async\" src=\"https:\/\/sven-ove.nu\/wp-content\/uploads\/2023\/06\/Kaldolmar-768x1024.jpeg\" alt=\"\" class=\"wp-image-25487\" width=\"576\" height=\"768\" srcset=\"https:\/\/sven-ove.nu\/wp-content\/uploads\/2023\/06\/Kaldolmar-768x1024.jpeg 768w, https:\/\/sven-ove.nu\/wp-content\/uploads\/2023\/06\/Kaldolmar-225x300.jpeg 225w, https:\/\/sven-ove.nu\/wp-content\/uploads\/2023\/06\/Kaldolmar-1152x1536.jpeg 1152w, https:\/\/sven-ove.nu\/wp-content\/uploads\/2023\/06\/Kaldolmar-1536x2048.jpeg 1536w, https:\/\/sven-ove.nu\/wp-content\/uploads\/2023\/06\/Kaldolmar-scaled.jpeg 1920w\" sizes=\"auto, (max-width: 576px) 100vw, 576px\" \/><\/a><\/figure>\n\n\n\n<figure class=\"wp-block-image size-large is-resized\"><a href=\"https:\/\/sven-ove.nu\/wp-content\/uploads\/2023\/06\/Bokpremiar-scaled.jpg\"><img loading=\"lazy\" decoding=\"async\" src=\"https:\/\/sven-ove.nu\/wp-content\/uploads\/2023\/06\/Bokpremiar-768x1024.jpg\" alt=\"\" class=\"wp-image-25486\" width=\"384\" height=\"512\" srcset=\"https:\/\/sven-ove.nu\/wp-content\/uploads\/2023\/06\/Bokpremiar-768x1024.jpg 768w, https:\/\/sven-ove.nu\/wp-content\/uploads\/2023\/06\/Bokpremiar-225x300.jpg 225w, https:\/\/sven-ove.nu\/wp-content\/uploads\/2023\/06\/Bokpremiar-1152x1536.jpg 1152w, https:\/\/sven-ove.nu\/wp-content\/uploads\/2023\/06\/Bokpremiar-1536x2048.jpg 1536w, https:\/\/sven-ove.nu\/wp-content\/uploads\/2023\/06\/Bokpremiar-scaled.jpg 1920w\" sizes=\"auto, (max-width: 384px) 100vw, 384px\" \/><\/a><\/figure>\n","protected":false},"excerpt":{"rendered":"<p>Det har varit dagar att minnas n\u00e4r h\u00f6sten kommer. Onsdag. Boksl\u00e4pp med hela mitt liv representerat i publiken, k\u00e4ndes det som. Kommer jag n\u00e5gonsin att gl\u00f6mma den kv\u00e4llen? Torsdag. Middag hos mellandotter, kramar \u00e4lskade barnbarn. Innan dess snabb bunkring av strumpor, kalsonger, t-tr\u00f6jor, springlinnen, gummist\u00f6vlar, sk\u00e4rp och shorts hos fritidsvaruhuset i Falkenberg. Fredag. Morgon hos &hellip; <a href=\"https:\/\/sven-ove.nu\/?p=25485\" class=\"more-link\">Forts\u00e4tt l\u00e4sa <span class=\"screen-reader-text\">Dagar jag vill minnas<\/span><\/a><\/p>\n","protected":false},"author":1,"featured_media":0,"comment_status":"closed","ping_status":"open","sticky":false,"template":"","format":"standard","meta":{"_crdt_document":"","_monsterinsights_skip_tracking":false,"_monsterinsights_sitenote_active":false,"_monsterinsights_sitenote_note":"","_monsterinsights_sitenote_category":0,"footnotes":""},"categories":[10,28,5],"tags":[8,24,17],"class_list":["post-25485","post","type-post","status-publish","format-standard","hentry","category-familjen","category-kreativt-folk","category-lopning","tag-historia","tag-karlek","tag-solidaritet"],"_links":{"self":[{"href":"https:\/\/sven-ove.nu\/index.php?rest_route=\/wp\/v2\/posts\/25485","targetHints":{"allow":["GET"]}}],"collection":[{"href":"https:\/\/sven-ove.nu\/index.php?rest_route=\/wp\/v2\/posts"}],"about":[{"href":"https:\/\/sven-ove.nu\/index.php?rest_route=\/wp\/v2\/types\/post"}],"author":[{"embeddable":true,"href":"https:\/\/sven-ove.nu\/index.php?rest_route=\/wp\/v2\/users\/1"}],"replies":[{"embeddable":true,"href":"https:\/\/sven-ove.nu\/index.php?rest_route=%2Fwp%2Fv2%2Fcomments&post=25485"}],"version-history":[{"count":18,"href":"https:\/\/sven-ove.nu\/index.php?rest_route=\/wp\/v2\/posts\/25485\/revisions"}],"predecessor-version":[{"id":25521,"href":"https:\/\/sven-ove.nu\/index.php?rest_route=\/wp\/v2\/posts\/25485\/revisions\/25521"}],"wp:attachment":[{"href":"https:\/\/sven-ove.nu\/index.php?rest_route=%2Fwp%2Fv2%2Fmedia&parent=25485"}],"wp:term":[{"taxonomy":"category","embeddable":true,"href":"https:\/\/sven-ove.nu\/index.php?rest_route=%2Fwp%2Fv2%2Fcategories&post=25485"},{"taxonomy":"post_tag","embeddable":true,"href":"https:\/\/sven-ove.nu\/index.php?rest_route=%2Fwp%2Fv2%2Ftags&post=25485"}],"curies":[{"name":"wp","href":"https:\/\/api.w.org\/{rel}","templated":true}]}}