{"id":25510,"date":"2023-06-21T04:25:00","date_gmt":"2023-06-21T03:25:00","guid":{"rendered":"https:\/\/sven-ove.nu\/?p=25510"},"modified":"2023-06-20T16:50:05","modified_gmt":"2023-06-20T15:50:05","slug":"haller-sa-anders","status":"publish","type":"post","link":"https:\/\/sven-ove.nu\/?p=25510","title":{"rendered":"&#8221;H\u00e5ller!&#8221; sa Anders"},"content":{"rendered":"\n<figure class=\"wp-block-image size-large\"><a href=\"https:\/\/sven-ove.nu\/wp-content\/uploads\/2023\/06\/Gubben-i-korgen.jpeg\"><img loading=\"lazy\" decoding=\"async\" width=\"1024\" height=\"904\" src=\"https:\/\/sven-ove.nu\/wp-content\/uploads\/2023\/06\/Gubben-i-korgen-1024x904.jpeg\" alt=\"\" class=\"wp-image-25511\" srcset=\"https:\/\/sven-ove.nu\/wp-content\/uploads\/2023\/06\/Gubben-i-korgen-1024x904.jpeg 1024w, https:\/\/sven-ove.nu\/wp-content\/uploads\/2023\/06\/Gubben-i-korgen-300x265.jpeg 300w, https:\/\/sven-ove.nu\/wp-content\/uploads\/2023\/06\/Gubben-i-korgen-768x678.jpeg 768w, https:\/\/sven-ove.nu\/wp-content\/uploads\/2023\/06\/Gubben-i-korgen-1536x1357.jpeg 1536w, https:\/\/sven-ove.nu\/wp-content\/uploads\/2023\/06\/Gubben-i-korgen-2048x1809.jpeg 2048w\" sizes=\"auto, (max-width: 1024px) 100vw, 1024px\" \/><\/a><\/figure>\n\n\n\n<blockquote class=\"wp-block-quote is-layout-flow wp-block-quote-is-layout-flow\">\n<p class=\"wp-block-paragraph\">S\u00e4ger en bild mer \u00e4n tusen ord? Nja, det \u00e4r upp till betraktaren hur mycket medskapare hen vill vara.<\/p>\n<\/blockquote>\n\n\n\n<p class=\"wp-block-paragraph\">Det h\u00e4r \u00e4r hur som helst min bildber\u00e4ttelse om <a href=\"https:\/\/www.nortic.se\/ticket\/event\/46735\">K\u00e5ldolmar &amp; Kalsipper<\/a>. Nyuppf\u00f6rd pj\u00e4s men ocks\u00e5 en av de proggskivor fr\u00e5n 70-talet vi har som fortfarande h\u00e5ller.<\/p>\n\n\n\n<p class=\"wp-block-paragraph\">H\u00e5ller. Han sa s\u00e5, v\u00e5r v\u00e4n Anders, n\u00e4r han guidade oss l\u00e4ngs sm\u00e5l\u00e4ndska sp\u00e4nger och in i proggv\u00e5gens viktigare vinylutgivning.<\/p>\n\n\n\n<p class=\"wp-block-paragraph\">Anders \u00e4r borta nu. Saknad.<\/p>\n\n\n\n<p class=\"wp-block-paragraph\"><strong>Stor igenk\u00e4nning<\/strong><br>Kanske hade han gillat att Teaterhuset i M\u00f6lndal ger sig p\u00e5 att spela Nationalteaterns l\u00e5tar och ber\u00e4ttelse som sommarspel i \u00e5r. Jag tror det. Jag tror ocks\u00e5 att Hans Mosesson och Peter Wahlqvist fr\u00e5n Nationalteatern tyckte om vad de s\u00e5g och h\u00f6rde p\u00e5 premi\u00e4ren. De s\u00e5g s\u00e5 ut.<\/p>\n\n\n\n<p class=\"wp-block-paragraph\">F\u00f6r oss var det stor igenk\u00e4nning n\u00e4r vi s\u00e5g f\u00f6rest\u00e4llningen i en gl\u00e4nta i utkanten av M\u00f6lndal i l\u00f6rdags. De unga sk\u00e5despelarna har f\u00f6rvaltat s\u00e5nger och manus v\u00e4l.<\/p>\n\n\n\n<p class=\"wp-block-paragraph\">Det \u00e4r bara att gratulera.<\/p>\n\n\n\n<p class=\"wp-block-paragraph\"><strong>Fungerar f\u00f6r alla \u00e5ldrar<\/strong><br>Grattis \u00e4ven till v\u00e5rt barnbarn regiassistenten bakom scenen och hans syster p\u00e5 scenen.<\/p>\n\n\n\n<p class=\"wp-block-paragraph\">G\u00e5 och se den h\u00e4r familjef\u00f6rest\u00e4llningen, du som kan. Den fungerar f\u00f6r dig som minns progg\u00e5ren &#8211; men \u00e4ven f\u00f6r dig som \u00e4r f\u00f6r ung f\u00f6r att minnas. Nuf\u00f6rtiden \u00e4r det inte varje dag vi f\u00e5r se teater om motst\u00e5nd mot f\u00f6rtryck.<\/p>\n\n\n\n<p class=\"wp-block-paragraph\">Personligen tycker jag dessutom om att se en arg gubbe i en korg som ropar \u201dB\u00c4R MIG!\u201d.<\/p>\n\n\n\n<p class=\"wp-block-paragraph\">H\u00e5ller.<\/p>\n\n\n\n<figure class=\"wp-block-image size-large\"><a href=\"https:\/\/sven-ove.nu\/wp-content\/uploads\/2023\/06\/Tjanaren-scaled.jpeg\"><img loading=\"lazy\" decoding=\"async\" width=\"768\" height=\"1024\" src=\"https:\/\/sven-ove.nu\/wp-content\/uploads\/2023\/06\/Tjanaren-768x1024.jpeg\" alt=\"\" class=\"wp-image-25512\" srcset=\"https:\/\/sven-ove.nu\/wp-content\/uploads\/2023\/06\/Tjanaren-768x1024.jpeg 768w, https:\/\/sven-ove.nu\/wp-content\/uploads\/2023\/06\/Tjanaren-225x300.jpeg 225w, https:\/\/sven-ove.nu\/wp-content\/uploads\/2023\/06\/Tjanaren-1152x1536.jpeg 1152w, https:\/\/sven-ove.nu\/wp-content\/uploads\/2023\/06\/Tjanaren-1536x2048.jpeg 1536w, https:\/\/sven-ove.nu\/wp-content\/uploads\/2023\/06\/Tjanaren-scaled.jpeg 1920w\" sizes=\"auto, (max-width: 768px) 100vw, 768px\" \/><\/a><\/figure>\n\n\n\n<figure class=\"wp-block-image size-large\"><a href=\"https:\/\/sven-ove.nu\/wp-content\/uploads\/2023\/06\/Sjorovar-Jenny.jpeg\"><img loading=\"lazy\" decoding=\"async\" width=\"969\" height=\"1024\" src=\"https:\/\/sven-ove.nu\/wp-content\/uploads\/2023\/06\/Sjorovar-Jenny-969x1024.jpeg\" alt=\"\" class=\"wp-image-25513\" srcset=\"https:\/\/sven-ove.nu\/wp-content\/uploads\/2023\/06\/Sjorovar-Jenny-969x1024.jpeg 969w, https:\/\/sven-ove.nu\/wp-content\/uploads\/2023\/06\/Sjorovar-Jenny-284x300.jpeg 284w, https:\/\/sven-ove.nu\/wp-content\/uploads\/2023\/06\/Sjorovar-Jenny-768x812.jpeg 768w, https:\/\/sven-ove.nu\/wp-content\/uploads\/2023\/06\/Sjorovar-Jenny-1453x1536.jpeg 1453w, https:\/\/sven-ove.nu\/wp-content\/uploads\/2023\/06\/Sjorovar-Jenny.jpeg 1916w\" sizes=\"auto, (max-width: 969px) 100vw, 969px\" \/><\/a><\/figure>\n\n\n\n<figure class=\"wp-block-image size-large\"><a href=\"https:\/\/sven-ove.nu\/wp-content\/uploads\/2023\/06\/Valen-scaled.jpeg\"><img loading=\"lazy\" decoding=\"async\" width=\"1024\" height=\"815\" src=\"https:\/\/sven-ove.nu\/wp-content\/uploads\/2023\/06\/Valen-1024x815.jpeg\" alt=\"\" class=\"wp-image-25514\" srcset=\"https:\/\/sven-ove.nu\/wp-content\/uploads\/2023\/06\/Valen-1024x815.jpeg 1024w, https:\/\/sven-ove.nu\/wp-content\/uploads\/2023\/06\/Valen-300x239.jpeg 300w, https:\/\/sven-ove.nu\/wp-content\/uploads\/2023\/06\/Valen-768x611.jpeg 768w, https:\/\/sven-ove.nu\/wp-content\/uploads\/2023\/06\/Valen-1536x1222.jpeg 1536w, https:\/\/sven-ove.nu\/wp-content\/uploads\/2023\/06\/Valen-2048x1629.jpeg 2048w\" sizes=\"auto, (max-width: 1024px) 100vw, 1024px\" \/><\/a><\/figure>\n\n\n\n<figure class=\"wp-block-image size-large\"><a href=\"https:\/\/sven-ove.nu\/wp-content\/uploads\/2023\/06\/Blommor-till-Peter-och-Hans-scaled.jpeg\"><img loading=\"lazy\" decoding=\"async\" width=\"1024\" height=\"807\" src=\"https:\/\/sven-ove.nu\/wp-content\/uploads\/2023\/06\/Blommor-till-Peter-och-Hans-1024x807.jpeg\" alt=\"\" class=\"wp-image-25515\" srcset=\"https:\/\/sven-ove.nu\/wp-content\/uploads\/2023\/06\/Blommor-till-Peter-och-Hans-1024x807.jpeg 1024w, https:\/\/sven-ove.nu\/wp-content\/uploads\/2023\/06\/Blommor-till-Peter-och-Hans-300x237.jpeg 300w, https:\/\/sven-ove.nu\/wp-content\/uploads\/2023\/06\/Blommor-till-Peter-och-Hans-768x605.jpeg 768w, https:\/\/sven-ove.nu\/wp-content\/uploads\/2023\/06\/Blommor-till-Peter-och-Hans-1536x1211.jpeg 1536w, https:\/\/sven-ove.nu\/wp-content\/uploads\/2023\/06\/Blommor-till-Peter-och-Hans-2048x1615.jpeg 2048w\" sizes=\"auto, (max-width: 1024px) 100vw, 1024px\" \/><\/a><\/figure>\n\n\n\n<figure class=\"wp-block-image size-large\"><a href=\"https:\/\/sven-ove.nu\/wp-content\/uploads\/2023\/06\/Gubbe-moter-gubbe-scaled.jpeg\"><img loading=\"lazy\" decoding=\"async\" width=\"768\" height=\"1024\" src=\"https:\/\/sven-ove.nu\/wp-content\/uploads\/2023\/06\/Gubbe-moter-gubbe-768x1024.jpeg\" alt=\"\" class=\"wp-image-25516\" srcset=\"https:\/\/sven-ove.nu\/wp-content\/uploads\/2023\/06\/Gubbe-moter-gubbe-768x1024.jpeg 768w, https:\/\/sven-ove.nu\/wp-content\/uploads\/2023\/06\/Gubbe-moter-gubbe-225x300.jpeg 225w, https:\/\/sven-ove.nu\/wp-content\/uploads\/2023\/06\/Gubbe-moter-gubbe-1152x1536.jpeg 1152w, https:\/\/sven-ove.nu\/wp-content\/uploads\/2023\/06\/Gubbe-moter-gubbe-1536x2048.jpeg 1536w, https:\/\/sven-ove.nu\/wp-content\/uploads\/2023\/06\/Gubbe-moter-gubbe-scaled.jpeg 1920w\" sizes=\"auto, (max-width: 768px) 100vw, 768px\" \/><\/a><\/figure>\n\n\n\n<figure class=\"wp-block-image size-large\"><a href=\"https:\/\/sven-ove.nu\/wp-content\/uploads\/2023\/06\/Skivan.jpeg\"><img loading=\"lazy\" decoding=\"async\" width=\"1024\" height=\"1024\" src=\"https:\/\/sven-ove.nu\/wp-content\/uploads\/2023\/06\/Skivan-1024x1024.jpeg\" alt=\"\" class=\"wp-image-25517\" srcset=\"https:\/\/sven-ove.nu\/wp-content\/uploads\/2023\/06\/Skivan-1024x1024.jpeg 1024w, https:\/\/sven-ove.nu\/wp-content\/uploads\/2023\/06\/Skivan-300x300.jpeg 300w, https:\/\/sven-ove.nu\/wp-content\/uploads\/2023\/06\/Skivan-150x150.jpeg 150w, https:\/\/sven-ove.nu\/wp-content\/uploads\/2023\/06\/Skivan-768x768.jpeg 768w, https:\/\/sven-ove.nu\/wp-content\/uploads\/2023\/06\/Skivan-1536x1536.jpeg 1536w, https:\/\/sven-ove.nu\/wp-content\/uploads\/2023\/06\/Skivan-2048x2048.jpeg 2048w\" sizes=\"auto, (max-width: 1024px) 100vw, 1024px\" \/><\/a><\/figure>\n\n\n\n<p class=\"has-background wp-block-paragraph\" style=\"background-color:#c3eab5\"><a href=\"https:\/\/sven-ove.nu\/\">Hem<\/a>&nbsp;|&nbsp;<a href=\"https:\/\/sven-ove.nu\/?page_id=170\">Om mig<\/a>&nbsp;|&nbsp;<a href=\"https:\/\/sven-ove.nu\/?page_id=1385\">Skriva &amp; prata<\/a>&nbsp;|&nbsp;<a href=\"https:\/\/sven-ove.nu\/?page_id=100\">Politik<\/a>&nbsp;|&nbsp;<a href=\"https:\/\/sven-ove.nu\/?page_id=102\">L\u00f6pa<\/a>&nbsp;|&nbsp;<a href=\"https:\/\/sven-ove.nu\/?page_id=108\">Viktor Root<\/a>&nbsp;&nbsp;<br><em>Inl\u00e4gg nr 2 273, (c) Sven-Ove Svensson (men dela g\u00e4rna<\/em>).<\/p>\n","protected":false},"excerpt":{"rendered":"<p>S\u00e4ger en bild mer \u00e4n tusen ord? Nja, det \u00e4r upp till betraktaren hur mycket medskapare hen vill vara. Det h\u00e4r \u00e4r hur som helst min bildber\u00e4ttelse om K\u00e5ldolmar &amp; Kalsipper. Nyuppf\u00f6rd pj\u00e4s men ocks\u00e5 en av de proggskivor fr\u00e5n 70-talet vi har som fortfarande h\u00e5ller. H\u00e5ller. Han sa s\u00e5, v\u00e5r v\u00e4n Anders, n\u00e4r han &hellip; <a href=\"https:\/\/sven-ove.nu\/?p=25510\" class=\"more-link\">Forts\u00e4tt l\u00e4sa <span class=\"screen-reader-text\">&#8221;H\u00e5ller!&#8221; sa Anders<\/span><\/a><\/p>\n","protected":false},"author":1,"featured_media":0,"comment_status":"closed","ping_status":"open","sticky":false,"template":"","format":"standard","meta":{"_crdt_document":"","_monsterinsights_skip_tracking":false,"_monsterinsights_sitenote_active":false,"_monsterinsights_sitenote_note":"","_monsterinsights_sitenote_category":0,"footnotes":""},"categories":[10,28,9],"tags":[8,17],"class_list":["post-25510","post","type-post","status-publish","format-standard","hentry","category-familjen","category-kreativt-folk","category-politik","tag-historia","tag-solidaritet"],"_links":{"self":[{"href":"https:\/\/sven-ove.nu\/index.php?rest_route=\/wp\/v2\/posts\/25510","targetHints":{"allow":["GET"]}}],"collection":[{"href":"https:\/\/sven-ove.nu\/index.php?rest_route=\/wp\/v2\/posts"}],"about":[{"href":"https:\/\/sven-ove.nu\/index.php?rest_route=\/wp\/v2\/types\/post"}],"author":[{"embeddable":true,"href":"https:\/\/sven-ove.nu\/index.php?rest_route=\/wp\/v2\/users\/1"}],"replies":[{"embeddable":true,"href":"https:\/\/sven-ove.nu\/index.php?rest_route=%2Fwp%2Fv2%2Fcomments&post=25510"}],"version-history":[{"count":10,"href":"https:\/\/sven-ove.nu\/index.php?rest_route=\/wp\/v2\/posts\/25510\/revisions"}],"predecessor-version":[{"id":25528,"href":"https:\/\/sven-ove.nu\/index.php?rest_route=\/wp\/v2\/posts\/25510\/revisions\/25528"}],"wp:attachment":[{"href":"https:\/\/sven-ove.nu\/index.php?rest_route=%2Fwp%2Fv2%2Fmedia&parent=25510"}],"wp:term":[{"taxonomy":"category","embeddable":true,"href":"https:\/\/sven-ove.nu\/index.php?rest_route=%2Fwp%2Fv2%2Fcategories&post=25510"},{"taxonomy":"post_tag","embeddable":true,"href":"https:\/\/sven-ove.nu\/index.php?rest_route=%2Fwp%2Fv2%2Ftags&post=25510"}],"curies":[{"name":"wp","href":"https:\/\/api.w.org\/{rel}","templated":true}]}}