{"id":2553,"date":"2012-06-27T04:00:22","date_gmt":"2012-06-27T03:00:22","guid":{"rendered":"http:\/\/sven-ove.nu\/?p=2553"},"modified":"2012-06-26T20:41:10","modified_gmt":"2012-06-26T19:41:10","slug":"kop-litt%e2%80%99-rosor","status":"publish","type":"post","link":"https:\/\/sven-ove.nu\/?p=2553","title":{"rendered":"K\u00f6p litt\u2019 rosor"},"content":{"rendered":"<p>Utflykt, stilla junikv\u00e4ll f\u00f6re midsommar. Det \u00e4r jag och kartritaren, han som vet vad f\u00e5glar och fj\u00e4rilar heter. Kv\u00e4llen \u00e4r full av dofter och ljud n\u00e4r vi parkerar bortom bilskroten och V\u00e4rmlandstomten.<\/p>\n<p>P\u00e5 jobbet \u00e4r det hysteriskt, jag ska tillbaka hem och jobba efter\u00e5t, men det s\u00e4ger jag inte. Sommarskymningen ger st\u00e4mning, v\u00e5rt stilla lyssnande g\u00f6r sj\u00e4len lugn. En tapet av f\u00e5gels\u00e5ng, b\u00e4ttre ro g\u00e5r inte att f\u00e5 i juni.<\/p>\n<p>En buskskv\u00e4tta p\u00e5 en elledning. En r\u00e4vunge som kommer g\u00e5ende mot oss p\u00e5 den lilla gr\u00e4s- och grusv\u00e4gen intill j\u00e4rnv\u00e4gen, nej, tv\u00e5 stycken \u00e4r det. Vi st\u00e5r stilla, sjunker f\u00f6rsiktigt ner p\u00e5 kn\u00e4 i skydd av ett buskage och ser dem obekymrat vandra mot oss.<\/p>\n<p>Enkelbeckasinen dyker och l\u00e5ter stj\u00e4rtfj\u00e4drarna skapa det ljud han \u00e4r ensam om. Fj\u00e4rilsk\u00e4nnaren visar p\u00e5 en nykl\u00e4ckt skogsn\u00e4tfj\u00e4ril. Den sitter kvar p\u00e5 sitt str\u00e5 n\u00e4r han lyfter upp det och f\u00f6rsiktigt visar mig vingm\u00f6nstret, n\u00e4ra. Det \u00e4r verkligen ett n\u00e4t.<\/p>\n<p>N\u00e5gra korpar br\u00e5kar h\u00f6gljutt inne i skogen. I skogskanten str\u00f6var en r\u00e5bock. Sj\u00e4lv tittar jag efter vildsvin, som n\u00e5gon s\u00e5g h\u00e4r f\u00f6r en vecka sedan. Allt jag ser \u00e4r en r\u00e5get i andra \u00e4nden av g\u00e4rdet.<\/p>\n<p style=\"padding-left: 30px;\"><strong>Nu \u2013 h\u00f6r han rosenfinken. L\u00e5ngt bortanf\u00f6r j\u00e4rnv\u00e4gen, d\u00e4r skogen mest \u00e4r en bl\u00f6tmyr, h\u00f6rs den. F\u00e5geln som jag aldrig har sett.<\/strong><\/p>\n<p>Tjugo minuter senare har jag sk\u00e5dat den vackre. Vi har vadat, smugit, spejat med kikare och h\u00f6rsel och vadat igen. Vackert hallonr\u00f6tt br\u00f6st och en s\u00e5ng som den gamle telegrafisten inom mig prelimin\u00e4rt \u00f6vers\u00e4tter till \u201d<em>k\u00f6p litt\u2019 ro-sor<\/em>\u201d. Vad han s\u00e4ger i december i Indien och Sydostasien vet jag inte. I England s\u00e4ger han \u201d<em>pleased to meet you<\/em>\u201d.<\/p>\n<p>Fullkomligt avstressade \u00e5ker vi hem\u00e5t och jag kan \u00f6ppna datorn. Just det, det var de d\u00e4r powerpointbilderna jag m\u00e5ste g\u00f6ra tills i morgon bitti. L\u00e4nge l\u00e4nge ser jag n\u00e5gonting annat \u00e4n jobb f\u00f6r min inre blick i juninatten. Jag ser en karmosinr\u00f6d f\u00e5gel med g\u00e4ll r\u00f6st, inte arbetets bilder.<\/p>\n<p>Han tycker jag ska k\u00f6pa lite rosor.<\/p>\n","protected":false},"excerpt":{"rendered":"<p>Utflykt, stilla junikv\u00e4ll f\u00f6re midsommar. Det \u00e4r jag och kartritaren, han som vet vad f\u00e5glar och fj\u00e4rilar heter. Kv\u00e4llen \u00e4r full av dofter och ljud n\u00e4r vi parkerar bortom bilskroten och V\u00e4rmlandstomten. P\u00e5 jobbet \u00e4r det hysteriskt, jag ska tillbaka hem och jobba efter\u00e5t, men det s\u00e4ger jag inte. Sommarskymningen ger st\u00e4mning, v\u00e5rt stilla lyssnande &hellip; <a href=\"https:\/\/sven-ove.nu\/?p=2553\" class=\"more-link\">Forts\u00e4tt l\u00e4sa <span class=\"screen-reader-text\">K\u00f6p litt\u2019 rosor<\/span><\/a><\/p>\n","protected":false},"author":1,"featured_media":0,"comment_status":"open","ping_status":"open","sticky":false,"template":"","format":"standard","meta":{"_crdt_document":"","_monsterinsights_skip_tracking":false,"_monsterinsights_sitenote_active":false,"_monsterinsights_sitenote_note":"","_monsterinsights_sitenote_category":0,"footnotes":""},"categories":[6],"tags":[],"class_list":["post-2553","post","type-post","status-publish","format-standard","hentry","category-natur"],"_links":{"self":[{"href":"https:\/\/sven-ove.nu\/index.php?rest_route=\/wp\/v2\/posts\/2553","targetHints":{"allow":["GET"]}}],"collection":[{"href":"https:\/\/sven-ove.nu\/index.php?rest_route=\/wp\/v2\/posts"}],"about":[{"href":"https:\/\/sven-ove.nu\/index.php?rest_route=\/wp\/v2\/types\/post"}],"author":[{"embeddable":true,"href":"https:\/\/sven-ove.nu\/index.php?rest_route=\/wp\/v2\/users\/1"}],"replies":[{"embeddable":true,"href":"https:\/\/sven-ove.nu\/index.php?rest_route=%2Fwp%2Fv2%2Fcomments&post=2553"}],"version-history":[{"count":3,"href":"https:\/\/sven-ove.nu\/index.php?rest_route=\/wp\/v2\/posts\/2553\/revisions"}],"predecessor-version":[{"id":2555,"href":"https:\/\/sven-ove.nu\/index.php?rest_route=\/wp\/v2\/posts\/2553\/revisions\/2555"}],"wp:attachment":[{"href":"https:\/\/sven-ove.nu\/index.php?rest_route=%2Fwp%2Fv2%2Fmedia&parent=2553"}],"wp:term":[{"taxonomy":"category","embeddable":true,"href":"https:\/\/sven-ove.nu\/index.php?rest_route=%2Fwp%2Fv2%2Fcategories&post=2553"},{"taxonomy":"post_tag","embeddable":true,"href":"https:\/\/sven-ove.nu\/index.php?rest_route=%2Fwp%2Fv2%2Ftags&post=2553"}],"curies":[{"name":"wp","href":"https:\/\/api.w.org\/{rel}","templated":true}]}}