{"id":25530,"date":"2023-06-29T05:03:35","date_gmt":"2023-06-29T04:03:35","guid":{"rendered":"https:\/\/sven-ove.nu\/?p=25530"},"modified":"2023-06-29T05:12:21","modified_gmt":"2023-06-29T04:12:21","slug":"tanken-vet-inte-att-kroppen-gar-sakta","status":"publish","type":"post","link":"https:\/\/sven-ove.nu\/?p=25530","title":{"rendered":"Tanken vet inte att kroppen g\u00e5r sakta"},"content":{"rendered":"\n<figure class=\"wp-block-image size-full is-resized\"><a href=\"https:\/\/sven-ove.nu\/wp-content\/uploads\/2023\/06\/Foto-Per-Inge-Berg.jpg\"><img loading=\"lazy\" decoding=\"async\" src=\"https:\/\/sven-ove.nu\/wp-content\/uploads\/2023\/06\/Foto-Per-Inge-Berg.jpg\" alt=\"\" class=\"wp-image-25531\" width=\"690\" height=\"690\" srcset=\"https:\/\/sven-ove.nu\/wp-content\/uploads\/2023\/06\/Foto-Per-Inge-Berg.jpg 1017w, https:\/\/sven-ove.nu\/wp-content\/uploads\/2023\/06\/Foto-Per-Inge-Berg-300x300.jpg 300w, https:\/\/sven-ove.nu\/wp-content\/uploads\/2023\/06\/Foto-Per-Inge-Berg-150x150.jpg 150w, https:\/\/sven-ove.nu\/wp-content\/uploads\/2023\/06\/Foto-Per-Inge-Berg-768x768.jpg 768w\" sizes=\"auto, (max-width: 690px) 100vw, 690px\" \/><\/a><\/figure>\n\n\n\n<blockquote class=\"wp-block-quote is-layout-flow wp-block-quote-is-layout-flow\">\n<p class=\"wp-block-paragraph\">Det har varit en s\u00e4rskild tid. F\u00f6rst intervjuerna, sedan boksl\u00e4ppet, det magiska. Sedan viktigt jobb som badande morfar med glassintresse.<\/p>\n<\/blockquote>\n\n\n\n<p class=\"wp-block-paragraph\">Livet \u00e4r ett underligt lopp. Du \u00e4r barn och springer intervall p\u00e5 en badstrand utan att du har en aning om att det \u00e4r intervaller. Du \u00e4r ung och jagar sekunder i ett terr\u00e4ngsp\u00e5r och vet precis vad du g\u00f6r. Du \u00e4r medel\u00e5lders och h\u00e5ller klubbens genomsnittstid i l\u00e5nga stafetten. Om bara inte bl\u00e5sljudet p\u00e5 hj\u00e4rtat, d\u00e5 skulle de minsann ha f\u00e5tt se\u2026 Du \u00e4r gammal och funderar \u00f6ver vem som lagt till tv\u00e5 minuter kilometern p\u00e5 din l\u00f6ptid p\u00e5 femkilometern. Hur gick det till?<\/p>\n\n\n\n<p class=\"wp-block-paragraph\">D\u00e4r var jag.<br>D\u00e4r \u00e4r jag.<\/p>\n\n\n\n<p class=\"wp-block-paragraph\">Tanken vet inte att kroppen g\u00e5r sakta. Tanken g\u00e5r inte styltigt nerf\u00f6r trappan, det f\u00f6rsta varje morgon. Tanken tror att den fortfarande springer intervall i varm sand vid ett tj\u00e4rn i Deje, V\u00e4rmland, v\u00e4stra Svealand, Sverige, Europeiska Unionen, Norra halvklotet, Jorden, Universum, Forshaga kommun, Nedre Ullerud. Hit och dit, bara f\u00f6r att den kan.<\/p>\n\n\n\n<p class=\"wp-block-paragraph\">Nu gal g\u00f6ken. Sverige \u00e4r varmt om nosen, klimatet har satt ig\u00e5ng sin v\u00e4rmepump, men g\u00f6ken gal p\u00e5 nionde veckan, det \u00e4r vad han kan.<\/p>\n\n\n\n<p class=\"wp-block-paragraph\">&#8211; Du har lyckats bra med marknadsf\u00f6ringen, s\u00e4ger en v\u00e4n som tycker han har l\u00e4st om min bok \u00f6verallt i v\u00e5ra lokala medier inklusive de sociala.<br>&#8211; Sa verkligen folk keps, sa de inte sportm\u00f6ssa? funderar en annan klok v\u00e4n.<br>&#8211; Hur g\u00e5r det med din cancer? undrar orolig 15-\u00e5ring i sl\u00e4kten.<br>&#8211; Tack bra. Behandlingen var intressant, varenda en i sjukv\u00e5rden var trevlig och professionell och i augusti vet jag resultatet.<\/p>\n\n\n\n<p class=\"wp-block-paragraph\">Torsdag. G\u00f6ken gal. I dag ska tv\u00e5 unga g\u00e4ster f\u00e5 sin bel\u00f6ning f\u00f6r att de badat fem dagar i str\u00e4ck. Vi sa s\u00e5. \u201dFem badningar, d\u00e5 f\u00e5r man den sj\u00e4tte.\u201d<br>Vad f\u00e5r man?<br>Man f\u00e5r en bel\u00f6ning. <\/p>\n\n\n\n<p class=\"has-text-align-right wp-block-paragraph\"><em>Foto: Per Inge Bergh<\/em><\/p>\n\n\n\n<p class=\"wp-block-paragraph\"><\/p>\n\n\n\n<p class=\"has-light-blue-background-color has-background wp-block-paragraph\"><a href=\"https:\/\/sven-ove.nu\/\">Hem<\/a>&nbsp;|&nbsp;<a href=\"https:\/\/sven-ove.nu\/?page_id=170\">Om mig<\/a>&nbsp;|&nbsp;<a href=\"https:\/\/sven-ove.nu\/?page_id=1385\">Skriva &amp; prata<\/a>&nbsp;|&nbsp;<a href=\"https:\/\/sven-ove.nu\/?page_id=100\">Politik<\/a>&nbsp;|&nbsp;<a href=\"https:\/\/sven-ove.nu\/?page_id=102\">L\u00f6pa<\/a>&nbsp;|&nbsp;<a href=\"https:\/\/sven-ove.nu\/?page_id=108\">Viktor Root<\/a>&nbsp;&nbsp;<br><em>Inl\u00e4gg nr 2 274, (c) Sven-Ove Svensson (men dela g\u00e4rna<\/em>).<\/p>\n","protected":false},"excerpt":{"rendered":"<p>Det har varit en s\u00e4rskild tid. F\u00f6rst intervjuerna, sedan boksl\u00e4ppet, det magiska. Sedan viktigt jobb som badande morfar med glassintresse. Livet \u00e4r ett underligt lopp. Du \u00e4r barn och springer intervall p\u00e5 en badstrand utan att du har en aning om att det \u00e4r intervaller. Du \u00e4r ung och jagar sekunder i ett terr\u00e4ngsp\u00e5r och &hellip; <a href=\"https:\/\/sven-ove.nu\/?p=25530\" class=\"more-link\">Forts\u00e4tt l\u00e4sa <span class=\"screen-reader-text\">Tanken vet inte att kroppen g\u00e5r sakta<\/span><\/a><\/p>\n","protected":false},"author":1,"featured_media":0,"comment_status":"closed","ping_status":"open","sticky":false,"template":"","format":"standard","meta":{"_crdt_document":"","_monsterinsights_skip_tracking":false,"_monsterinsights_sitenote_active":false,"_monsterinsights_sitenote_note":"","_monsterinsights_sitenote_category":0,"footnotes":""},"categories":[10,5,6],"tags":[8,24,18],"class_list":["post-25530","post","type-post","status-publish","format-standard","hentry","category-familjen","category-lopning","category-natur","tag-historia","tag-karlek","tag-lardomar"],"_links":{"self":[{"href":"https:\/\/sven-ove.nu\/index.php?rest_route=\/wp\/v2\/posts\/25530","targetHints":{"allow":["GET"]}}],"collection":[{"href":"https:\/\/sven-ove.nu\/index.php?rest_route=\/wp\/v2\/posts"}],"about":[{"href":"https:\/\/sven-ove.nu\/index.php?rest_route=\/wp\/v2\/types\/post"}],"author":[{"embeddable":true,"href":"https:\/\/sven-ove.nu\/index.php?rest_route=\/wp\/v2\/users\/1"}],"replies":[{"embeddable":true,"href":"https:\/\/sven-ove.nu\/index.php?rest_route=%2Fwp%2Fv2%2Fcomments&post=25530"}],"version-history":[{"count":3,"href":"https:\/\/sven-ove.nu\/index.php?rest_route=\/wp\/v2\/posts\/25530\/revisions"}],"predecessor-version":[{"id":25534,"href":"https:\/\/sven-ove.nu\/index.php?rest_route=\/wp\/v2\/posts\/25530\/revisions\/25534"}],"wp:attachment":[{"href":"https:\/\/sven-ove.nu\/index.php?rest_route=%2Fwp%2Fv2%2Fmedia&parent=25530"}],"wp:term":[{"taxonomy":"category","embeddable":true,"href":"https:\/\/sven-ove.nu\/index.php?rest_route=%2Fwp%2Fv2%2Fcategories&post=25530"},{"taxonomy":"post_tag","embeddable":true,"href":"https:\/\/sven-ove.nu\/index.php?rest_route=%2Fwp%2Fv2%2Ftags&post=25530"}],"curies":[{"name":"wp","href":"https:\/\/api.w.org\/{rel}","templated":true}]}}