{"id":25557,"date":"2023-07-10T04:14:00","date_gmt":"2023-07-10T03:14:00","guid":{"rendered":"https:\/\/sven-ove.nu\/?p=25557"},"modified":"2023-07-09T16:23:36","modified_gmt":"2023-07-09T15:23:36","slug":"upprorisk-teater-frimodig-konfirmation-och-handboll-i-hallande-regn","status":"publish","type":"post","link":"https:\/\/sven-ove.nu\/?p=25557","title":{"rendered":"Upprorisk teater, frimodig konfirmation och handboll i h\u00e4llande regn"},"content":{"rendered":"\n<figure class=\"wp-block-image size-large\"><a href=\"https:\/\/sven-ove.nu\/wp-content\/uploads\/2023\/07\/Badare-scaled.jpg\"><img loading=\"lazy\" decoding=\"async\" width=\"924\" height=\"1024\" src=\"https:\/\/sven-ove.nu\/wp-content\/uploads\/2023\/07\/Badare-924x1024.jpg\" alt=\"\" class=\"wp-image-25559\" srcset=\"https:\/\/sven-ove.nu\/wp-content\/uploads\/2023\/07\/Badare-924x1024.jpg 924w, https:\/\/sven-ove.nu\/wp-content\/uploads\/2023\/07\/Badare-271x300.jpg 271w, https:\/\/sven-ove.nu\/wp-content\/uploads\/2023\/07\/Badare-768x851.jpg 768w, https:\/\/sven-ove.nu\/wp-content\/uploads\/2023\/07\/Badare-1386x1536.jpg 1386w, https:\/\/sven-ove.nu\/wp-content\/uploads\/2023\/07\/Badare-1848x2048.jpg 1848w\" sizes=\"auto, (max-width: 924px) 100vw, 924px\" \/><\/a><\/figure>\n\n\n\n<blockquote class=\"wp-block-quote is-layout-flow wp-block-quote-is-layout-flow\">\n<p class=\"wp-block-paragraph\">Att vara morfar \u00e4r allm\u00e4nbildande. Nyss hade jag badvecka med de yngsta tv\u00e5. I helgen fick jag g\u00e5 p\u00e5 vacker konfirmation, upprorisk familjeteater och v\u00e4rldens st\u00f6rsta handbollsturnering.<\/p>\n<\/blockquote>\n\n\n\n<p class=\"wp-block-paragraph\">&#8211; Badar ni fem dagar i str\u00e4ck s\u00e5 f\u00e5r ni den sj\u00e4tte gratis, sa vi. N\u00e5ja, badarnas mormor \u00e4r erfaren f\u00f6rhandlare och eftersom alla traktens friluftsbad var gratis s\u00e5 s\u00e5g hon till att vi fick glass i st\u00e4llet som bel\u00f6ning. V\u00e5r favoritkraftstation i Deje hade goda glassb\u00e4gare \u00e5t alla. Lenas L\u00e4ckerbit sm\u00e4lte fint i den h\u00e4r pratkvarnen.<\/p>\n\n\n\n<p class=\"wp-block-paragraph\"><strong>Handboll i regn<\/strong><br>Nu i helgen for vi v\u00e4sterut. Det \u00e4r en s\u00e4regen upplevelse att vara publik i handbollsturneringen <strong>Partille Cup<\/strong>. 1 191 lag fr\u00e5n 34 nationer spelar 4 093 matcher och mitt i allt \u00e4r vi tv\u00e5 morf\u00f6r\u00e4ldrar som st\u00e5r och hejar p\u00e5 en m\u00e5lvakt vi k\u00e4nner. Handboll utomhus, det har jag aldrig sett f\u00f6rut. Mitt i gyttret st\u00e5r vi, mitt i h\u00e4llande regn. \u00d6verallt p\u00e5 Heden och Kviberg p\u00e5g\u00e5r matcher. Domarvisslor ljuder genom luften, d\u00e5 och d\u00e5 blir det m\u00e5l, d\u00e5 och d\u00e5 kommer fel boll inrullande fr\u00e5n n\u00e5gon av matcherna en bit bort.<br>&#8211; I morrn ska vi spela p\u00e5 plan 12. V\u00e4nta, det \u00e4r \u00e4ndrat till 14.<\/p>\n\n\n\n<p class=\"wp-block-paragraph\"><strong>Ljuvligt sa Mosesson<\/strong><br>P\u00e5 fredagseftermiddagen f\u00f6ljer jag med v\u00e5r handbollsm\u00e5lvakt till M\u00f6lndal. Hennes storebror \u00e4r regiassistent och sj\u00e4lv spelar hon \u00e4n en g\u00e5ng gurka, sp\u00f6ke och val i Nationalteaterns pj\u00e4s <strong>K\u00e5ldolmar &amp; Kalsipper.<\/strong> Sj\u00e4lv blir jag inkallad som publikvakt ty teaterkulisser \u00e4r \u00f6mt\u00e5liga saker. N\u00e4r spelet b\u00f6rjar fylls jag \u00e4n en g\u00e5ng av minnen fr\u00e5n 1970-talet. I Expressen ger Hans Mosesson ungef\u00e4r samtidigt sitt betyg \u00e5t upps\u00e4ttningen, han har ocks\u00e5 sett den tv\u00e5 g\u00e5nger:<\/p>\n\n\n\n<p class=\"wp-block-paragraph\"><em>\u201dVad ligger dig d\u00e5 n\u00e4rmast om hj\u00e4rtat? \u00c4r det Ica-Stig eller Nationalteatern?<\/em><\/p>\n\n\n\n<p class=\"wp-block-paragraph\"><em>\u2013 Det \u00e4r Nationalteatern givetvis. Jag tycker nog vi gjorde en del nytta som turnerande teaters\u00e4llskap, men framf\u00f6r allt i G\u00f6teborgs f\u00f6rorter. De \u00e5ren vill jag verkligen inte ha ogjort. H\u00e4romdagen tog jag faktiskt mina tre vuxna pojkar med mig och tittade p\u00e5 \u2019K\u00e5ldolmar &amp; kalsipper\u2019 som en teater i M\u00f6lndal har satt upp i en liten skogsgl\u00e4nta. Det var en fantastisk upplevelse att efter 50 \u00e5r f\u00e5 se sina gamla produkter leva med en fart och frejdighet. Helt ljuvligt faktiskt.\u201d<\/em><\/p>\n\n\n\n<p class=\"wp-block-paragraph\"><strong>Fattar frimodigt mikrofonen<\/strong><br>P\u00e5 l\u00f6rdagen \u00e4r det <strong>konfirmation<\/strong> i Vasakyrkan. En upplevelse det med, s\u00e5 fj\u00e4rran fr\u00e5n n\u00e4r vi sj\u00e4lva blev f\u00f6rh\u00f6rda av v\u00e5r tids konfirmationspr\u00e4ster.<br>&#8211; Vad gjorde Jesus i p\u00e5sk? s\u00e4ger en av ungdomarna framme vid koret.<br>&#8211; Han hade ingenting spikat.<\/p>\n\n\n\n<p class=\"wp-block-paragraph\">Frimodigt tar v\u00e5rt n\u00e4st \u00e4ldsta barnbarn mikrofonen och leder f\u00f6rest\u00e4llningen f\u00f6r ett tag. Det hade jag aldrig v\u00e5gat g\u00f6ra i den \u00e5ldern. \u00c4n en g\u00e5ng blir vi stolta. De k\u00e4mpar, v\u00e5ra ungdomar. Lika \u00e4r de inte alltid, det \u00e4r inte vi heller, men de g\u00f6r oss lika stolta.<\/p>\n\n\n\n<p class=\"wp-block-paragraph\">Sm\u00f6rg\u00e5st\u00e5rta, bubbel, presenter, stort och sm\u00e5tt prat med sl\u00e4ktingar runt l\u00e5ngbord. Den h\u00e4r sommaren \u00e4r det s\u00e4rskilt fint att bli p\u00e5mind om k\u00e4rlek, stolthet och det levande livet.<\/p>\n\n\n\n<p class=\"wp-block-paragraph\"><em>### \u00c4n \u00e4r jag inte orolig f\u00f6r beskedet den 10:e augusti.<\/em><br><em>### Men tror du att jag bara skriver om s\u00e5nt som \u00e5r perfekt i sociala medier s\u00e5 tror du fel.<\/em><br><em>### Att beh\u00f6va f\u00e5 22 str\u00e5lningar \u00e4r inte helt perfekt.<\/em><\/p>\n\n\n\n<p class=\"wp-block-paragraph\"><em>Tack \u00e4nd\u00e5, skattebetalare. Den senaste h\u00f6stens, vinterns, v\u00e5rens och f\u00f6rsommarens turn\u00e9 i mellansvensk sjukv\u00e5rd har jag inte betalat sj\u00e4lv.<\/em><\/p>\n\n\n\n<figure class=\"wp-block-image size-large\"><a href=\"https:\/\/sven-ove.nu\/wp-content\/uploads\/2023\/07\/Malvakt.jpeg\"><img loading=\"lazy\" decoding=\"async\" width=\"1024\" height=\"681\" src=\"https:\/\/sven-ove.nu\/wp-content\/uploads\/2023\/07\/Malvakt-1024x681.jpeg\" alt=\"\" class=\"wp-image-25558\" srcset=\"https:\/\/sven-ove.nu\/wp-content\/uploads\/2023\/07\/Malvakt-1024x681.jpeg 1024w, https:\/\/sven-ove.nu\/wp-content\/uploads\/2023\/07\/Malvakt-300x200.jpeg 300w, https:\/\/sven-ove.nu\/wp-content\/uploads\/2023\/07\/Malvakt-768x511.jpeg 768w, https:\/\/sven-ove.nu\/wp-content\/uploads\/2023\/07\/Malvakt-1536x1022.jpeg 1536w, https:\/\/sven-ove.nu\/wp-content\/uploads\/2023\/07\/Malvakt-2048x1362.jpeg 2048w\" sizes=\"auto, (max-width: 1024px) 100vw, 1024px\" \/><\/a><\/figure>\n\n\n\n<figure class=\"wp-block-image size-large\"><a href=\"https:\/\/sven-ove.nu\/wp-content\/uploads\/2023\/07\/Kaldolmar.jpg\"><img loading=\"lazy\" decoding=\"async\" width=\"997\" height=\"1024\" src=\"https:\/\/sven-ove.nu\/wp-content\/uploads\/2023\/07\/Kaldolmar-997x1024.jpg\" alt=\"\" class=\"wp-image-25560\" srcset=\"https:\/\/sven-ove.nu\/wp-content\/uploads\/2023\/07\/Kaldolmar-997x1024.jpg 997w, https:\/\/sven-ove.nu\/wp-content\/uploads\/2023\/07\/Kaldolmar-292x300.jpg 292w, https:\/\/sven-ove.nu\/wp-content\/uploads\/2023\/07\/Kaldolmar-768x789.jpg 768w, https:\/\/sven-ove.nu\/wp-content\/uploads\/2023\/07\/Kaldolmar-1496x1536.jpg 1496w, https:\/\/sven-ove.nu\/wp-content\/uploads\/2023\/07\/Kaldolmar.jpg 1684w\" sizes=\"auto, (max-width: 997px) 100vw, 997px\" \/><\/a><\/figure>\n\n\n\n<figure class=\"wp-block-image size-full\"><a href=\"https:\/\/sven-ove.nu\/wp-content\/uploads\/2023\/07\/frimod.jpg\"><img loading=\"lazy\" decoding=\"async\" width=\"828\" height=\"680\" src=\"https:\/\/sven-ove.nu\/wp-content\/uploads\/2023\/07\/frimod.jpg\" alt=\"\" class=\"wp-image-25561\" srcset=\"https:\/\/sven-ove.nu\/wp-content\/uploads\/2023\/07\/frimod.jpg 828w, https:\/\/sven-ove.nu\/wp-content\/uploads\/2023\/07\/frimod-300x246.jpg 300w, https:\/\/sven-ove.nu\/wp-content\/uploads\/2023\/07\/frimod-768x631.jpg 768w\" sizes=\"auto, (max-width: 828px) 100vw, 828px\" \/><\/a><\/figure>\n\n\n\n<p class=\"wp-block-paragraph\"><\/p>\n\n\n\n<p class=\"has-background wp-block-paragraph\" style=\"background-color:#f60b0b\"><a href=\"https:\/\/sven-ove.nu\/\">Hem<\/a>&nbsp;|&nbsp;<a href=\"https:\/\/sven-ove.nu\/?page_id=170\">Om mig<\/a>&nbsp;|&nbsp;<a href=\"https:\/\/sven-ove.nu\/?page_id=1385\">Skriva &amp; prata<\/a>&nbsp;|&nbsp;<a href=\"https:\/\/sven-ove.nu\/?page_id=100\">Politik<\/a>&nbsp;|&nbsp;<a href=\"https:\/\/sven-ove.nu\/?page_id=102\">L\u00f6pa<\/a>&nbsp;|&nbsp;<a href=\"https:\/\/sven-ove.nu\/?page_id=108\">Viktor Root<\/a>&nbsp;&nbsp;<br><em>Inl\u00e4gg nr 2 276, (c) Sven-Ove Svensson (men dela g\u00e4rna<\/em>)<\/p>\n","protected":false},"excerpt":{"rendered":"<p>Att vara morfar \u00e4r allm\u00e4nbildande. Nyss hade jag badvecka med de yngsta tv\u00e5. I helgen fick jag g\u00e5 p\u00e5 vacker konfirmation, upprorisk familjeteater och v\u00e4rldens st\u00f6rsta handbollsturnering. &#8211; Badar ni fem dagar i str\u00e4ck s\u00e5 f\u00e5r ni den sj\u00e4tte gratis, sa vi. N\u00e5ja, badarnas mormor \u00e4r erfaren f\u00f6rhandlare och eftersom alla traktens friluftsbad var gratis &hellip; <a href=\"https:\/\/sven-ove.nu\/?p=25557\" class=\"more-link\">Forts\u00e4tt l\u00e4sa <span class=\"screen-reader-text\">Upprorisk teater, frimodig konfirmation och handboll i h\u00e4llande regn<\/span><\/a><\/p>\n","protected":false},"author":1,"featured_media":0,"comment_status":"closed","ping_status":"open","sticky":false,"template":"","format":"standard","meta":{"_crdt_document":"","_monsterinsights_skip_tracking":false,"_monsterinsights_sitenote_active":false,"_monsterinsights_sitenote_note":"","_monsterinsights_sitenote_category":0,"footnotes":""},"categories":[10,28,9,4],"tags":[8,24,18,15,17],"class_list":["post-25557","post","type-post","status-publish","format-standard","hentry","category-familjen","category-kreativt-folk","category-politik","category-skrivande","tag-historia","tag-karlek","tag-lardomar","tag-mediedjungeln","tag-solidaritet"],"_links":{"self":[{"href":"https:\/\/sven-ove.nu\/index.php?rest_route=\/wp\/v2\/posts\/25557","targetHints":{"allow":["GET"]}}],"collection":[{"href":"https:\/\/sven-ove.nu\/index.php?rest_route=\/wp\/v2\/posts"}],"about":[{"href":"https:\/\/sven-ove.nu\/index.php?rest_route=\/wp\/v2\/types\/post"}],"author":[{"embeddable":true,"href":"https:\/\/sven-ove.nu\/index.php?rest_route=\/wp\/v2\/users\/1"}],"replies":[{"embeddable":true,"href":"https:\/\/sven-ove.nu\/index.php?rest_route=%2Fwp%2Fv2%2Fcomments&post=25557"}],"version-history":[{"count":2,"href":"https:\/\/sven-ove.nu\/index.php?rest_route=\/wp\/v2\/posts\/25557\/revisions"}],"predecessor-version":[{"id":25563,"href":"https:\/\/sven-ove.nu\/index.php?rest_route=\/wp\/v2\/posts\/25557\/revisions\/25563"}],"wp:attachment":[{"href":"https:\/\/sven-ove.nu\/index.php?rest_route=%2Fwp%2Fv2%2Fmedia&parent=25557"}],"wp:term":[{"taxonomy":"category","embeddable":true,"href":"https:\/\/sven-ove.nu\/index.php?rest_route=%2Fwp%2Fv2%2Fcategories&post=25557"},{"taxonomy":"post_tag","embeddable":true,"href":"https:\/\/sven-ove.nu\/index.php?rest_route=%2Fwp%2Fv2%2Ftags&post=25557"}],"curies":[{"name":"wp","href":"https:\/\/api.w.org\/{rel}","templated":true}]}}