{"id":25565,"date":"2023-07-13T21:36:15","date_gmt":"2023-07-13T20:36:15","guid":{"rendered":"https:\/\/sven-ove.nu\/?p=25565"},"modified":"2023-07-13T22:02:14","modified_gmt":"2023-07-13T21:02:14","slug":"erdogan-kommer-pa-krav","status":"publish","type":"post","link":"https:\/\/sven-ove.nu\/?p=25565","title":{"rendered":"KRAV-odlare Erdogan"},"content":{"rendered":"\n<figure class=\"wp-block-image size-large\"><a href=\"https:\/\/sven-ove.nu\/wp-content\/uploads\/2023\/07\/Tunga-moln-scaled.jpg\"><img loading=\"lazy\" decoding=\"async\" width=\"1024\" height=\"597\" src=\"https:\/\/sven-ove.nu\/wp-content\/uploads\/2023\/07\/Tunga-moln-1024x597.jpg\" alt=\"\" class=\"wp-image-25566\" srcset=\"https:\/\/sven-ove.nu\/wp-content\/uploads\/2023\/07\/Tunga-moln-1024x597.jpg 1024w, https:\/\/sven-ove.nu\/wp-content\/uploads\/2023\/07\/Tunga-moln-300x175.jpg 300w, https:\/\/sven-ove.nu\/wp-content\/uploads\/2023\/07\/Tunga-moln-768x447.jpg 768w, https:\/\/sven-ove.nu\/wp-content\/uploads\/2023\/07\/Tunga-moln-1536x895.jpg 1536w, https:\/\/sven-ove.nu\/wp-content\/uploads\/2023\/07\/Tunga-moln-2048x1193.jpg 2048w\" sizes=\"auto, (max-width: 1024px) 100vw, 1024px\" \/><\/a><\/figure>\n\n\n\n<p class=\"wp-block-paragraph\"><\/p>\n\n\n\n<p class=\"wp-block-paragraph\"><strong>FREDAG<\/strong>:<br>Erdogan kr\u00e4ver att f\u00e5 bli s\u00e5ngare i Sven-Ingvars.<\/p>\n\n\n\n<p class=\"wp-block-paragraph\"><strong>L\u00d6RDAG<\/strong>:<br>Erdogan kr\u00e4ver att f\u00e5 vinna Svenska Rallyt, Liding\u00f6loppet och Gothenburg Horse Show.<\/p>\n\n\n\n<p class=\"wp-block-paragraph\"><strong>S\u00d6NDAG<\/strong>:<br>Erdogan kr\u00e4ver att f\u00e5 bli omslagspojke p\u00e5 Kalles kaviar, Turkisk yoghurt och Pringles.<\/p>\n\n\n\n<p class=\"wp-block-paragraph\"><strong>M\u00c5NDAG<\/strong>:<br>Erdogan kr\u00e4ver att f\u00e5 bli pausf\u00e5gel i P2, testbild i SVT samt Herr G\u00e5rman p\u00e5 Trafikverkets skyltar.<\/p>\n\n\n\n<p class=\"wp-block-paragraph\">F\u00f6r det vill han.<br>Annars \u00e4r inte han med.<\/p>\n\n\n\n<p class=\"wp-block-paragraph\">&#8230; och KRAV-odlare i <a href=\"https:\/\/www.svtplay.se\/tradgardstider\">Tr\u00e4dg\u00e5rdstider<\/a>.<\/p>\n\n\n\n<p class=\"has-light-blue-background-color has-background wp-block-paragraph\"><a href=\"https:\/\/sven-ove.nu\/\">Hem<\/a>&nbsp;|&nbsp;<a href=\"https:\/\/sven-ove.nu\/?page_id=170\">Om mig<\/a>&nbsp;|&nbsp;<a href=\"https:\/\/sven-ove.nu\/?page_id=1385\">Skriva &amp; prata<\/a>&nbsp;|&nbsp;<a href=\"https:\/\/sven-ove.nu\/?page_id=100\">Politik<\/a>&nbsp;|&nbsp;<a href=\"https:\/\/sven-ove.nu\/?page_id=102\">L\u00f6pa<\/a>&nbsp;|&nbsp;<a href=\"https:\/\/sven-ove.nu\/?page_id=108\">Viktor Root<\/a>&nbsp;&nbsp;<br><em>Inl\u00e4gg nr 2 277, (c) Sven-Ove Svensson (men dela g\u00e4rna<\/em>)<\/p>\n","protected":false},"excerpt":{"rendered":"<p>FREDAG:Erdogan kr\u00e4ver att f\u00e5 bli s\u00e5ngare i Sven-Ingvars. L\u00d6RDAG:Erdogan kr\u00e4ver att f\u00e5 vinna Svenska Rallyt, Liding\u00f6loppet och Gothenburg Horse Show. S\u00d6NDAG:Erdogan kr\u00e4ver att f\u00e5 bli omslagspojke p\u00e5 Kalles kaviar, Turkisk yoghurt och Pringles. M\u00c5NDAG:Erdogan kr\u00e4ver att f\u00e5 bli pausf\u00e5gel i P2, testbild i SVT samt Herr G\u00e5rman p\u00e5 Trafikverkets skyltar. F\u00f6r det vill han.Annars \u00e4r &hellip; <a href=\"https:\/\/sven-ove.nu\/?p=25565\" class=\"more-link\">Forts\u00e4tt l\u00e4sa <span class=\"screen-reader-text\">KRAV-odlare Erdogan<\/span><\/a><\/p>\n","protected":false},"author":1,"featured_media":0,"comment_status":"closed","ping_status":"open","sticky":false,"template":"","format":"standard","meta":{"_crdt_document":"","_monsterinsights_skip_tracking":false,"_monsterinsights_sitenote_active":false,"_monsterinsights_sitenote_note":"","_monsterinsights_sitenote_category":0,"footnotes":""},"categories":[9],"tags":[16],"class_list":["post-25565","post","type-post","status-publish","format-standard","hentry","category-politik","tag-dumheter"],"_links":{"self":[{"href":"https:\/\/sven-ove.nu\/index.php?rest_route=\/wp\/v2\/posts\/25565","targetHints":{"allow":["GET"]}}],"collection":[{"href":"https:\/\/sven-ove.nu\/index.php?rest_route=\/wp\/v2\/posts"}],"about":[{"href":"https:\/\/sven-ove.nu\/index.php?rest_route=\/wp\/v2\/types\/post"}],"author":[{"embeddable":true,"href":"https:\/\/sven-ove.nu\/index.php?rest_route=\/wp\/v2\/users\/1"}],"replies":[{"embeddable":true,"href":"https:\/\/sven-ove.nu\/index.php?rest_route=%2Fwp%2Fv2%2Fcomments&post=25565"}],"version-history":[{"count":9,"href":"https:\/\/sven-ove.nu\/index.php?rest_route=\/wp\/v2\/posts\/25565\/revisions"}],"predecessor-version":[{"id":25575,"href":"https:\/\/sven-ove.nu\/index.php?rest_route=\/wp\/v2\/posts\/25565\/revisions\/25575"}],"wp:attachment":[{"href":"https:\/\/sven-ove.nu\/index.php?rest_route=%2Fwp%2Fv2%2Fmedia&parent=25565"}],"wp:term":[{"taxonomy":"category","embeddable":true,"href":"https:\/\/sven-ove.nu\/index.php?rest_route=%2Fwp%2Fv2%2Fcategories&post=25565"},{"taxonomy":"post_tag","embeddable":true,"href":"https:\/\/sven-ove.nu\/index.php?rest_route=%2Fwp%2Fv2%2Ftags&post=25565"}],"curies":[{"name":"wp","href":"https:\/\/api.w.org\/{rel}","templated":true}]}}