{"id":25595,"date":"2023-07-17T05:28:55","date_gmt":"2023-07-17T04:28:55","guid":{"rendered":"https:\/\/sven-ove.nu\/?p=25595"},"modified":"2023-07-18T06:09:27","modified_gmt":"2023-07-18T05:09:27","slug":"skam-gar-pa-torra-land","status":"publish","type":"post","link":"https:\/\/sven-ove.nu\/?p=25595","title":{"rendered":"Skam g\u00e5r p\u00e5 torra land"},"content":{"rendered":"\n<figure class=\"wp-block-image size-large\"><a href=\"https:\/\/sven-ove.nu\/wp-content\/uploads\/2023\/07\/Skog-2-scaled.jpeg\"><img loading=\"lazy\" decoding=\"async\" width=\"1024\" height=\"1024\" src=\"https:\/\/sven-ove.nu\/wp-content\/uploads\/2023\/07\/Skog-2-1024x1024.jpeg\" alt=\"\" class=\"wp-image-25596\" srcset=\"https:\/\/sven-ove.nu\/wp-content\/uploads\/2023\/07\/Skog-2-1024x1024.jpeg 1024w, https:\/\/sven-ove.nu\/wp-content\/uploads\/2023\/07\/Skog-2-300x300.jpeg 300w, https:\/\/sven-ove.nu\/wp-content\/uploads\/2023\/07\/Skog-2-150x150.jpeg 150w, https:\/\/sven-ove.nu\/wp-content\/uploads\/2023\/07\/Skog-2-768x768.jpeg 768w, https:\/\/sven-ove.nu\/wp-content\/uploads\/2023\/07\/Skog-2-1536x1536.jpeg 1536w, https:\/\/sven-ove.nu\/wp-content\/uploads\/2023\/07\/Skog-2-2048x2048.jpeg 2048w\" sizes=\"auto, (max-width: 1024px) 100vw, 1024px\" \/><\/a><\/figure>\n\n\n\n<blockquote class=\"wp-block-quote is-layout-flow wp-block-quote-is-layout-flow\">\n<p class=\"wp-block-paragraph\">Skam \u00e4r ordet.<\/p>\n<\/blockquote>\n\n\n\n<p class=\"wp-block-paragraph\">Det \u00e4r skamligt att klyftorna i Sverige \u00e4r djupare nu \u00e4n n\u00e5gonsin under mitt 72-\u00e5riga liv. Varje m\u00e5nad f\u00e5r v\u00e5rt land 14 nya miljard\u00e4rer.<\/p>\n\n\n\n<p class=\"wp-block-paragraph\">Det \u00e4r skamligt att socialdemokratin inte gjort n\u00e5got \u00e5t detta n\u00e4r man kunde och inte s\u00e4ger n\u00e5got om saken nu. Hur or\u00e4ttvis ska en or\u00e4ttvisa f\u00e5 vara innan den \u00f6verg\u00e5r till n\u00e5got annat, v\u00e4rre?<\/p>\n\n\n\n<p class=\"wp-block-paragraph\">Det \u00e4r skamligt att v\u00e5ra myndigheter utvisar 10-\u00e5ringar som \u00e4r f\u00f6dda i Sverige till ett land i Afrika d\u00e4r de aldrig varit och inte kan spr\u00e5ket. Svenska folket brukade sk\u00e4mmas f\u00f6r baltutl\u00e4mningen 1946. Nu har utl\u00e4mningen blivit rutin.<\/p>\n\n\n\n<p class=\"wp-block-paragraph\">Det \u00e4r skamligt att hetsa mot andra folkgrupper genom att br\u00e4nna deras heliga skrifter. Du m\u00e5ste inte g\u00f6ra allt du f\u00e5r. Du m\u00e5ste inte missbruka den yttrandefrihet svenska folket har k\u00e4mpat sig till.<\/p>\n\n\n\n<p class=\"wp-block-paragraph\">Det \u00e4r skamligt att missbruka den.<\/p>\n\n\n\n<p class=\"wp-block-paragraph\">Putins anfallskrig mot Ukraina \u00e4r skamligt. Att svenska folket som producerar mer str\u00f6m \u00e4n vi sj\u00e4lva beh\u00f6ver ska beh\u00f6va betala fantasipriser f\u00f6r elen de dagar n\u00e4r kontinenten har brist \u00e4r skamligt. Att ett parti som nyss var kristet och ett annat som nyss var liberalt v\u00e4ljer att styra p\u00e5 n\u00e5der fr\u00e5n ett fr\u00e4mlingsfientligt parti \u00e4r skamligt.<\/p>\n\n\n\n<p class=\"wp-block-paragraph\">Stor skam.<\/p>\n\n\n\n<p class=\"has-light-gray-background-color has-background wp-block-paragraph\"><a href=\"https:\/\/sven-ove.nu\/\">Hem<\/a>&nbsp;|&nbsp;<a href=\"https:\/\/sven-ove.nu\/?page_id=170\">Om mig<\/a>&nbsp;|&nbsp;<a href=\"https:\/\/sven-ove.nu\/?page_id=1385\">Skriva &amp; prata<\/a>&nbsp;|&nbsp;<a href=\"https:\/\/sven-ove.nu\/?page_id=100\">Politik<\/a>&nbsp;|&nbsp;<a href=\"https:\/\/sven-ove.nu\/?page_id=102\">L\u00f6pa<\/a>&nbsp;|&nbsp;<a href=\"https:\/\/sven-ove.nu\/?page_id=108\">Viktor Root<\/a>&nbsp;&nbsp;<br><em>Inl\u00e4gg nr 2 279, (c) Sven-Ove Svensson (men dela g\u00e4rna<\/em>)<\/p>\n","protected":false},"excerpt":{"rendered":"<p>Skam \u00e4r ordet. Det \u00e4r skamligt att klyftorna i Sverige \u00e4r djupare nu \u00e4n n\u00e5gonsin under mitt 72-\u00e5riga liv. Varje m\u00e5nad f\u00e5r v\u00e5rt land 14 nya miljard\u00e4rer. Det \u00e4r skamligt att socialdemokratin inte gjort n\u00e5got \u00e5t detta n\u00e4r man kunde och inte s\u00e4ger n\u00e5got om saken nu. Hur or\u00e4ttvis ska en or\u00e4ttvisa f\u00e5 vara innan &hellip; <a href=\"https:\/\/sven-ove.nu\/?p=25595\" class=\"more-link\">Forts\u00e4tt l\u00e4sa <span class=\"screen-reader-text\">Skam g\u00e5r p\u00e5 torra land<\/span><\/a><\/p>\n","protected":false},"author":1,"featured_media":0,"comment_status":"closed","ping_status":"open","sticky":false,"template":"","format":"standard","meta":{"_crdt_document":"","_monsterinsights_skip_tracking":false,"_monsterinsights_sitenote_active":false,"_monsterinsights_sitenote_note":"","_monsterinsights_sitenote_category":0,"footnotes":""},"categories":[9],"tags":[16,8,18],"class_list":["post-25595","post","type-post","status-publish","format-standard","hentry","category-politik","tag-dumheter","tag-historia","tag-lardomar"],"_links":{"self":[{"href":"https:\/\/sven-ove.nu\/index.php?rest_route=\/wp\/v2\/posts\/25595","targetHints":{"allow":["GET"]}}],"collection":[{"href":"https:\/\/sven-ove.nu\/index.php?rest_route=\/wp\/v2\/posts"}],"about":[{"href":"https:\/\/sven-ove.nu\/index.php?rest_route=\/wp\/v2\/types\/post"}],"author":[{"embeddable":true,"href":"https:\/\/sven-ove.nu\/index.php?rest_route=\/wp\/v2\/users\/1"}],"replies":[{"embeddable":true,"href":"https:\/\/sven-ove.nu\/index.php?rest_route=%2Fwp%2Fv2%2Fcomments&post=25595"}],"version-history":[{"count":2,"href":"https:\/\/sven-ove.nu\/index.php?rest_route=\/wp\/v2\/posts\/25595\/revisions"}],"predecessor-version":[{"id":25598,"href":"https:\/\/sven-ove.nu\/index.php?rest_route=\/wp\/v2\/posts\/25595\/revisions\/25598"}],"wp:attachment":[{"href":"https:\/\/sven-ove.nu\/index.php?rest_route=%2Fwp%2Fv2%2Fmedia&parent=25595"}],"wp:term":[{"taxonomy":"category","embeddable":true,"href":"https:\/\/sven-ove.nu\/index.php?rest_route=%2Fwp%2Fv2%2Fcategories&post=25595"},{"taxonomy":"post_tag","embeddable":true,"href":"https:\/\/sven-ove.nu\/index.php?rest_route=%2Fwp%2Fv2%2Ftags&post=25595"}],"curies":[{"name":"wp","href":"https:\/\/api.w.org\/{rel}","templated":true}]}}